{"id":940,"date":"2015-05-18T09:16:18","date_gmt":"2015-05-18T07:16:18","guid":{"rendered":"http:\/\/chateausuau.com\/?p=940"},"modified":"2020-01-28T17:40:22","modified_gmt":"2020-01-28T16:40:22","slug":"bordeaux-fete-le-fleuve-demandez-le-programme","status":"publish","type":"post","link":"https:\/\/chateausuau.com\/fr\/bordeaux-fete-le-fleuve-demandez-le-programme\/","title":{"rendered":"Bordeaux f\u00eate le fleuve : demandez le programme !"},"content":{"rendered":"<p><a href=\"http:\/\/chateausuau.com\/wp-content\/uploads\/2015\/05\/Steve-Le-Clech.jpg\" data-rel=\"lightbox-gallery-6RTgTGUr\" data-rl_title=\"\" data-rl_caption=\"\" title=\"\"><img loading=\"lazy\" decoding=\"async\" src=\"http:\/\/chateausuau.com\/wp-content\/uploads\/2015\/05\/Steve-Le-Clech.jpg\" alt=\"Bordeaux f\u00eate le fleuve\" width=\"640\" height=\"526\" class=\"alignnone size-full wp-image-947\" srcset=\"https:\/\/chateausuau.com\/wp-content\/uploads\/2015\/05\/Steve-Le-Clech.jpg 640w, https:\/\/chateausuau.com\/wp-content\/uploads\/2015\/05\/Steve-Le-Clech-300x247.jpg 300w\" sizes=\"auto, (max-width: 640px) 100vw, 640px\" \/><\/a><\/p>\n<p><strong>Entre Bordeaux et son fleuve, c&rsquo;est une histoire d&rsquo;amour qui ne date pas d&rsquo;hier. Pour la 9\u00e8me fois, la ville se pr\u00e9pare \u00e0 honorer ses flots. D\u00e8s le 22 et jusqu&rsquo;au 31 mai, la belle endormie ne fermera pas l\u2019\u0153il de la nuit. Au programme des festivit\u00e9s de cette nouvelle \u00e9dition de <strong>Bordeaux f\u00eate le fleuve<\/strong> : concerts, course de natation, feux d&rsquo;artifice, solitaire du Figaro. Demandez le programme !  <\/strong><\/p>\n<p><strong>Maman les grands bateaux <\/strong><br \/>\nLa soir\u00e9e d&rsquo;inauguration donnera le ton avec l&rsquo;entr\u00e9e majestueuse du mythique trois-m\u00e2ts \u00ab\u00a0Belem\u00a0\u00bb suivi des 40 skippers de la Solitaire du Figaro Eric Bompard Cachemire. Rendez-vous <strong>d\u00e8s 22h30 le 22 mai<\/strong> pour assister \u00e0 ce ballet des eaux f\u00e9\u00e9rique suivi du spectacle pyrotechnique de David Proteau baptis\u00e9 la \u00ab\u00a0Parade des H\u00e9ros\u00a0\u00bb.<br \/>\nD\u00e8s le lendemain et jusqu&rsquo;au 30 mai, le Belem ouvrira ses cales aux visiteurs. Un magnifique voyage dans le temps de deux si\u00e8cles \u00e0 ne rater sous aucun pr\u00e9texte&#8230; m\u00eame pour assister au d\u00e9part de la fameuse Solitaire programm\u00e9e <strong>le 30 mai \u00e0 17h20 <\/strong>! Ce jour-l\u00e0 5 \u00e0 6 bateaux prendront le d\u00e9part toutes les 2 minutes devant le Miroir d&rsquo;Eau.<br \/>\nL&rsquo;\u00e9quipe de France de Voile Olympique sera \u00e9galement de la <em>party<\/em> <strong>le vendredi 29 mai de 16h30 \u00e0 17h<\/strong> avant de s&rsquo;envoler l&rsquo;\u00e9t\u00e9 prochain \u00e0 Rio de Janeiro.<br \/>\nEt puisque que c&rsquo;est la f\u00eate des bateaux autant que celle de l&rsquo;eau, de nombreuses animations seront organis\u00e9es pour vous familiariser avec ces engins des flots : visite fluviales gratuites du Port de Brassens, visite du remorqueur de la Marine nationale, croisi\u00e8res \u00e0 th\u00e8mes&#8230;<\/p>\n<p><strong>A la nage Simone<\/strong><br \/>\nParce qu&rsquo;on est jamais mieux servis que par ses propres bras, 500 nageurs se jetteront dans la Garonne pour rallier l&rsquo;autre rive du fleuve. <strong>Rendez-vous le 31 mai<\/strong>, \u00e0 partir de 8 heure au ponton d&rsquo;Honneur sur le quai Richelieu.<\/p>\n<p><strong>Musique maestro <\/strong><br \/>\nIls seront tous l\u00e0 ou presque <strong>durant les 10 jours de festivit\u00e9s<\/strong>. Thomas Dutronc (le 27 \u00e0 20h), Izia (le 28 \u00e0 20h), Cali le (29 \u00e0 20h), Charlie Winston (le 30 \u00e0 20h) pousseront gratuitement les chansonnettes sur la sc\u00e8ne install\u00e9e sur le Quai Richelieu.<\/p>\n<p><strong>A boire tavernier <\/strong><br \/>\nL&rsquo;une des capitales mondiales du vin ne pouvait faire l&rsquo;impasse sur son c\u00e9l\u00e8bre cru. Des d\u00e9gustations seront donc organis\u00e9es sur terre ou sur l&rsquo;eau avec notamment les croisi\u00e8res th\u00e9matiques du Sicambre consacr\u00e9es aux accords mets et vins. L&rsquo;Union des Grands Crus organisera par ailleurs une d\u00e9gustation au Hangar 14 <strong>le 30 mai de 10h \u00e0 17h<\/strong>.<\/p>\n<p>Envolez-vous \u00e9galement \u00e0 bord de la Grande Roue sur la place des Quinconces, d\u00e9couvrez toute l&rsquo;histoire des arbres dans une expo d\u00e9di\u00e9e au sujet dans la Grande Cabane, participez \u00e0 une chasse aux tr\u00e9sors au Hangar 20. Bref, amusez-vous non stop pendant ces 10 jours o\u00f9 il sera interdit de ne rien faire !<\/p>\n<p>Plus d&rsquo;informations : http:\/\/www.bordeaux-fete-le-fleuve.com\/<\/p>\n","protected":false},"excerpt":{"rendered":"<p>Entre Bordeaux et son fleuve, c&rsquo;est une histoire d&rsquo;amour qui ne date pas d&rsquo;hier. Pour la 9\u00e8me fois, la ville se pr\u00e9pare \u00e0 honorer ses flots. D\u00e8s le 22 et jusqu&rsquo;au 31 mai, la belle endormie ne fermera pas l\u2019\u0153il de la nuit. Au programme des festivit\u00e9s de cette nouvelle \u00e9dition de Bordeaux f\u00eate le [&hellip;]<\/p>\n","protected":false},"author":6,"featured_media":947,"comment_status":"open","ping_status":"open","sticky":false,"template":"","format":"standard","meta":{"_acf_changed":false,"footnotes":""},"categories":[449],"tags":[],"class_list":["post-940","post","type-post","status-publish","format-standard","has-post-thumbnail","hentry","category-enotourisme"],"acf":[],"yoast_head":"<!-- This site is optimized with the Yoast SEO plugin v28.3 - https:\/\/yoast.com\/product\/yoast-seo-wordpress\/ -->\n<title>Bordeaux f\u00eate le fleuve : demandez le programme ! - ChateauSuau.com<\/title>\n<meta name=\"description\" content=\"Bordeaux f\u00eate le fleuve : demandez le programme !\" \/>\n<meta name=\"robots\" content=\"index, follow, max-snippet:-1, max-image-preview:large, max-video-preview:-1\" \/>\n<link rel=\"canonical\" href=\"https:\/\/chateausuau.com\/fr\/bordeaux-fete-le-fleuve-demandez-le-programme\/\" \/>\n<meta property=\"og:locale\" content=\"fr_FR\" \/>\n<meta property=\"og:type\" content=\"article\" \/>\n<meta property=\"og:title\" content=\"Bordeaux f\u00eate le fleuve : demandez le programme ! - ChateauSuau.com\" \/>\n<meta property=\"og:description\" content=\"Bordeaux f\u00eate le fleuve : demandez le programme !\" \/>\n<meta property=\"og:url\" content=\"https:\/\/chateausuau.com\/fr\/bordeaux-fete-le-fleuve-demandez-le-programme\/\" \/>\n<meta property=\"og:site_name\" content=\"Chateau Suau\" \/>\n<meta property=\"article:published_time\" content=\"2015-05-18T07:16:18+00:00\" \/>\n<meta property=\"article:modified_time\" content=\"2020-01-28T16:40:22+00:00\" \/>\n<meta property=\"og:image\" content=\"https:\/\/chateausuau.com\/wp-content\/uploads\/2015\/05\/Steve-Le-Clech.jpg\" \/>\n\t<meta property=\"og:image:width\" content=\"640\" \/>\n\t<meta property=\"og:image:height\" content=\"526\" \/>\n\t<meta property=\"og:image:type\" content=\"image\/jpeg\" \/>\n<meta name=\"author\" content=\"Solene Duclos\" \/>\n<meta name=\"twitter:label1\" content=\"\u00c9crit par\" \/>\n\t<meta name=\"twitter:data1\" content=\"Solene Duclos\" \/>\n\t<meta name=\"twitter:label2\" content=\"Dur\u00e9e de lecture estim\u00e9e\" \/>\n\t<meta name=\"twitter:data2\" content=\"2 minutes\" \/>\n<script type=\"application\/ld+json\" class=\"yoast-schema-graph\">{\"@context\":\"https:\\\/\\\/schema.org\",\"@graph\":[{\"@type\":\"Article\",\"@id\":\"https:\\\/\\\/chateausuau.com\\\/fr\\\/bordeaux-fete-le-fleuve-demandez-le-programme\\\/#article\",\"isPartOf\":{\"@id\":\"https:\\\/\\\/chateausuau.com\\\/fr\\\/bordeaux-fete-le-fleuve-demandez-le-programme\\\/\"},\"author\":{\"name\":\"Solene Duclos\",\"@id\":\"https:\\\/\\\/chateausuau.com\\\/fr\\\/#\\\/schema\\\/person\\\/7695626c546785060dfc3df2c873f634\"},\"headline\":\"Bordeaux f\u00eate le fleuve : demandez le programme !\",\"datePublished\":\"2015-05-18T07:16:18+00:00\",\"dateModified\":\"2020-01-28T16:40:22+00:00\",\"mainEntityOfPage\":{\"@id\":\"https:\\\/\\\/chateausuau.com\\\/fr\\\/bordeaux-fete-le-fleuve-demandez-le-programme\\\/\"},\"wordCount\":495,\"commentCount\":0,\"image\":{\"@id\":\"https:\\\/\\\/chateausuau.com\\\/fr\\\/bordeaux-fete-le-fleuve-demandez-le-programme\\\/#primaryimage\"},\"thumbnailUrl\":\"https:\\\/\\\/chateausuau.com\\\/wp-content\\\/uploads\\\/2015\\\/05\\\/Steve-Le-Clech.jpg\",\"articleSection\":[\"\u0152notourisme\"],\"inLanguage\":\"fr-FR\",\"potentialAction\":[{\"@type\":\"CommentAction\",\"name\":\"Comment\",\"target\":[\"https:\\\/\\\/chateausuau.com\\\/fr\\\/bordeaux-fete-le-fleuve-demandez-le-programme\\\/#respond\"]}]},{\"@type\":\"WebPage\",\"@id\":\"https:\\\/\\\/chateausuau.com\\\/fr\\\/bordeaux-fete-le-fleuve-demandez-le-programme\\\/\",\"url\":\"https:\\\/\\\/chateausuau.com\\\/fr\\\/bordeaux-fete-le-fleuve-demandez-le-programme\\\/\",\"name\":\"Bordeaux f\u00eate le fleuve : demandez le programme ! - ChateauSuau.com\",\"isPartOf\":{\"@id\":\"https:\\\/\\\/chateausuau.com\\\/fr\\\/#website\"},\"primaryImageOfPage\":{\"@id\":\"https:\\\/\\\/chateausuau.com\\\/fr\\\/bordeaux-fete-le-fleuve-demandez-le-programme\\\/#primaryimage\"},\"image\":{\"@id\":\"https:\\\/\\\/chateausuau.com\\\/fr\\\/bordeaux-fete-le-fleuve-demandez-le-programme\\\/#primaryimage\"},\"thumbnailUrl\":\"https:\\\/\\\/chateausuau.com\\\/wp-content\\\/uploads\\\/2015\\\/05\\\/Steve-Le-Clech.jpg\",\"datePublished\":\"2015-05-18T07:16:18+00:00\",\"dateModified\":\"2020-01-28T16:40:22+00:00\",\"author\":{\"@id\":\"https:\\\/\\\/chateausuau.com\\\/fr\\\/#\\\/schema\\\/person\\\/7695626c546785060dfc3df2c873f634\"},\"description\":\"Bordeaux f\u00eate le fleuve : demandez le programme !\",\"breadcrumb\":{\"@id\":\"https:\\\/\\\/chateausuau.com\\\/fr\\\/bordeaux-fete-le-fleuve-demandez-le-programme\\\/#breadcrumb\"},\"inLanguage\":\"fr-FR\",\"potentialAction\":[{\"@type\":\"ReadAction\",\"target\":[\"https:\\\/\\\/chateausuau.com\\\/fr\\\/bordeaux-fete-le-fleuve-demandez-le-programme\\\/\"]}]},{\"@type\":\"ImageObject\",\"inLanguage\":\"fr-FR\",\"@id\":\"https:\\\/\\\/chateausuau.com\\\/fr\\\/bordeaux-fete-le-fleuve-demandez-le-programme\\\/#primaryimage\",\"url\":\"https:\\\/\\\/chateausuau.com\\\/wp-content\\\/uploads\\\/2015\\\/05\\\/Steve-Le-Clech.jpg\",\"contentUrl\":\"https:\\\/\\\/chateausuau.com\\\/wp-content\\\/uploads\\\/2015\\\/05\\\/Steve-Le-Clech.jpg\",\"width\":640,\"height\":526},{\"@type\":\"BreadcrumbList\",\"@id\":\"https:\\\/\\\/chateausuau.com\\\/fr\\\/bordeaux-fete-le-fleuve-demandez-le-programme\\\/#breadcrumb\",\"itemListElement\":[{\"@type\":\"ListItem\",\"position\":1,\"name\":\"Accueil\",\"item\":\"https:\\\/\\\/chateausuau.com\\\/fr\\\/\"},{\"@type\":\"ListItem\",\"position\":2,\"name\":\"Bordeaux f\u00eate le fleuve : demandez le programme !\"}]},{\"@type\":\"WebSite\",\"@id\":\"https:\\\/\\\/chateausuau.com\\\/fr\\\/#website\",\"url\":\"https:\\\/\\\/chateausuau.com\\\/fr\\\/\",\"name\":\"Chateau Suau\",\"description\":\"Chateau Suau Winery. Official Webiste\",\"potentialAction\":[{\"@type\":\"SearchAction\",\"target\":{\"@type\":\"EntryPoint\",\"urlTemplate\":\"https:\\\/\\\/chateausuau.com\\\/fr\\\/?s={search_term_string}\"},\"query-input\":{\"@type\":\"PropertyValueSpecification\",\"valueRequired\":true,\"valueName\":\"search_term_string\"}}],\"inLanguage\":\"fr-FR\"},{\"@type\":\"Person\",\"@id\":\"https:\\\/\\\/chateausuau.com\\\/fr\\\/#\\\/schema\\\/person\\\/7695626c546785060dfc3df2c873f634\",\"name\":\"Solene Duclos\",\"image\":{\"@type\":\"ImageObject\",\"inLanguage\":\"fr-FR\",\"@id\":\"https:\\\/\\\/secure.gravatar.com\\\/avatar\\\/79d22ce2b51d27b4a157142373687d3b1dd6bbed818fa1a44a10a03037525bd3?s=96&d=mm&r=g\",\"url\":\"https:\\\/\\\/secure.gravatar.com\\\/avatar\\\/79d22ce2b51d27b4a157142373687d3b1dd6bbed818fa1a44a10a03037525bd3?s=96&d=mm&r=g\",\"contentUrl\":\"https:\\\/\\\/secure.gravatar.com\\\/avatar\\\/79d22ce2b51d27b4a157142373687d3b1dd6bbed818fa1a44a10a03037525bd3?s=96&d=mm&r=g\",\"caption\":\"Solene Duclos\"}}]}<\/script>\n<!-- \/ Yoast SEO plugin. -->","yoast_head_json":{"title":"Bordeaux f\u00eate le fleuve : demandez le programme ! - ChateauSuau.com","description":"Bordeaux f\u00eate le fleuve : demandez le programme !","robots":{"index":"index","follow":"follow","max-snippet":"max-snippet:-1","max-image-preview":"max-image-preview:large","max-video-preview":"max-video-preview:-1"},"canonical":"https:\/\/chateausuau.com\/fr\/bordeaux-fete-le-fleuve-demandez-le-programme\/","og_locale":"fr_FR","og_type":"article","og_title":"Bordeaux f\u00eate le fleuve : demandez le programme ! - ChateauSuau.com","og_description":"Bordeaux f\u00eate le fleuve : demandez le programme !","og_url":"https:\/\/chateausuau.com\/fr\/bordeaux-fete-le-fleuve-demandez-le-programme\/","og_site_name":"Chateau Suau","article_published_time":"2015-05-18T07:16:18+00:00","article_modified_time":"2020-01-28T16:40:22+00:00","og_image":[{"width":640,"height":526,"url":"https:\/\/chateausuau.com\/wp-content\/uploads\/2015\/05\/Steve-Le-Clech.jpg","type":"image\/jpeg"}],"author":"Solene Duclos","twitter_misc":{"\u00c9crit par":"Solene Duclos","Dur\u00e9e de lecture estim\u00e9e":"2 minutes"},"schema":{"@context":"https:\/\/schema.org","@graph":[{"@type":"Article","@id":"https:\/\/chateausuau.com\/fr\/bordeaux-fete-le-fleuve-demandez-le-programme\/#article","isPartOf":{"@id":"https:\/\/chateausuau.com\/fr\/bordeaux-fete-le-fleuve-demandez-le-programme\/"},"author":{"name":"Solene Duclos","@id":"https:\/\/chateausuau.com\/fr\/#\/schema\/person\/7695626c546785060dfc3df2c873f634"},"headline":"Bordeaux f\u00eate le fleuve : demandez le programme !","datePublished":"2015-05-18T07:16:18+00:00","dateModified":"2020-01-28T16:40:22+00:00","mainEntityOfPage":{"@id":"https:\/\/chateausuau.com\/fr\/bordeaux-fete-le-fleuve-demandez-le-programme\/"},"wordCount":495,"commentCount":0,"image":{"@id":"https:\/\/chateausuau.com\/fr\/bordeaux-fete-le-fleuve-demandez-le-programme\/#primaryimage"},"thumbnailUrl":"https:\/\/chateausuau.com\/wp-content\/uploads\/2015\/05\/Steve-Le-Clech.jpg","articleSection":["\u0152notourisme"],"inLanguage":"fr-FR","potentialAction":[{"@type":"CommentAction","name":"Comment","target":["https:\/\/chateausuau.com\/fr\/bordeaux-fete-le-fleuve-demandez-le-programme\/#respond"]}]},{"@type":"WebPage","@id":"https:\/\/chateausuau.com\/fr\/bordeaux-fete-le-fleuve-demandez-le-programme\/","url":"https:\/\/chateausuau.com\/fr\/bordeaux-fete-le-fleuve-demandez-le-programme\/","name":"Bordeaux f\u00eate le fleuve : demandez le programme ! - ChateauSuau.com","isPartOf":{"@id":"https:\/\/chateausuau.com\/fr\/#website"},"primaryImageOfPage":{"@id":"https:\/\/chateausuau.com\/fr\/bordeaux-fete-le-fleuve-demandez-le-programme\/#primaryimage"},"image":{"@id":"https:\/\/chateausuau.com\/fr\/bordeaux-fete-le-fleuve-demandez-le-programme\/#primaryimage"},"thumbnailUrl":"https:\/\/chateausuau.com\/wp-content\/uploads\/2015\/05\/Steve-Le-Clech.jpg","datePublished":"2015-05-18T07:16:18+00:00","dateModified":"2020-01-28T16:40:22+00:00","author":{"@id":"https:\/\/chateausuau.com\/fr\/#\/schema\/person\/7695626c546785060dfc3df2c873f634"},"description":"Bordeaux f\u00eate le fleuve : demandez le programme !","breadcrumb":{"@id":"https:\/\/chateausuau.com\/fr\/bordeaux-fete-le-fleuve-demandez-le-programme\/#breadcrumb"},"inLanguage":"fr-FR","potentialAction":[{"@type":"ReadAction","target":["https:\/\/chateausuau.com\/fr\/bordeaux-fete-le-fleuve-demandez-le-programme\/"]}]},{"@type":"ImageObject","inLanguage":"fr-FR","@id":"https:\/\/chateausuau.com\/fr\/bordeaux-fete-le-fleuve-demandez-le-programme\/#primaryimage","url":"https:\/\/chateausuau.com\/wp-content\/uploads\/2015\/05\/Steve-Le-Clech.jpg","contentUrl":"https:\/\/chateausuau.com\/wp-content\/uploads\/2015\/05\/Steve-Le-Clech.jpg","width":640,"height":526},{"@type":"BreadcrumbList","@id":"https:\/\/chateausuau.com\/fr\/bordeaux-fete-le-fleuve-demandez-le-programme\/#breadcrumb","itemListElement":[{"@type":"ListItem","position":1,"name":"Accueil","item":"https:\/\/chateausuau.com\/fr\/"},{"@type":"ListItem","position":2,"name":"Bordeaux f\u00eate le fleuve : demandez le programme !"}]},{"@type":"WebSite","@id":"https:\/\/chateausuau.com\/fr\/#website","url":"https:\/\/chateausuau.com\/fr\/","name":"Chateau Suau","description":"Chateau Suau Winery. Official Webiste","potentialAction":[{"@type":"SearchAction","target":{"@type":"EntryPoint","urlTemplate":"https:\/\/chateausuau.com\/fr\/?s={search_term_string}"},"query-input":{"@type":"PropertyValueSpecification","valueRequired":true,"valueName":"search_term_string"}}],"inLanguage":"fr-FR"},{"@type":"Person","@id":"https:\/\/chateausuau.com\/fr\/#\/schema\/person\/7695626c546785060dfc3df2c873f634","name":"Solene Duclos","image":{"@type":"ImageObject","inLanguage":"fr-FR","@id":"https:\/\/secure.gravatar.com\/avatar\/79d22ce2b51d27b4a157142373687d3b1dd6bbed818fa1a44a10a03037525bd3?s=96&d=mm&r=g","url":"https:\/\/secure.gravatar.com\/avatar\/79d22ce2b51d27b4a157142373687d3b1dd6bbed818fa1a44a10a03037525bd3?s=96&d=mm&r=g","contentUrl":"https:\/\/secure.gravatar.com\/avatar\/79d22ce2b51d27b4a157142373687d3b1dd6bbed818fa1a44a10a03037525bd3?s=96&d=mm&r=g","caption":"Solene Duclos"}}]}},"_links":{"self":[{"href":"https:\/\/chateausuau.com\/fr\/wp-json\/wp\/v2\/posts\/940","targetHints":{"allow":["GET"]}}],"collection":[{"href":"https:\/\/chateausuau.com\/fr\/wp-json\/wp\/v2\/posts"}],"about":[{"href":"https:\/\/chateausuau.com\/fr\/wp-json\/wp\/v2\/types\/post"}],"author":[{"embeddable":true,"href":"https:\/\/chateausuau.com\/fr\/wp-json\/wp\/v2\/users\/6"}],"replies":[{"embeddable":true,"href":"https:\/\/chateausuau.com\/fr\/wp-json\/wp\/v2\/comments?post=940"}],"version-history":[{"count":0,"href":"https:\/\/chateausuau.com\/fr\/wp-json\/wp\/v2\/posts\/940\/revisions"}],"wp:featuredmedia":[{"embeddable":true,"href":"https:\/\/chateausuau.com\/fr\/wp-json\/wp\/v2\/media\/947"}],"wp:attachment":[{"href":"https:\/\/chateausuau.com\/fr\/wp-json\/wp\/v2\/media?parent=940"}],"wp:term":[{"taxonomy":"category","embeddable":true,"href":"https:\/\/chateausuau.com\/fr\/wp-json\/wp\/v2\/categories?post=940"},{"taxonomy":"post_tag","embeddable":true,"href":"https:\/\/chateausuau.com\/fr\/wp-json\/wp\/v2\/tags?post=940"}],"curies":[{"name":"wp","href":"https:\/\/api.w.org\/{rel}","templated":true}]}}