{"id":903,"date":"2015-05-11T15:09:47","date_gmt":"2015-05-11T13:09:47","guid":{"rendered":"http:\/\/chateausuau.com\/?p=903"},"modified":"2020-01-28T17:43:14","modified_gmt":"2020-01-28T16:43:14","slug":"tour-de-france-des-musees-du-vin","status":"publish","type":"post","link":"https:\/\/chateausuau.com\/fr\/tour-de-france-des-musees-du-vin\/","title":{"rendered":"Tour de France des mus\u00e9es du vin"},"content":{"rendered":"<p><a href=\"http:\/\/chateausuau.com\/wp-content\/uploads\/2015\/05\/Tour-de-France-des-muse--es-du-vin-.jpg\" data-rel=\"lightbox-gallery-1kKxONod\" data-rl_title=\"\" data-rl_caption=\"\" title=\"\"><img loading=\"lazy\" decoding=\"async\" src=\"http:\/\/chateausuau.com\/wp-content\/uploads\/2015\/05\/Tour-de-France-des-muse--es-du-vin-.jpg\" alt=\"Tour de France des mus\u00e9es du vin rg\" width=\"848\" height=\"566\" class=\"alignnone size-full wp-image-906\" srcset=\"https:\/\/chateausuau.com\/wp-content\/uploads\/2015\/05\/Tour-de-France-des-muse--es-du-vin-.jpg 848w, https:\/\/chateausuau.com\/wp-content\/uploads\/2015\/05\/Tour-de-France-des-muse--es-du-vin--300x200.jpg 300w, https:\/\/chateausuau.com\/wp-content\/uploads\/2015\/05\/Tour-de-France-des-muse--es-du-vin--768x513.jpg 768w\" sizes=\"auto, (max-width: 848px) 100vw, 848px\" \/><\/a><br \/>\nEn 2010, l&rsquo;Unesco inscrivait \u00ab\u00a0le repas gastronomique \u00e0 la fran\u00e7aise\u00a0\u00bb sur la liste du patrimoine culturel immat\u00e9riel de l&rsquo;humanit\u00e9. Une d\u00e9finition dont les vins faisaient \u00e9videmment parti. En 1999, ce sont les 8 communes de Saint-Emilion qui ont rejoint le prestigieux listing au titre de paysage culturel. Une grande premi\u00e8re mondiale pour le monde viticole. Depuis des ann\u00e9es, la plan\u00e8te a pris conscience que le vin n&rsquo;est pas une boisson parmi tant d&rsquo;autres. Il s&rsquo;agit d&rsquo;un v\u00e9ritable art de vivre, voire d&rsquo;un art tout court, de notre pays. Il \u00e9tait donc logique que le breuvage royal ait ses mus\u00e9es au m\u00eame titre que la bande-dessin\u00e9e \u00e0 Bruxelles ou la tortilla \u00e0 Saragosse en Espagne. On en compte aujourd&rsquo;hui une cinquantaine dans tout l&rsquo;hexagone. Tour de France de notre s\u00e9lection de mus\u00e9es du vin !<\/p>\n<p><strong>Mus\u00e9e du vin de Paris<\/strong><br \/>\nNotre tour d\u00e9bute loin de nos vignobles bordelais. C&rsquo;est dans la ville lumi\u00e8re que l&rsquo;un des plus importants mus\u00e9es consacr\u00e9s au vin a ouvert ses portes en 1984. Situ\u00e9 dans le tr\u00e8s chic 16\u00e8me arrondissement, en face de la non moins \u00e9l\u00e9gante Dame de Fer, il a \u00e9lu domicile \u00e0 la place de carri\u00e8res du Moyen \u00c2ge transform\u00e9es en celliers au 15\u00e8me si\u00e8cle. Les visiteurs pourront y admirer plus de 2 200 outils et objets en rapport avec les travaux de la vigne, de la vinification et de la d\u00e9gustation du vin. Sant\u00e9 !<\/p>\n<p><strong>Mus\u00e9e du Vin et du N\u00e9goce de Bordeaux<\/strong><br \/>\nRetournons sur nos terres avec ce mus\u00e9e ouvert en 2008 dans le quartier des Chartrons. Dans les 3 caves d&rsquo;un ancien immeuble d&rsquo;un n\u00e9gociant irlandais, c&rsquo;est toute l&rsquo;histoire du commerce des vins de Bordeaux qui est retrac\u00e9e, du Moyen-\u00e2ge jusqu\u2019\u00e0 nos jours, gr\u00e2ce \u00e0 des documents et des objets historiques, ainsi qu&rsquo;une foule de panneaux explicatifs. En plus de la collection permanente, des expositions temporaires, une boutique et un espace de d\u00e9gustation accueillent les visiteurs qui auront probablement tr\u00e8s soif \u00e0 la fin de la visite !<\/p>\n<p><strong>Mus\u00e9e du vignoble et des vins d&rsquo;Alsace<\/strong><br \/>\nOn repart vers le nord-est avec ce mus\u00e9e consacr\u00e9 &#8211; comme son nom l&rsquo;indique &#8211; \u00e0 nos cousins d&rsquo;Alsace. Ouvert en 1980, l&rsquo;\u00e9tablissement s&rsquo;attache \u00e0 pr\u00e9senter le travail du vigneron, ainsi que les m\u00e9tiers annexes comme ceux de la tonnellerie et la verrerie. Ainsi, sur 300 m2 r\u00e9parties sur 2 \u00e9tages, vous croiserez ici des pressoirs \u00e0 vis de 1640 et 1716, l\u00e0 des charrues d&rsquo;\u00e9poque, ou l\u00e0-bas des filtreuses, tireuses, bouchonneuses et autres capsuleuses&#8230;<\/p>\n<p><strong>Mus\u00e9e du vin de Bourgogne<\/strong><br \/>\nCr\u00e9e en 1946, le mus\u00e9e du vin de Bourgogne s&rsquo;est offert l&rsquo;H\u00f4tel des ducs de Bourgogne de Beaune pour installer ses collections. Outre le superbe b\u00e2timents, les h\u00f4tes pourront admirer une multitude d&rsquo;objets pour se familiariser avec l\u2019histoire du vignoble, la g\u00e9ologie et les m\u00e9thodes de r\u00e9colte bourguignons, ainsi qu&rsquo;avec tous les th\u00e8mes qui touchent \u00e0 l&rsquo;univers du vin, de sa fabrication \u00e0 son exploitation dans l&rsquo;art. Tout, sauf malheureusement sa d\u00e9gustation !<\/p>\n<p>Et vous, quel mus\u00e9e d\u00e9di\u00e9 au vin avez-vous d\u00e9j\u00e0 visit\u00e9 ?<\/p>\n","protected":false},"excerpt":{"rendered":"<p>En 2010, l&rsquo;Unesco inscrivait \u00ab\u00a0le repas gastronomique \u00e0 la fran\u00e7aise\u00a0\u00bb sur la liste du patrimoine culturel immat\u00e9riel de l&rsquo;humanit\u00e9. Une d\u00e9finition dont les vins faisaient \u00e9videmment parti. En 1999, ce sont les 8 communes de Saint-Emilion qui ont rejoint le prestigieux listing au titre de paysage culturel. Une grande premi\u00e8re mondiale pour le monde viticole. [&hellip;]<\/p>\n","protected":false},"author":6,"featured_media":906,"comment_status":"open","ping_status":"open","sticky":false,"template":"","format":"standard","meta":{"_acf_changed":false,"footnotes":""},"categories":[449],"tags":[],"class_list":["post-903","post","type-post","status-publish","format-standard","has-post-thumbnail","hentry","category-enotourisme"],"acf":[],"yoast_head":"<!-- This site is optimized with the Yoast SEO plugin v28.3 - https:\/\/yoast.com\/product\/yoast-seo-wordpress\/ -->\n<title>Tour de France des mus\u00e9es du vin - ChateauSuau.com<\/title>\n<meta name=\"description\" content=\"Tour de France des mus\u00e9es du vin\" \/>\n<meta name=\"robots\" content=\"index, follow, max-snippet:-1, max-image-preview:large, max-video-preview:-1\" \/>\n<link rel=\"canonical\" href=\"https:\/\/chateausuau.com\/fr\/tour-de-france-des-musees-du-vin\/\" \/>\n<meta property=\"og:locale\" content=\"fr_FR\" \/>\n<meta property=\"og:type\" content=\"article\" \/>\n<meta property=\"og:title\" content=\"Tour de France des mus\u00e9es du vin - ChateauSuau.com\" \/>\n<meta property=\"og:description\" content=\"Tour de France des mus\u00e9es du vin\" \/>\n<meta property=\"og:url\" content=\"https:\/\/chateausuau.com\/fr\/tour-de-france-des-musees-du-vin\/\" \/>\n<meta property=\"og:site_name\" content=\"Chateau Suau\" \/>\n<meta property=\"article:published_time\" content=\"2015-05-11T13:09:47+00:00\" \/>\n<meta property=\"article:modified_time\" content=\"2020-01-28T16:43:14+00:00\" \/>\n<meta property=\"og:image\" content=\"https:\/\/chateausuau.com\/wp-content\/uploads\/2015\/05\/Tour-de-France-des-muse--es-du-vin-.jpg\" \/>\n\t<meta property=\"og:image:width\" content=\"848\" \/>\n\t<meta property=\"og:image:height\" content=\"566\" \/>\n\t<meta property=\"og:image:type\" content=\"image\/jpeg\" \/>\n<meta name=\"author\" content=\"Solene Duclos\" \/>\n<meta name=\"twitter:label1\" content=\"\u00c9crit par\" \/>\n\t<meta name=\"twitter:data1\" content=\"Solene Duclos\" \/>\n\t<meta name=\"twitter:label2\" content=\"Dur\u00e9e de lecture estim\u00e9e\" \/>\n\t<meta name=\"twitter:data2\" content=\"3 minutes\" \/>\n<script type=\"application\/ld+json\" class=\"yoast-schema-graph\">{\"@context\":\"https:\\\/\\\/schema.org\",\"@graph\":[{\"@type\":\"Article\",\"@id\":\"https:\\\/\\\/chateausuau.com\\\/fr\\\/tour-de-france-des-musees-du-vin\\\/#article\",\"isPartOf\":{\"@id\":\"https:\\\/\\\/chateausuau.com\\\/fr\\\/tour-de-france-des-musees-du-vin\\\/\"},\"author\":{\"name\":\"Solene Duclos\",\"@id\":\"https:\\\/\\\/chateausuau.com\\\/fr\\\/#\\\/schema\\\/person\\\/7695626c546785060dfc3df2c873f634\"},\"headline\":\"Tour de France des mus\u00e9es du vin\",\"datePublished\":\"2015-05-11T13:09:47+00:00\",\"dateModified\":\"2020-01-28T16:43:14+00:00\",\"mainEntityOfPage\":{\"@id\":\"https:\\\/\\\/chateausuau.com\\\/fr\\\/tour-de-france-des-musees-du-vin\\\/\"},\"wordCount\":558,\"commentCount\":0,\"image\":{\"@id\":\"https:\\\/\\\/chateausuau.com\\\/fr\\\/tour-de-france-des-musees-du-vin\\\/#primaryimage\"},\"thumbnailUrl\":\"https:\\\/\\\/chateausuau.com\\\/wp-content\\\/uploads\\\/2015\\\/05\\\/Tour-de-France-des-muse--es-du-vin-.jpg\",\"articleSection\":[\"\u0152notourisme\"],\"inLanguage\":\"fr-FR\",\"potentialAction\":[{\"@type\":\"CommentAction\",\"name\":\"Comment\",\"target\":[\"https:\\\/\\\/chateausuau.com\\\/fr\\\/tour-de-france-des-musees-du-vin\\\/#respond\"]}]},{\"@type\":\"WebPage\",\"@id\":\"https:\\\/\\\/chateausuau.com\\\/fr\\\/tour-de-france-des-musees-du-vin\\\/\",\"url\":\"https:\\\/\\\/chateausuau.com\\\/fr\\\/tour-de-france-des-musees-du-vin\\\/\",\"name\":\"Tour de France des mus\u00e9es du vin - ChateauSuau.com\",\"isPartOf\":{\"@id\":\"https:\\\/\\\/chateausuau.com\\\/fr\\\/#website\"},\"primaryImageOfPage\":{\"@id\":\"https:\\\/\\\/chateausuau.com\\\/fr\\\/tour-de-france-des-musees-du-vin\\\/#primaryimage\"},\"image\":{\"@id\":\"https:\\\/\\\/chateausuau.com\\\/fr\\\/tour-de-france-des-musees-du-vin\\\/#primaryimage\"},\"thumbnailUrl\":\"https:\\\/\\\/chateausuau.com\\\/wp-content\\\/uploads\\\/2015\\\/05\\\/Tour-de-France-des-muse--es-du-vin-.jpg\",\"datePublished\":\"2015-05-11T13:09:47+00:00\",\"dateModified\":\"2020-01-28T16:43:14+00:00\",\"author\":{\"@id\":\"https:\\\/\\\/chateausuau.com\\\/fr\\\/#\\\/schema\\\/person\\\/7695626c546785060dfc3df2c873f634\"},\"description\":\"Tour de France des mus\u00e9es du vin\",\"breadcrumb\":{\"@id\":\"https:\\\/\\\/chateausuau.com\\\/fr\\\/tour-de-france-des-musees-du-vin\\\/#breadcrumb\"},\"inLanguage\":\"fr-FR\",\"potentialAction\":[{\"@type\":\"ReadAction\",\"target\":[\"https:\\\/\\\/chateausuau.com\\\/fr\\\/tour-de-france-des-musees-du-vin\\\/\"]}]},{\"@type\":\"ImageObject\",\"inLanguage\":\"fr-FR\",\"@id\":\"https:\\\/\\\/chateausuau.com\\\/fr\\\/tour-de-france-des-musees-du-vin\\\/#primaryimage\",\"url\":\"https:\\\/\\\/chateausuau.com\\\/wp-content\\\/uploads\\\/2015\\\/05\\\/Tour-de-France-des-muse--es-du-vin-.jpg\",\"contentUrl\":\"https:\\\/\\\/chateausuau.com\\\/wp-content\\\/uploads\\\/2015\\\/05\\\/Tour-de-France-des-muse--es-du-vin-.jpg\",\"width\":848,\"height\":566},{\"@type\":\"BreadcrumbList\",\"@id\":\"https:\\\/\\\/chateausuau.com\\\/fr\\\/tour-de-france-des-musees-du-vin\\\/#breadcrumb\",\"itemListElement\":[{\"@type\":\"ListItem\",\"position\":1,\"name\":\"Accueil\",\"item\":\"https:\\\/\\\/chateausuau.com\\\/fr\\\/\"},{\"@type\":\"ListItem\",\"position\":2,\"name\":\"Tour de France des mus\u00e9es du vin\"}]},{\"@type\":\"WebSite\",\"@id\":\"https:\\\/\\\/chateausuau.com\\\/fr\\\/#website\",\"url\":\"https:\\\/\\\/chateausuau.com\\\/fr\\\/\",\"name\":\"Chateau Suau\",\"description\":\"Chateau Suau Winery. Official Webiste\",\"potentialAction\":[{\"@type\":\"SearchAction\",\"target\":{\"@type\":\"EntryPoint\",\"urlTemplate\":\"https:\\\/\\\/chateausuau.com\\\/fr\\\/?s={search_term_string}\"},\"query-input\":{\"@type\":\"PropertyValueSpecification\",\"valueRequired\":true,\"valueName\":\"search_term_string\"}}],\"inLanguage\":\"fr-FR\"},{\"@type\":\"Person\",\"@id\":\"https:\\\/\\\/chateausuau.com\\\/fr\\\/#\\\/schema\\\/person\\\/7695626c546785060dfc3df2c873f634\",\"name\":\"Solene Duclos\",\"image\":{\"@type\":\"ImageObject\",\"inLanguage\":\"fr-FR\",\"@id\":\"https:\\\/\\\/secure.gravatar.com\\\/avatar\\\/79d22ce2b51d27b4a157142373687d3b1dd6bbed818fa1a44a10a03037525bd3?s=96&d=mm&r=g\",\"url\":\"https:\\\/\\\/secure.gravatar.com\\\/avatar\\\/79d22ce2b51d27b4a157142373687d3b1dd6bbed818fa1a44a10a03037525bd3?s=96&d=mm&r=g\",\"contentUrl\":\"https:\\\/\\\/secure.gravatar.com\\\/avatar\\\/79d22ce2b51d27b4a157142373687d3b1dd6bbed818fa1a44a10a03037525bd3?s=96&d=mm&r=g\",\"caption\":\"Solene Duclos\"}}]}<\/script>\n<!-- \/ Yoast SEO plugin. -->","yoast_head_json":{"title":"Tour de France des mus\u00e9es du vin - ChateauSuau.com","description":"Tour de France des mus\u00e9es du vin","robots":{"index":"index","follow":"follow","max-snippet":"max-snippet:-1","max-image-preview":"max-image-preview:large","max-video-preview":"max-video-preview:-1"},"canonical":"https:\/\/chateausuau.com\/fr\/tour-de-france-des-musees-du-vin\/","og_locale":"fr_FR","og_type":"article","og_title":"Tour de France des mus\u00e9es du vin - ChateauSuau.com","og_description":"Tour de France des mus\u00e9es du vin","og_url":"https:\/\/chateausuau.com\/fr\/tour-de-france-des-musees-du-vin\/","og_site_name":"Chateau Suau","article_published_time":"2015-05-11T13:09:47+00:00","article_modified_time":"2020-01-28T16:43:14+00:00","og_image":[{"width":848,"height":566,"url":"https:\/\/chateausuau.com\/wp-content\/uploads\/2015\/05\/Tour-de-France-des-muse--es-du-vin-.jpg","type":"image\/jpeg"}],"author":"Solene Duclos","twitter_misc":{"\u00c9crit par":"Solene Duclos","Dur\u00e9e de lecture estim\u00e9e":"3 minutes"},"schema":{"@context":"https:\/\/schema.org","@graph":[{"@type":"Article","@id":"https:\/\/chateausuau.com\/fr\/tour-de-france-des-musees-du-vin\/#article","isPartOf":{"@id":"https:\/\/chateausuau.com\/fr\/tour-de-france-des-musees-du-vin\/"},"author":{"name":"Solene Duclos","@id":"https:\/\/chateausuau.com\/fr\/#\/schema\/person\/7695626c546785060dfc3df2c873f634"},"headline":"Tour de France des mus\u00e9es du vin","datePublished":"2015-05-11T13:09:47+00:00","dateModified":"2020-01-28T16:43:14+00:00","mainEntityOfPage":{"@id":"https:\/\/chateausuau.com\/fr\/tour-de-france-des-musees-du-vin\/"},"wordCount":558,"commentCount":0,"image":{"@id":"https:\/\/chateausuau.com\/fr\/tour-de-france-des-musees-du-vin\/#primaryimage"},"thumbnailUrl":"https:\/\/chateausuau.com\/wp-content\/uploads\/2015\/05\/Tour-de-France-des-muse--es-du-vin-.jpg","articleSection":["\u0152notourisme"],"inLanguage":"fr-FR","potentialAction":[{"@type":"CommentAction","name":"Comment","target":["https:\/\/chateausuau.com\/fr\/tour-de-france-des-musees-du-vin\/#respond"]}]},{"@type":"WebPage","@id":"https:\/\/chateausuau.com\/fr\/tour-de-france-des-musees-du-vin\/","url":"https:\/\/chateausuau.com\/fr\/tour-de-france-des-musees-du-vin\/","name":"Tour de France des mus\u00e9es du vin - ChateauSuau.com","isPartOf":{"@id":"https:\/\/chateausuau.com\/fr\/#website"},"primaryImageOfPage":{"@id":"https:\/\/chateausuau.com\/fr\/tour-de-france-des-musees-du-vin\/#primaryimage"},"image":{"@id":"https:\/\/chateausuau.com\/fr\/tour-de-france-des-musees-du-vin\/#primaryimage"},"thumbnailUrl":"https:\/\/chateausuau.com\/wp-content\/uploads\/2015\/05\/Tour-de-France-des-muse--es-du-vin-.jpg","datePublished":"2015-05-11T13:09:47+00:00","dateModified":"2020-01-28T16:43:14+00:00","author":{"@id":"https:\/\/chateausuau.com\/fr\/#\/schema\/person\/7695626c546785060dfc3df2c873f634"},"description":"Tour de France des mus\u00e9es du vin","breadcrumb":{"@id":"https:\/\/chateausuau.com\/fr\/tour-de-france-des-musees-du-vin\/#breadcrumb"},"inLanguage":"fr-FR","potentialAction":[{"@type":"ReadAction","target":["https:\/\/chateausuau.com\/fr\/tour-de-france-des-musees-du-vin\/"]}]},{"@type":"ImageObject","inLanguage":"fr-FR","@id":"https:\/\/chateausuau.com\/fr\/tour-de-france-des-musees-du-vin\/#primaryimage","url":"https:\/\/chateausuau.com\/wp-content\/uploads\/2015\/05\/Tour-de-France-des-muse--es-du-vin-.jpg","contentUrl":"https:\/\/chateausuau.com\/wp-content\/uploads\/2015\/05\/Tour-de-France-des-muse--es-du-vin-.jpg","width":848,"height":566},{"@type":"BreadcrumbList","@id":"https:\/\/chateausuau.com\/fr\/tour-de-france-des-musees-du-vin\/#breadcrumb","itemListElement":[{"@type":"ListItem","position":1,"name":"Accueil","item":"https:\/\/chateausuau.com\/fr\/"},{"@type":"ListItem","position":2,"name":"Tour de France des mus\u00e9es du vin"}]},{"@type":"WebSite","@id":"https:\/\/chateausuau.com\/fr\/#website","url":"https:\/\/chateausuau.com\/fr\/","name":"Chateau Suau","description":"Chateau Suau Winery. Official Webiste","potentialAction":[{"@type":"SearchAction","target":{"@type":"EntryPoint","urlTemplate":"https:\/\/chateausuau.com\/fr\/?s={search_term_string}"},"query-input":{"@type":"PropertyValueSpecification","valueRequired":true,"valueName":"search_term_string"}}],"inLanguage":"fr-FR"},{"@type":"Person","@id":"https:\/\/chateausuau.com\/fr\/#\/schema\/person\/7695626c546785060dfc3df2c873f634","name":"Solene Duclos","image":{"@type":"ImageObject","inLanguage":"fr-FR","@id":"https:\/\/secure.gravatar.com\/avatar\/79d22ce2b51d27b4a157142373687d3b1dd6bbed818fa1a44a10a03037525bd3?s=96&d=mm&r=g","url":"https:\/\/secure.gravatar.com\/avatar\/79d22ce2b51d27b4a157142373687d3b1dd6bbed818fa1a44a10a03037525bd3?s=96&d=mm&r=g","contentUrl":"https:\/\/secure.gravatar.com\/avatar\/79d22ce2b51d27b4a157142373687d3b1dd6bbed818fa1a44a10a03037525bd3?s=96&d=mm&r=g","caption":"Solene Duclos"}}]}},"_links":{"self":[{"href":"https:\/\/chateausuau.com\/fr\/wp-json\/wp\/v2\/posts\/903","targetHints":{"allow":["GET"]}}],"collection":[{"href":"https:\/\/chateausuau.com\/fr\/wp-json\/wp\/v2\/posts"}],"about":[{"href":"https:\/\/chateausuau.com\/fr\/wp-json\/wp\/v2\/types\/post"}],"author":[{"embeddable":true,"href":"https:\/\/chateausuau.com\/fr\/wp-json\/wp\/v2\/users\/6"}],"replies":[{"embeddable":true,"href":"https:\/\/chateausuau.com\/fr\/wp-json\/wp\/v2\/comments?post=903"}],"version-history":[{"count":0,"href":"https:\/\/chateausuau.com\/fr\/wp-json\/wp\/v2\/posts\/903\/revisions"}],"wp:featuredmedia":[{"embeddable":true,"href":"https:\/\/chateausuau.com\/fr\/wp-json\/wp\/v2\/media\/906"}],"wp:attachment":[{"href":"https:\/\/chateausuau.com\/fr\/wp-json\/wp\/v2\/media?parent=903"}],"wp:term":[{"taxonomy":"category","embeddable":true,"href":"https:\/\/chateausuau.com\/fr\/wp-json\/wp\/v2\/categories?post=903"},{"taxonomy":"post_tag","embeddable":true,"href":"https:\/\/chateausuau.com\/fr\/wp-json\/wp\/v2\/tags?post=903"}],"curies":[{"name":"wp","href":"https:\/\/api.w.org\/{rel}","templated":true}]}}