{"id":5067,"date":"2019-05-22T10:25:36","date_gmt":"2019-05-22T08:25:36","guid":{"rendered":"http:\/\/chateausuau.com\/?p=5067"},"modified":"2019-12-21T09:20:06","modified_gmt":"2019-12-21T08:20:06","slug":"de-la-vigne-au-vin","status":"publish","type":"post","link":"https:\/\/chateausuau.com\/fr\/de-la-vigne-au-vin\/","title":{"rendered":"De la vigne au vin : tout savoir sur le cycle de la vi(gn)e !"},"content":{"rendered":"<p><span style=\"font-weight: 400;\">Petit raisin deviendra grand. Mais avant cela, il va falloir cr\u00e9er puis prendre soin de sa maman, la vigne ! Nous lui laissons la parole aujourd\u2019hui pour vous compter son histoire, de son premier cri \u00e0 sa vie d\u2019adulte. <\/span><b>De la vigne au vin<\/b><span style=\"font-weight: 400;\">, suivez le guide !<\/span><\/p>\n<div id=\"attachment_5068\" style=\"width: 760px\" class=\"wp-caption aligncenter\"><img loading=\"lazy\" decoding=\"async\" aria-describedby=\"caption-attachment-5068\" class=\"wp-image-5068 size-large\" title=\"de la vigne au vin \" src=\"http:\/\/chateausuau.com\/wp-content\/uploads\/2019\/05\/tuscany-428041_1920-1024x683.jpg\" alt=\"de la vigne au vin\" width=\"750\" height=\"500\" srcset=\"https:\/\/chateausuau.com\/wp-content\/uploads\/2019\/05\/tuscany-428041_1920-1024x683.jpg 1024w, https:\/\/chateausuau.com\/wp-content\/uploads\/2019\/05\/tuscany-428041_1920-300x200.jpg 300w, https:\/\/chateausuau.com\/wp-content\/uploads\/2019\/05\/tuscany-428041_1920-768x512.jpg 768w, https:\/\/chateausuau.com\/wp-content\/uploads\/2019\/05\/tuscany-428041_1920.jpg 1920w\" sizes=\"auto, (max-width: 750px) 100vw, 750px\" \/><p id=\"caption-attachment-5068\" class=\"wp-caption-text\">Image par <a href=\"https:\/\/pixabay.com\/fr\/users\/alohamalakhov-404388\/?utm_source=link-attribution&amp;utm_medium=referral&amp;utm_campaign=image&amp;utm_content=428041\">alohamalakhov<\/a> de <a href=\"https:\/\/pixabay.com\/fr\/?utm_source=link-attribution&amp;utm_medium=referral&amp;utm_campaign=image&amp;utm_content=428041\">Pixabay<\/a><\/p><\/div>\n<p><b> Planter le plant<\/b><\/p>\n<p><span style=\"font-weight: 400;\">Savez-vous planter des vignes \u00e0 la mode (bordelaise) de chez nous ? L\u2019\u00e9quipe du Ch\u00e2teau Suau oui ! Il faut dire qu\u2019il y a du travail avant que je donne naissance \u00e0 de belles grappes de raisins.<\/span><\/p>\n<p><span style=\"font-weight: 400;\">Apr\u00e8s m\u2019avoir laiss\u00e9 reposer pendant trois ans dans certaines zones du vignoble, l\u2019\u00e9quipe du Ch\u00e2teau va analyser le sol et v\u00e9rifier que ce dernier est assez fertilis\u00e9. Si ce n\u2019est pas le cas, la troupe va ajouter du fumier de vache qu\u2019il faudra remuer pour qu\u2019il fasse effet.<\/span><\/p>\n<p><span style=\"font-weight: 400;\">Lorsque la terre est pr\u00eate, il va falloir la pr\u00e9parer en passant la charrue (sans les b\u0153ufs). Il est n\u00e9cessaire que le terrain soit propre et lisse afin de m\u2019accueillir comme il se doit.<\/span><\/p>\n<p><span style=\"font-weight: 400;\">Puis vient le moment tant attendu : la mise en terre des plants. La plupart du temps, cette \u00e9tape est effectu\u00e9e aux beaux jours, autour des mois de mai-juin. La <\/span><i><span style=\"font-weight: 400;\">team <\/span><\/i><span style=\"font-weight: 400;\">arrosera une fois la surface avec quatre litres par pied environ. Si les mois qui suivent sont chauds et que je suis assoiff\u00e9e, on me donnera deux litres par pied \u00e0 boire tous les trois semaines\/un mois, en fonction des temp\u00e9ratures ext\u00e9rieures.<\/span><\/p>\n<p><b>Silence, \u00e7a pousse !<\/b><\/p>\n<p><span style=\"font-weight: 400;\">Je suis pr\u00e9cieuse, il va falloir me cajoler afin que je pointe le bout de mon nez ! Ainsi, le Ch\u00e2teau va faire en sorte de garder mon sol propre en passant des outils pour se d\u00e9barrasser des herbes qui veulent m\u2019encercler. Ainsi d\u00e9barrass\u00e9e, je vais pouvoir pousser dans la joie et la bonne humeur !<\/span><\/p>\n<p><span style=\"font-weight: 400;\">Au fil de ma croissance, il va falloir m\u2019attacher mais c\u2019est pour mon bien ! On va en profiter pour choisir certains bois \u00e0 tailler pour que je puisse grandir dans les meilleures conditions.<\/span><\/p>\n<p><b>Petite vigne deviendra grande<\/b><\/p>\n<p><span style=\"font-weight: 400;\">Durant les trois premi\u00e8res ann\u00e9es, le \u00ab fa\u00e7onnage et le taillage \u00bb vont me pr\u00e9parer \u00e0 \u00eatre travaill\u00e9e dans le futur, afin que je puisse cr\u00e9er de solides gaillards : des grappes de raisins m\u00fbrs et app\u00e9tissants. \u00a0<\/span><\/p>\n<p><span style=\"font-weight: 400;\">Au bout de quatre ann\u00e9es de soins, l\u2019\u00e9quipe du Ch\u00e2teau a un aper\u00e7u de mon allure d\u00e9finitive. Elle va alors commencer \u00e0 installer la base en taillant la vigne de mani\u00e8re classique. L\u2019entretien continuera tout au long de l\u2019ann\u00e9e pour que je me sente bien et que je ne tombe pas malade.<\/span><\/p>\n<p><b>50 nuances de (travaux) en vert<\/b><\/p>\n<p><span style=\"font-weight: 400;\">Les <a href=\"http:\/\/chateausuau.com\/blog\/entretien-vigne\/\" target=\"_blank\" rel=\"noopener noreferrer\">travaux en vert <\/a><\/span><span style=\"font-weight: 400;\">vont ensuite s\u2019occuper de moi. Il s\u2019agit des actions r\u00e9alis\u00e9es entre le d\u00e9bourrement (la sortie des bourgeons) et les vendanges. Cela permet de maintenir la forme de ma souche et de contr\u00f4ler la production de mes futures rejetons fruit\u00e9s. \u00a0<\/span><\/p>\n<p><span style=\"font-weight: 400;\">Epamprage \u00e0 la main (suppression d\u2019une partie des rameaux pour limiter l\u2019encombrement des souches), relevage des rameaux, rognage (coupe des extr\u00e9mit\u00e9s des rameaux en croissance), effeuillage (coupe des feuilles autour de la grappe) et \u00e9claircissage (\u00e9limination des grappes)\u2026 Il y a du boulot pour que je sois fin pr\u00eate pour les vendanges !<\/span><\/p>\n<div id=\"attachment_5069\" style=\"width: 760px\" class=\"wp-caption aligncenter\"><img loading=\"lazy\" decoding=\"async\" aria-describedby=\"caption-attachment-5069\" class=\"wp-image-5069 size-large\" title=\"Vigne bordelaise\" src=\"http:\/\/chateausuau.com\/wp-content\/uploads\/2019\/05\/purple-grapes-553462_1920-1024x683.jpg\" alt=\"Vigne bordelaise\" width=\"750\" height=\"500\" srcset=\"https:\/\/chateausuau.com\/wp-content\/uploads\/2019\/05\/purple-grapes-553462_1920-1024x683.jpg 1024w, https:\/\/chateausuau.com\/wp-content\/uploads\/2019\/05\/purple-grapes-553462_1920-300x200.jpg 300w, https:\/\/chateausuau.com\/wp-content\/uploads\/2019\/05\/purple-grapes-553462_1920-768x512.jpg 768w, https:\/\/chateausuau.com\/wp-content\/uploads\/2019\/05\/purple-grapes-553462_1920.jpg 1920w\" sizes=\"auto, (max-width: 750px) 100vw, 750px\" \/><p id=\"caption-attachment-5069\" class=\"wp-caption-text\">Image par <a href=\"https:\/\/pixabay.com\/fr\/users\/JillWellington-334088\/?utm_source=link-attribution&amp;utm_medium=referral&amp;utm_campaign=image&amp;utm_content=553462\">Jill Wellington<\/a> de <a href=\"https:\/\/pixabay.com\/fr\/?utm_source=link-attribution&amp;utm_medium=referral&amp;utm_campaign=image&amp;utm_content=553462\">Pixabay<\/a><\/p><\/div>\n<p><b>Les vendanges, les jours d\u2019apr\u00e8s<\/b><\/p>\n<p><span style=\"font-weight: 400;\">De la vigne au vin, il n\u2019y a qu\u2019un pas ! Les <a href=\"http:\/\/chateausuau.com\/blog\/le-temps-des-vendanges-et-leurs-secrets\/\" target=\"_blank\" rel=\"noopener noreferrer\">vendanges <\/a><\/span><span style=\"font-weight: 400;\">achev\u00e9es, les grappes de raisins r\u00e9colt\u00e9es, mes soigneurs vont travailler le sol et semer de l\u2019engrais vert durant le mois d\u2019octobre.<\/span><\/p>\n<p><span style=\"font-weight: 400;\">On va ensuite me laisser tranquille, dans un \u00e9tat \u00a0de \u00ab repos v\u00e9g\u00e9tatif \u00bb pour que je puisse hiberner. Je pourrai profiter d\u2019un repos bien m\u00e9rit\u00e9, me d\u00e9garnir et perdre mon feuillage, en pr\u00e9vision de l\u2019hiver qui arrive. D\u00e8s le d\u00e9but du mois de d\u00e9cembre, on s\u2019occupera de moi de nouveau en douceur avec la reprise de la taille. Cette \u00e9tape s\u2019ach\u00e8vera au mois de mars suivant.<\/span><\/p>\n<p><span style=\"font-weight: 400;\">D\u00e9but avril, je recommencerai peu \u00e0 peu \u00e0 repousser&#8230; Le <\/span><a href=\"http:\/\/chateausuau.com\/blog\/le-cycle-de-la-vigne\/\"><span style=\"font-weight: 400;\">cycle de la vigne<\/span><\/a><span style=\"font-weight: 400;\"> sera r\u00e9enclench\u00e9 !<\/span><\/p>\n","protected":false},"excerpt":{"rendered":"<p>Petit raisin deviendra grand. Mais avant cela, il va falloir cr\u00e9er puis prendre soin de sa maman, la vigne ! Nous lui laissons la parole aujourd\u2019hui pour vous compter son histoire, de son premier cri \u00e0 sa vie d\u2019adulte. De la vigne au vin, suivez le guide ! Planter le plant Savez-vous planter des vignes [&hellip;]<\/p>\n","protected":false},"author":6,"featured_media":5068,"comment_status":"open","ping_status":"closed","sticky":false,"template":"","format":"standard","meta":{"_acf_changed":false,"footnotes":""},"categories":[16],"tags":[113,68,95],"class_list":["post-5067","post","type-post","status-publish","format-standard","has-post-thumbnail","hentry","category-nouvelles-suau","tag-oenologie","tag-vignes","tag-vignoble"],"acf":[],"yoast_head":"<!-- This site is optimized with the Yoast SEO plugin v28.3 - https:\/\/yoast.com\/product\/yoast-seo-wordpress\/ -->\n<title>De la vigne au vin : tout savoir sur le cycle de la vigne<\/title>\n<meta name=\"description\" content=\"Nous laissons la parole \u00e0 la vigne qui va vous compter son histoire, de sa naissance \u00e0 sa vie d\u2019adulte. De la vigne au vin, suivez le guide !\" \/>\n<meta name=\"robots\" content=\"index, follow, max-snippet:-1, max-image-preview:large, max-video-preview:-1\" \/>\n<link rel=\"canonical\" href=\"https:\/\/chateausuau.com\/fr\/de-la-vigne-au-vin\/\" \/>\n<meta property=\"og:locale\" content=\"fr_FR\" \/>\n<meta property=\"og:type\" content=\"article\" \/>\n<meta property=\"og:title\" content=\"De la vigne au vin : tout savoir sur le cycle de la vigne\" \/>\n<meta property=\"og:description\" content=\"Nous laissons la parole \u00e0 la vigne qui va vous compter son histoire, de sa naissance \u00e0 sa vie d\u2019adulte. De la vigne au vin, suivez le guide !\" \/>\n<meta property=\"og:url\" content=\"https:\/\/chateausuau.com\/fr\/de-la-vigne-au-vin\/\" \/>\n<meta property=\"og:site_name\" content=\"Chateau Suau\" \/>\n<meta property=\"article:published_time\" content=\"2019-05-22T08:25:36+00:00\" \/>\n<meta property=\"article:modified_time\" content=\"2019-12-21T08:20:06+00:00\" \/>\n<meta property=\"og:image\" content=\"https:\/\/chateausuau.com\/wp-content\/uploads\/2019\/05\/tuscany-428041_1920.jpg\" \/>\n\t<meta property=\"og:image:width\" content=\"1920\" \/>\n\t<meta property=\"og:image:height\" content=\"1280\" \/>\n\t<meta property=\"og:image:type\" content=\"image\/jpeg\" \/>\n<meta name=\"author\" content=\"Solene Duclos\" \/>\n<meta name=\"twitter:label1\" content=\"\u00c9crit par\" \/>\n\t<meta name=\"twitter:data1\" content=\"Solene Duclos\" \/>\n\t<meta name=\"twitter:label2\" content=\"Dur\u00e9e de lecture estim\u00e9e\" \/>\n\t<meta name=\"twitter:data2\" content=\"4 minutes\" \/>\n<script type=\"application\/ld+json\" class=\"yoast-schema-graph\">{\"@context\":\"https:\\\/\\\/schema.org\",\"@graph\":[{\"@type\":\"Article\",\"@id\":\"https:\\\/\\\/chateausuau.com\\\/fr\\\/de-la-vigne-au-vin\\\/#article\",\"isPartOf\":{\"@id\":\"https:\\\/\\\/chateausuau.com\\\/fr\\\/de-la-vigne-au-vin\\\/\"},\"author\":{\"name\":\"Solene Duclos\",\"@id\":\"https:\\\/\\\/chateausuau.com\\\/fr\\\/#\\\/schema\\\/person\\\/7695626c546785060dfc3df2c873f634\"},\"headline\":\"De la vigne au vin : tout savoir sur le cycle de la vi(gn)e !\",\"datePublished\":\"2019-05-22T08:25:36+00:00\",\"dateModified\":\"2019-12-21T08:20:06+00:00\",\"mainEntityOfPage\":{\"@id\":\"https:\\\/\\\/chateausuau.com\\\/fr\\\/de-la-vigne-au-vin\\\/\"},\"wordCount\":752,\"commentCount\":0,\"image\":{\"@id\":\"https:\\\/\\\/chateausuau.com\\\/fr\\\/de-la-vigne-au-vin\\\/#primaryimage\"},\"thumbnailUrl\":\"https:\\\/\\\/chateausuau.com\\\/wp-content\\\/uploads\\\/2019\\\/05\\\/tuscany-428041_1920.jpg\",\"keywords\":[\"Oenologie\",\"Vignes\",\"Vignoble\"],\"articleSection\":[\"La vie \u00e0 Suau\"],\"inLanguage\":\"fr-FR\",\"potentialAction\":[{\"@type\":\"CommentAction\",\"name\":\"Comment\",\"target\":[\"https:\\\/\\\/chateausuau.com\\\/fr\\\/de-la-vigne-au-vin\\\/#respond\"]}]},{\"@type\":\"WebPage\",\"@id\":\"https:\\\/\\\/chateausuau.com\\\/fr\\\/de-la-vigne-au-vin\\\/\",\"url\":\"https:\\\/\\\/chateausuau.com\\\/fr\\\/de-la-vigne-au-vin\\\/\",\"name\":\"De la vigne au vin : tout savoir sur le cycle de la vigne\",\"isPartOf\":{\"@id\":\"https:\\\/\\\/chateausuau.com\\\/fr\\\/#website\"},\"primaryImageOfPage\":{\"@id\":\"https:\\\/\\\/chateausuau.com\\\/fr\\\/de-la-vigne-au-vin\\\/#primaryimage\"},\"image\":{\"@id\":\"https:\\\/\\\/chateausuau.com\\\/fr\\\/de-la-vigne-au-vin\\\/#primaryimage\"},\"thumbnailUrl\":\"https:\\\/\\\/chateausuau.com\\\/wp-content\\\/uploads\\\/2019\\\/05\\\/tuscany-428041_1920.jpg\",\"datePublished\":\"2019-05-22T08:25:36+00:00\",\"dateModified\":\"2019-12-21T08:20:06+00:00\",\"author\":{\"@id\":\"https:\\\/\\\/chateausuau.com\\\/fr\\\/#\\\/schema\\\/person\\\/7695626c546785060dfc3df2c873f634\"},\"description\":\"Nous laissons la parole \u00e0 la vigne qui va vous compter son histoire, de sa naissance \u00e0 sa vie d\u2019adulte. De la vigne au vin, suivez le guide !\",\"breadcrumb\":{\"@id\":\"https:\\\/\\\/chateausuau.com\\\/fr\\\/de-la-vigne-au-vin\\\/#breadcrumb\"},\"inLanguage\":\"fr-FR\",\"potentialAction\":[{\"@type\":\"ReadAction\",\"target\":[\"https:\\\/\\\/chateausuau.com\\\/fr\\\/de-la-vigne-au-vin\\\/\"]}]},{\"@type\":\"ImageObject\",\"inLanguage\":\"fr-FR\",\"@id\":\"https:\\\/\\\/chateausuau.com\\\/fr\\\/de-la-vigne-au-vin\\\/#primaryimage\",\"url\":\"https:\\\/\\\/chateausuau.com\\\/wp-content\\\/uploads\\\/2019\\\/05\\\/tuscany-428041_1920.jpg\",\"contentUrl\":\"https:\\\/\\\/chateausuau.com\\\/wp-content\\\/uploads\\\/2019\\\/05\\\/tuscany-428041_1920.jpg\",\"width\":1920,\"height\":1280},{\"@type\":\"BreadcrumbList\",\"@id\":\"https:\\\/\\\/chateausuau.com\\\/fr\\\/de-la-vigne-au-vin\\\/#breadcrumb\",\"itemListElement\":[{\"@type\":\"ListItem\",\"position\":1,\"name\":\"Accueil\",\"item\":\"https:\\\/\\\/chateausuau.com\\\/fr\\\/\"},{\"@type\":\"ListItem\",\"position\":2,\"name\":\"De la vigne au vin : tout savoir sur le cycle de la vi(gn)e !\"}]},{\"@type\":\"WebSite\",\"@id\":\"https:\\\/\\\/chateausuau.com\\\/fr\\\/#website\",\"url\":\"https:\\\/\\\/chateausuau.com\\\/fr\\\/\",\"name\":\"Chateau Suau\",\"description\":\"Chateau Suau Winery. Official Webiste\",\"potentialAction\":[{\"@type\":\"SearchAction\",\"target\":{\"@type\":\"EntryPoint\",\"urlTemplate\":\"https:\\\/\\\/chateausuau.com\\\/fr\\\/?s={search_term_string}\"},\"query-input\":{\"@type\":\"PropertyValueSpecification\",\"valueRequired\":true,\"valueName\":\"search_term_string\"}}],\"inLanguage\":\"fr-FR\"},{\"@type\":\"Person\",\"@id\":\"https:\\\/\\\/chateausuau.com\\\/fr\\\/#\\\/schema\\\/person\\\/7695626c546785060dfc3df2c873f634\",\"name\":\"Solene Duclos\",\"image\":{\"@type\":\"ImageObject\",\"inLanguage\":\"fr-FR\",\"@id\":\"https:\\\/\\\/secure.gravatar.com\\\/avatar\\\/79d22ce2b51d27b4a157142373687d3b1dd6bbed818fa1a44a10a03037525bd3?s=96&d=mm&r=g\",\"url\":\"https:\\\/\\\/secure.gravatar.com\\\/avatar\\\/79d22ce2b51d27b4a157142373687d3b1dd6bbed818fa1a44a10a03037525bd3?s=96&d=mm&r=g\",\"contentUrl\":\"https:\\\/\\\/secure.gravatar.com\\\/avatar\\\/79d22ce2b51d27b4a157142373687d3b1dd6bbed818fa1a44a10a03037525bd3?s=96&d=mm&r=g\",\"caption\":\"Solene Duclos\"}}]}<\/script>\n<!-- \/ Yoast SEO plugin. -->","yoast_head_json":{"title":"De la vigne au vin : tout savoir sur le cycle de la vigne","description":"Nous laissons la parole \u00e0 la vigne qui va vous compter son histoire, de sa naissance \u00e0 sa vie d\u2019adulte. De la vigne au vin, suivez le guide !","robots":{"index":"index","follow":"follow","max-snippet":"max-snippet:-1","max-image-preview":"max-image-preview:large","max-video-preview":"max-video-preview:-1"},"canonical":"https:\/\/chateausuau.com\/fr\/de-la-vigne-au-vin\/","og_locale":"fr_FR","og_type":"article","og_title":"De la vigne au vin : tout savoir sur le cycle de la vigne","og_description":"Nous laissons la parole \u00e0 la vigne qui va vous compter son histoire, de sa naissance \u00e0 sa vie d\u2019adulte. De la vigne au vin, suivez le guide !","og_url":"https:\/\/chateausuau.com\/fr\/de-la-vigne-au-vin\/","og_site_name":"Chateau Suau","article_published_time":"2019-05-22T08:25:36+00:00","article_modified_time":"2019-12-21T08:20:06+00:00","og_image":[{"width":1920,"height":1280,"url":"https:\/\/chateausuau.com\/wp-content\/uploads\/2019\/05\/tuscany-428041_1920.jpg","type":"image\/jpeg"}],"author":"Solene Duclos","twitter_misc":{"\u00c9crit par":"Solene Duclos","Dur\u00e9e de lecture estim\u00e9e":"4 minutes"},"schema":{"@context":"https:\/\/schema.org","@graph":[{"@type":"Article","@id":"https:\/\/chateausuau.com\/fr\/de-la-vigne-au-vin\/#article","isPartOf":{"@id":"https:\/\/chateausuau.com\/fr\/de-la-vigne-au-vin\/"},"author":{"name":"Solene Duclos","@id":"https:\/\/chateausuau.com\/fr\/#\/schema\/person\/7695626c546785060dfc3df2c873f634"},"headline":"De la vigne au vin : tout savoir sur le cycle de la vi(gn)e !","datePublished":"2019-05-22T08:25:36+00:00","dateModified":"2019-12-21T08:20:06+00:00","mainEntityOfPage":{"@id":"https:\/\/chateausuau.com\/fr\/de-la-vigne-au-vin\/"},"wordCount":752,"commentCount":0,"image":{"@id":"https:\/\/chateausuau.com\/fr\/de-la-vigne-au-vin\/#primaryimage"},"thumbnailUrl":"https:\/\/chateausuau.com\/wp-content\/uploads\/2019\/05\/tuscany-428041_1920.jpg","keywords":["Oenologie","Vignes","Vignoble"],"articleSection":["La vie \u00e0 Suau"],"inLanguage":"fr-FR","potentialAction":[{"@type":"CommentAction","name":"Comment","target":["https:\/\/chateausuau.com\/fr\/de-la-vigne-au-vin\/#respond"]}]},{"@type":"WebPage","@id":"https:\/\/chateausuau.com\/fr\/de-la-vigne-au-vin\/","url":"https:\/\/chateausuau.com\/fr\/de-la-vigne-au-vin\/","name":"De la vigne au vin : tout savoir sur le cycle de la vigne","isPartOf":{"@id":"https:\/\/chateausuau.com\/fr\/#website"},"primaryImageOfPage":{"@id":"https:\/\/chateausuau.com\/fr\/de-la-vigne-au-vin\/#primaryimage"},"image":{"@id":"https:\/\/chateausuau.com\/fr\/de-la-vigne-au-vin\/#primaryimage"},"thumbnailUrl":"https:\/\/chateausuau.com\/wp-content\/uploads\/2019\/05\/tuscany-428041_1920.jpg","datePublished":"2019-05-22T08:25:36+00:00","dateModified":"2019-12-21T08:20:06+00:00","author":{"@id":"https:\/\/chateausuau.com\/fr\/#\/schema\/person\/7695626c546785060dfc3df2c873f634"},"description":"Nous laissons la parole \u00e0 la vigne qui va vous compter son histoire, de sa naissance \u00e0 sa vie d\u2019adulte. De la vigne au vin, suivez le guide !","breadcrumb":{"@id":"https:\/\/chateausuau.com\/fr\/de-la-vigne-au-vin\/#breadcrumb"},"inLanguage":"fr-FR","potentialAction":[{"@type":"ReadAction","target":["https:\/\/chateausuau.com\/fr\/de-la-vigne-au-vin\/"]}]},{"@type":"ImageObject","inLanguage":"fr-FR","@id":"https:\/\/chateausuau.com\/fr\/de-la-vigne-au-vin\/#primaryimage","url":"https:\/\/chateausuau.com\/wp-content\/uploads\/2019\/05\/tuscany-428041_1920.jpg","contentUrl":"https:\/\/chateausuau.com\/wp-content\/uploads\/2019\/05\/tuscany-428041_1920.jpg","width":1920,"height":1280},{"@type":"BreadcrumbList","@id":"https:\/\/chateausuau.com\/fr\/de-la-vigne-au-vin\/#breadcrumb","itemListElement":[{"@type":"ListItem","position":1,"name":"Accueil","item":"https:\/\/chateausuau.com\/fr\/"},{"@type":"ListItem","position":2,"name":"De la vigne au vin : tout savoir sur le cycle de la vi(gn)e !"}]},{"@type":"WebSite","@id":"https:\/\/chateausuau.com\/fr\/#website","url":"https:\/\/chateausuau.com\/fr\/","name":"Chateau Suau","description":"Chateau Suau Winery. Official Webiste","potentialAction":[{"@type":"SearchAction","target":{"@type":"EntryPoint","urlTemplate":"https:\/\/chateausuau.com\/fr\/?s={search_term_string}"},"query-input":{"@type":"PropertyValueSpecification","valueRequired":true,"valueName":"search_term_string"}}],"inLanguage":"fr-FR"},{"@type":"Person","@id":"https:\/\/chateausuau.com\/fr\/#\/schema\/person\/7695626c546785060dfc3df2c873f634","name":"Solene Duclos","image":{"@type":"ImageObject","inLanguage":"fr-FR","@id":"https:\/\/secure.gravatar.com\/avatar\/79d22ce2b51d27b4a157142373687d3b1dd6bbed818fa1a44a10a03037525bd3?s=96&d=mm&r=g","url":"https:\/\/secure.gravatar.com\/avatar\/79d22ce2b51d27b4a157142373687d3b1dd6bbed818fa1a44a10a03037525bd3?s=96&d=mm&r=g","contentUrl":"https:\/\/secure.gravatar.com\/avatar\/79d22ce2b51d27b4a157142373687d3b1dd6bbed818fa1a44a10a03037525bd3?s=96&d=mm&r=g","caption":"Solene Duclos"}}]}},"_links":{"self":[{"href":"https:\/\/chateausuau.com\/fr\/wp-json\/wp\/v2\/posts\/5067","targetHints":{"allow":["GET"]}}],"collection":[{"href":"https:\/\/chateausuau.com\/fr\/wp-json\/wp\/v2\/posts"}],"about":[{"href":"https:\/\/chateausuau.com\/fr\/wp-json\/wp\/v2\/types\/post"}],"author":[{"embeddable":true,"href":"https:\/\/chateausuau.com\/fr\/wp-json\/wp\/v2\/users\/6"}],"replies":[{"embeddable":true,"href":"https:\/\/chateausuau.com\/fr\/wp-json\/wp\/v2\/comments?post=5067"}],"version-history":[{"count":0,"href":"https:\/\/chateausuau.com\/fr\/wp-json\/wp\/v2\/posts\/5067\/revisions"}],"wp:featuredmedia":[{"embeddable":true,"href":"https:\/\/chateausuau.com\/fr\/wp-json\/wp\/v2\/media\/5068"}],"wp:attachment":[{"href":"https:\/\/chateausuau.com\/fr\/wp-json\/wp\/v2\/media?parent=5067"}],"wp:term":[{"taxonomy":"category","embeddable":true,"href":"https:\/\/chateausuau.com\/fr\/wp-json\/wp\/v2\/categories?post=5067"},{"taxonomy":"post_tag","embeddable":true,"href":"https:\/\/chateausuau.com\/fr\/wp-json\/wp\/v2\/tags?post=5067"}],"curies":[{"name":"wp","href":"https:\/\/api.w.org\/{rel}","templated":true}]}}