{"id":4921,"date":"2019-03-21T14:23:04","date_gmt":"2019-03-21T13:23:04","guid":{"rendered":"http:\/\/chateausuau.com\/?p=4921"},"modified":"2020-01-23T18:02:44","modified_gmt":"2020-01-23T17:02:44","slug":"fetes-vendanges-france","status":"publish","type":"post","link":"https:\/\/chateausuau.com\/fr\/fetes-vendanges-france\/","title":{"rendered":"Tour de France des f\u00eates des vendanges"},"content":{"rendered":"<p><b>Chaque ann\u00e9e au mois de septembre, on vendange. Et chaque ann\u00e9e, on c\u00e9l\u00e8bre la fin de ces vendanges. Dans beaucoup de Ch\u00e2teaux et autres domaines viticoles, l\u2019\u00e9v\u00e9nement est honor\u00e9 en petit comit\u00e9 mais dans certaines contr\u00e9es, on organise de v\u00e9ritables festivit\u00e9s. Tour d\u2019horizon des f\u00eates des vendanges les plus c\u00e9l\u00e8bres de France et de Navarre.<\/b><\/p>\n<p><img loading=\"lazy\" decoding=\"async\" class=\"aligncenter wp-image-4922 size-large\" title=\"F\u00eate des vendanges\" src=\"http:\/\/chateausuau.com\/wp-content\/uploads\/2019\/03\/purple-grapes-553464_1920-1024x683.jpg\" alt=\"F\u00eates des vendanges\" width=\"750\" height=\"500\" srcset=\"https:\/\/chateausuau.com\/wp-content\/uploads\/2019\/03\/purple-grapes-553464_1920-1024x683.jpg 1024w, https:\/\/chateausuau.com\/wp-content\/uploads\/2019\/03\/purple-grapes-553464_1920-300x200.jpg 300w, https:\/\/chateausuau.com\/wp-content\/uploads\/2019\/03\/purple-grapes-553464_1920-768x512.jpg 768w, https:\/\/chateausuau.com\/wp-content\/uploads\/2019\/03\/purple-grapes-553464_1920.jpg 1920w\" sizes=\"auto, (max-width: 750px) 100vw, 750px\" \/><\/p>\n<h2><b>F\u00eates des vignes \u00e0 Montmartre (Paris)<\/b><\/h2>\n<p><span style=\"font-weight: 400;\">Contre toute attente, c\u2019est dans la ville lumi\u00e8re que se tient l\u2019une des plus c\u00e9l\u00e8bres f\u00eates des vendanges fran\u00e7aise. Pendant 5 jours, les fameuses vignes montmartroises du 18\u00e8me arrondissement sont en mode guinguette pour le plus grand bonheur des locaux et des touristes. Au programme : d\u00e9gustation de produits artisanaux du coin, expositions, concerts et m\u00eame d\u00e9fil\u00e9s, le tout sur le th\u00e8me de la gastronomie. <\/span><\/p>\n<p><span style=\"font-weight: 400;\">Du 9 au 13 octobre 2019<\/span><\/p>\n<h2><b>Ban des vendanges \u00e0 Saint-Emilion (Gironde)<\/b><\/h2>\n<p><span style=\"font-weight: 400;\">Retour dans le sud ouest chez nos voisins de Saint-Emilion qui organisent une grande sauterie annuelle pr\u00e9sid\u00e9e par la Jurade. La cit\u00e9 m\u00e9di\u00e9vale se pare de 1001 couleurs (et m\u00eame plus) gr\u00e2ce \u00e0 son cort\u00e8ge \u00e0 suivre dans le d\u00e9dale de rues de la cit\u00e9 m\u00e9di\u00e9vale \u00e0 la tomb\u00e9e de la nuit. Au menu des r\u00e9jouissances : du vin bien-s\u00fbr, mais aussi un son et lumi\u00e8re \u00ab\u00a0Vivons sous le m\u00eame ciel\u00a0\u00bb, la Proclamation du Ban des vendanges, ainsi qu\u2019un l\u00e2cher de grappes de ballons dans le ciel de Gironde.<\/span><\/p>\n<p>Du 15 au 16 septembre 2019<\/p>\n<p>&nbsp;<\/p>\n<p><img loading=\"lazy\" decoding=\"async\" class=\"aligncenter wp-image-4923 size-large\" title=\"F\u00eate des vendanges Saint Emilion\" src=\"http:\/\/chateausuau.com\/wp-content\/uploads\/2019\/03\/saint-emilion-1704580_1920-1024x683.jpg\" alt=\"F\u00eate des vendanges Saint Emilion\" width=\"750\" height=\"500\" srcset=\"https:\/\/chateausuau.com\/wp-content\/uploads\/2019\/03\/saint-emilion-1704580_1920-1024x683.jpg 1024w, https:\/\/chateausuau.com\/wp-content\/uploads\/2019\/03\/saint-emilion-1704580_1920-300x200.jpg 300w, https:\/\/chateausuau.com\/wp-content\/uploads\/2019\/03\/saint-emilion-1704580_1920-768x512.jpg 768w, https:\/\/chateausuau.com\/wp-content\/uploads\/2019\/03\/saint-emilion-1704580_1920.jpg 1920w\" sizes=\"auto, (max-width: 750px) 100vw, 750px\" \/><\/p>\n<h2><strong>Bordeaux f\u00eate le vin\u00a0<\/strong><\/h2>\n<p>Du <a title=\"AOC C\u00f4tes de Bordeaux Bio\" href=\"http:\/\/chateausuau.com\/aoc\/cotes-de-bordeaux-bio\/\">c\u00f4t\u00e9 de Bordeaux<\/a>, on f\u00eate le vin en (tr\u00e8s) grande pompe bien avant les vendanges, lors du bien nomm\u00e9 \u00ab\u00a0Bordeaux f\u00eate le vin\u00a0\u00bb. Tous les deux ans, des\u00a0centaines de\u00a0professionnels du monde du vin, de la gastronomie et du tourisme\u00a0investissent les quais afin de faire d\u00e9couvrir aux locaux et aux visiteurs leur savoir-faire. Arm\u00e9 d&rsquo;un s\u00e9same et d&rsquo;un verre estampill\u00e9 aux couleurs de l&rsquo;\u00e9v\u00e8nement, on peut ainsi tester une dizaine de crus de son choix, sur les rives de la Garonne. Chaque journ\u00e9e s&rsquo;ach\u00e8ve au rythme de\u00a0soir\u00e9es endiabl\u00e9es et d&rsquo;un splendide spectacle pyrotechnique.<\/p>\n<p>Du 18 au 21 juin 2020 (en 2019 se tiendra \u00ab\u00a0Bordeaux F\u00eate le Fleuve\u00a0\u00bb durant lequel le vin est \u00e9galement mis \u00e0 l&rsquo;honneur !).<\/p>\n<h2><b>F\u00eates des vendanges de Joigny (Bourgogne)<\/b><\/h2>\n<p><span style=\"font-weight: 400;\">Partons chez nos amis bourguignons qui f\u00eateront en 2019 le trentenaire de la f\u00eate de Joigny. Stands divers et vari\u00e9s (vignerons, commer\u00e7ants, artisans), musiques folkloriques qui swinguent, intronisations, gastronomie et randonn\u00e9e digestive dans les vignes\u2026 Un beau programme en perspective pour la future cuv\u00e9e 2019 car c\u2019est bien connu, on n\u2019a pas tous les jours 30 ans !<\/span><\/p>\n<p><span style=\"font-weight: 400;\">Le 13 octobre 2019<\/span><\/p>\n<h2><b>F\u00eates des vendanges de Banyuls (Pyr\u00e9n\u00e9es-Orientales)<\/b><\/h2>\n<p><span style=\"font-weight: 400;\">L\u2019histoire de la f\u00eate des vendanges de Banyuls \u2013petite commune situ\u00e9e au sud de Perpignan- commence un beau jour d\u2019octobre 1996. 24 ans plus tard, on c\u00e9l\u00e8bre toujours l\u2019\u00e9v\u00e9nement. Les visages se tournent d\u2019abord vers la grande Bleue pour guetter l\u2019arriv\u00e9e des barques catalanes. Puis c\u2019est sur terre que l\u2019on se r\u00e9gale avec le march\u00e9 du terroir, les ateliers du go\u00fbt, ainsi que les d\u00e9gustations de produits de la mer et de vins AOC Banyuls et Collioure. Pour dig\u00e9rer, rien de tel que les spectacles, fanfares et randonn\u00e9es organis\u00e9es tout le week-end.<\/span><\/p>\n<p><span style=\"font-weight: 400;\">Du 9 au 13 octobre 2019<\/span><\/p>\n<h2><b>F\u00eates des vendanges \u00e0 Cheverny (Loir-et-Cher)<\/b><\/h2>\n<p><span style=\"font-weight: 400;\">Vous connaissez s\u00fbrement son ch\u00e2teau, celui qui devint c\u00e9l\u00e8bre gr\u00e2ce \u00e0 un certain Herg\u00e9 (et un certain Tintin). \u00a0Ce que vous ignorez probablement, c\u2019est que la bourgade qui accueille l\u2019illustre b\u00e2tisse organise sa propre fiesta des vendanges. Au menu des r\u00e9jouissances gustatives et festives : rencontres avec des vignerons, d\u00e9gustation de vins d\u2019AOC Cheverny et AOC Cour Cheverny, randonn\u00e9es dans le vignoble, animations, march\u00e9 du terroir, \u0153nofestival\u2026<\/span><\/p>\n<p><span style=\"font-weight: 400;\">Le 7 septembre 2019<\/span><\/p>\n<h2><b>F\u00eates des vendanges de Barr (Alsace)<\/b><\/h2>\n<p><span style=\"font-weight: 400;\">On remonte dans l\u2019Est de la France avec une f\u00eate qui place haut la barre des f\u00eates des vendanges. Avec ses 67 printemps, celle de Barr est consid\u00e9r\u00e9e comme la plus importante du Grand Est. Sur la seule journ\u00e9e du dimanche, ce sont plus de 16 000 personnes qui se baladent en ville. Cort\u00e8ge fleuri, animations, march\u00e9 aux puces et bien \u00e9videmment d\u00e9gustation de vins seront au programme de la prochaine \u00e9dition qui promet de \u00ab grosses barres \u00bb de rires !<\/span><\/p>\n<p><span style=\"font-weight: 400;\">Premier week-end d\u2019octobre 2019 (dates \u00e0 confirmer).<\/span><\/p>\n<h2><b>F\u00e9ria des vendanges N\u00eemes (Languedoc)<\/b><\/h2>\n<p><span style=\"font-weight: 400;\">Les N\u00eemois sont des sp\u00e9cialistes de la f\u00e9rias. La preuve avec cette 2\u00e8me f\u00e9ria de l\u2019ann\u00e9e dans la cit\u00e9. L\u2019\u00e9v\u00e9nement vient achever <\/span><i><span style=\"font-weight: 400;\">la temporada<\/span><\/i><span style=\"font-weight: 400;\"> aka la saison tauromachique. Pendant ces trois jours de bonne ambiance, vous aurez le choix entre corridas, l\u00e2ch\u00e9s de taureaux, fanfares, bodegas et d\u00e9gustations bien entendu. Autre f\u00eate dans le coin : la f\u00eate des vendanges de l\u2019Histoire organis\u00e9e pendant le 2\u00e8me week-end d\u2019octobre dans le village de Chusclan qui replonge ses visiteurs dans l&rsquo;ambiance d&rsquo;un village vigneron rhodanien du d\u00e9but du 20\u00e8me si\u00e8cle.<\/span><\/p>\n<p><span style=\"font-weight: 400;\">Du 13 au 15 septembre 2019<\/span><span style=\"font-weight: 400;\"><br \/>\n<\/span><\/p>\n<h2><b>Les vendanges \u00e9toil\u00e9es de Cassis<\/b><\/h2>\n<p><span style=\"font-weight: 400;\">Avec son nom po\u00e9tique, on pourrait s\u2019attendre \u00e0 siroter un verre sous les \u00e9toiles. Mais si la vo\u00fbte de Cassis est superbe, c\u2019est bien de gastronomie dont il est question ! Pos\u00e9 \u00e0 20 km de Marseille, le petit port de p\u00eache et de plaisance accueillera la 10\u00e8me \u00e9dition de l\u2019\u00e9v\u00e9nement. Trois jours d\u00e9di\u00e9s \u00e0 la gastronomie et aux vins AOC Cassis avec un march\u00e9 de producteurs et des artisans de l\u2019art, de multiples d\u00e9monstrations des chefs (dont certains tr\u00e8s renomm\u00e9s), des cours de p\u00e2tisserie et de cuisine pour petits et grands, des bars \u00e0 vins\u2026<\/span><\/p>\n<p><span style=\"font-weight: 400;\">Troisi\u00e8me semaine de septembre (dates \u00e0 confirmer)<\/span><\/p>\n<p><span style=\"font-weight: 400;\">Et vous, avez-vous d\u00e9j\u00e0 test\u00e9 une f\u00eate des vendanges ? <\/span><\/p>\n","protected":false},"excerpt":{"rendered":"<p>Chaque ann\u00e9e au mois de septembre, on vendange. Et chaque ann\u00e9e, on c\u00e9l\u00e8bre la fin de ces vendanges. Dans beaucoup de Ch\u00e2teaux et autres domaines viticoles, l\u2019\u00e9v\u00e9nement est honor\u00e9 en petit comit\u00e9 mais dans certaines contr\u00e9es, on organise de v\u00e9ritables festivit\u00e9s. Tour d\u2019horizon des f\u00eates des vendanges les plus c\u00e9l\u00e8bres de France et de Navarre. [&hellip;]<\/p>\n","protected":false},"author":6,"featured_media":4922,"comment_status":"open","ping_status":"open","sticky":false,"template":"","format":"standard","meta":{"_acf_changed":false,"footnotes":""},"categories":[16],"tags":[40,462,70],"class_list":["post-4921","post","type-post","status-publish","format-standard","has-post-thumbnail","hentry","category-nouvelles-suau","tag-saint-emilion","tag-tourisme","tag-vendanges"],"acf":[],"yoast_head":"<!-- This site is optimized with the Yoast SEO plugin v28.3 - https:\/\/yoast.com\/product\/yoast-seo-wordpress\/ -->\n<title>Tour de France des f\u00eates des vendanges - Chateau Suau<\/title>\n<meta name=\"description\" content=\"De Saint-Emilion \u00e0 l&#039;Alsace, suivez notre tour d\u2019horizon des f\u00eates des vendanges les plus c\u00e9l\u00e8bres de France et de Navarre.\" \/>\n<meta name=\"robots\" content=\"index, follow, max-snippet:-1, max-image-preview:large, max-video-preview:-1\" \/>\n<link rel=\"canonical\" href=\"https:\/\/chateausuau.com\/fr\/fetes-vendanges-france\/\" \/>\n<meta property=\"og:locale\" content=\"fr_FR\" \/>\n<meta property=\"og:type\" content=\"article\" \/>\n<meta property=\"og:title\" content=\"Tour de France des f\u00eates des vendanges - Chateau Suau\" \/>\n<meta property=\"og:description\" content=\"De Saint-Emilion \u00e0 l&#039;Alsace, suivez notre tour d\u2019horizon des f\u00eates des vendanges les plus c\u00e9l\u00e8bres de France et de Navarre.\" \/>\n<meta property=\"og:url\" content=\"https:\/\/chateausuau.com\/fr\/fetes-vendanges-france\/\" \/>\n<meta property=\"og:site_name\" content=\"Chateau Suau\" \/>\n<meta property=\"article:published_time\" content=\"2019-03-21T13:23:04+00:00\" \/>\n<meta property=\"article:modified_time\" content=\"2020-01-23T17:02:44+00:00\" \/>\n<meta property=\"og:image\" content=\"https:\/\/chateausuau.com\/wp-content\/uploads\/2019\/03\/purple-grapes-553464_1920.jpg\" \/>\n\t<meta property=\"og:image:width\" content=\"1920\" \/>\n\t<meta property=\"og:image:height\" content=\"1280\" \/>\n\t<meta property=\"og:image:type\" content=\"image\/jpeg\" \/>\n<meta name=\"author\" content=\"Solene Duclos\" \/>\n<meta name=\"twitter:label1\" content=\"\u00c9crit par\" \/>\n\t<meta name=\"twitter:data1\" content=\"Solene Duclos\" \/>\n\t<meta name=\"twitter:label2\" content=\"Dur\u00e9e de lecture estim\u00e9e\" \/>\n\t<meta name=\"twitter:data2\" content=\"5 minutes\" \/>\n<script type=\"application\/ld+json\" class=\"yoast-schema-graph\">{\"@context\":\"https:\\\/\\\/schema.org\",\"@graph\":[{\"@type\":\"Article\",\"@id\":\"https:\\\/\\\/chateausuau.com\\\/fr\\\/fetes-vendanges-france\\\/#article\",\"isPartOf\":{\"@id\":\"https:\\\/\\\/chateausuau.com\\\/fr\\\/fetes-vendanges-france\\\/\"},\"author\":{\"name\":\"Solene Duclos\",\"@id\":\"https:\\\/\\\/chateausuau.com\\\/fr\\\/#\\\/schema\\\/person\\\/7695626c546785060dfc3df2c873f634\"},\"headline\":\"Tour de France des f\u00eates des vendanges\",\"datePublished\":\"2019-03-21T13:23:04+00:00\",\"dateModified\":\"2020-01-23T17:02:44+00:00\",\"mainEntityOfPage\":{\"@id\":\"https:\\\/\\\/chateausuau.com\\\/fr\\\/fetes-vendanges-france\\\/\"},\"wordCount\":1028,\"commentCount\":0,\"image\":{\"@id\":\"https:\\\/\\\/chateausuau.com\\\/fr\\\/fetes-vendanges-france\\\/#primaryimage\"},\"thumbnailUrl\":\"https:\\\/\\\/chateausuau.com\\\/wp-content\\\/uploads\\\/2019\\\/03\\\/purple-grapes-553464_1920.jpg\",\"keywords\":[\"Saint-Emilion\",\"tourisme\",\"Vendanges\"],\"articleSection\":[\"La vie \u00e0 Suau\"],\"inLanguage\":\"fr-FR\",\"potentialAction\":[{\"@type\":\"CommentAction\",\"name\":\"Comment\",\"target\":[\"https:\\\/\\\/chateausuau.com\\\/fr\\\/fetes-vendanges-france\\\/#respond\"]}]},{\"@type\":\"WebPage\",\"@id\":\"https:\\\/\\\/chateausuau.com\\\/fr\\\/fetes-vendanges-france\\\/\",\"url\":\"https:\\\/\\\/chateausuau.com\\\/fr\\\/fetes-vendanges-france\\\/\",\"name\":\"Tour de France des f\u00eates des vendanges - Chateau Suau\",\"isPartOf\":{\"@id\":\"https:\\\/\\\/chateausuau.com\\\/fr\\\/#website\"},\"primaryImageOfPage\":{\"@id\":\"https:\\\/\\\/chateausuau.com\\\/fr\\\/fetes-vendanges-france\\\/#primaryimage\"},\"image\":{\"@id\":\"https:\\\/\\\/chateausuau.com\\\/fr\\\/fetes-vendanges-france\\\/#primaryimage\"},\"thumbnailUrl\":\"https:\\\/\\\/chateausuau.com\\\/wp-content\\\/uploads\\\/2019\\\/03\\\/purple-grapes-553464_1920.jpg\",\"datePublished\":\"2019-03-21T13:23:04+00:00\",\"dateModified\":\"2020-01-23T17:02:44+00:00\",\"author\":{\"@id\":\"https:\\\/\\\/chateausuau.com\\\/fr\\\/#\\\/schema\\\/person\\\/7695626c546785060dfc3df2c873f634\"},\"description\":\"De Saint-Emilion \u00e0 l'Alsace, suivez notre tour d\u2019horizon des f\u00eates des vendanges les plus c\u00e9l\u00e8bres de France et de Navarre.\",\"breadcrumb\":{\"@id\":\"https:\\\/\\\/chateausuau.com\\\/fr\\\/fetes-vendanges-france\\\/#breadcrumb\"},\"inLanguage\":\"fr-FR\",\"potentialAction\":[{\"@type\":\"ReadAction\",\"target\":[\"https:\\\/\\\/chateausuau.com\\\/fr\\\/fetes-vendanges-france\\\/\"]}]},{\"@type\":\"ImageObject\",\"inLanguage\":\"fr-FR\",\"@id\":\"https:\\\/\\\/chateausuau.com\\\/fr\\\/fetes-vendanges-france\\\/#primaryimage\",\"url\":\"https:\\\/\\\/chateausuau.com\\\/wp-content\\\/uploads\\\/2019\\\/03\\\/purple-grapes-553464_1920.jpg\",\"contentUrl\":\"https:\\\/\\\/chateausuau.com\\\/wp-content\\\/uploads\\\/2019\\\/03\\\/purple-grapes-553464_1920.jpg\",\"width\":1920,\"height\":1280},{\"@type\":\"BreadcrumbList\",\"@id\":\"https:\\\/\\\/chateausuau.com\\\/fr\\\/fetes-vendanges-france\\\/#breadcrumb\",\"itemListElement\":[{\"@type\":\"ListItem\",\"position\":1,\"name\":\"Accueil\",\"item\":\"https:\\\/\\\/chateausuau.com\\\/fr\\\/\"},{\"@type\":\"ListItem\",\"position\":2,\"name\":\"Tour de France des f\u00eates des vendanges\"}]},{\"@type\":\"WebSite\",\"@id\":\"https:\\\/\\\/chateausuau.com\\\/fr\\\/#website\",\"url\":\"https:\\\/\\\/chateausuau.com\\\/fr\\\/\",\"name\":\"Chateau Suau\",\"description\":\"Chateau Suau Winery. Official Webiste\",\"potentialAction\":[{\"@type\":\"SearchAction\",\"target\":{\"@type\":\"EntryPoint\",\"urlTemplate\":\"https:\\\/\\\/chateausuau.com\\\/fr\\\/?s={search_term_string}\"},\"query-input\":{\"@type\":\"PropertyValueSpecification\",\"valueRequired\":true,\"valueName\":\"search_term_string\"}}],\"inLanguage\":\"fr-FR\"},{\"@type\":\"Person\",\"@id\":\"https:\\\/\\\/chateausuau.com\\\/fr\\\/#\\\/schema\\\/person\\\/7695626c546785060dfc3df2c873f634\",\"name\":\"Solene Duclos\",\"image\":{\"@type\":\"ImageObject\",\"inLanguage\":\"fr-FR\",\"@id\":\"https:\\\/\\\/secure.gravatar.com\\\/avatar\\\/79d22ce2b51d27b4a157142373687d3b1dd6bbed818fa1a44a10a03037525bd3?s=96&d=mm&r=g\",\"url\":\"https:\\\/\\\/secure.gravatar.com\\\/avatar\\\/79d22ce2b51d27b4a157142373687d3b1dd6bbed818fa1a44a10a03037525bd3?s=96&d=mm&r=g\",\"contentUrl\":\"https:\\\/\\\/secure.gravatar.com\\\/avatar\\\/79d22ce2b51d27b4a157142373687d3b1dd6bbed818fa1a44a10a03037525bd3?s=96&d=mm&r=g\",\"caption\":\"Solene Duclos\"}}]}<\/script>\n<!-- \/ Yoast SEO plugin. -->","yoast_head_json":{"title":"Tour de France des f\u00eates des vendanges - Chateau Suau","description":"De Saint-Emilion \u00e0 l'Alsace, suivez notre tour d\u2019horizon des f\u00eates des vendanges les plus c\u00e9l\u00e8bres de France et de Navarre.","robots":{"index":"index","follow":"follow","max-snippet":"max-snippet:-1","max-image-preview":"max-image-preview:large","max-video-preview":"max-video-preview:-1"},"canonical":"https:\/\/chateausuau.com\/fr\/fetes-vendanges-france\/","og_locale":"fr_FR","og_type":"article","og_title":"Tour de France des f\u00eates des vendanges - Chateau Suau","og_description":"De Saint-Emilion \u00e0 l'Alsace, suivez notre tour d\u2019horizon des f\u00eates des vendanges les plus c\u00e9l\u00e8bres de France et de Navarre.","og_url":"https:\/\/chateausuau.com\/fr\/fetes-vendanges-france\/","og_site_name":"Chateau Suau","article_published_time":"2019-03-21T13:23:04+00:00","article_modified_time":"2020-01-23T17:02:44+00:00","og_image":[{"width":1920,"height":1280,"url":"https:\/\/chateausuau.com\/wp-content\/uploads\/2019\/03\/purple-grapes-553464_1920.jpg","type":"image\/jpeg"}],"author":"Solene Duclos","twitter_misc":{"\u00c9crit par":"Solene Duclos","Dur\u00e9e de lecture estim\u00e9e":"5 minutes"},"schema":{"@context":"https:\/\/schema.org","@graph":[{"@type":"Article","@id":"https:\/\/chateausuau.com\/fr\/fetes-vendanges-france\/#article","isPartOf":{"@id":"https:\/\/chateausuau.com\/fr\/fetes-vendanges-france\/"},"author":{"name":"Solene Duclos","@id":"https:\/\/chateausuau.com\/fr\/#\/schema\/person\/7695626c546785060dfc3df2c873f634"},"headline":"Tour de France des f\u00eates des vendanges","datePublished":"2019-03-21T13:23:04+00:00","dateModified":"2020-01-23T17:02:44+00:00","mainEntityOfPage":{"@id":"https:\/\/chateausuau.com\/fr\/fetes-vendanges-france\/"},"wordCount":1028,"commentCount":0,"image":{"@id":"https:\/\/chateausuau.com\/fr\/fetes-vendanges-france\/#primaryimage"},"thumbnailUrl":"https:\/\/chateausuau.com\/wp-content\/uploads\/2019\/03\/purple-grapes-553464_1920.jpg","keywords":["Saint-Emilion","tourisme","Vendanges"],"articleSection":["La vie \u00e0 Suau"],"inLanguage":"fr-FR","potentialAction":[{"@type":"CommentAction","name":"Comment","target":["https:\/\/chateausuau.com\/fr\/fetes-vendanges-france\/#respond"]}]},{"@type":"WebPage","@id":"https:\/\/chateausuau.com\/fr\/fetes-vendanges-france\/","url":"https:\/\/chateausuau.com\/fr\/fetes-vendanges-france\/","name":"Tour de France des f\u00eates des vendanges - Chateau Suau","isPartOf":{"@id":"https:\/\/chateausuau.com\/fr\/#website"},"primaryImageOfPage":{"@id":"https:\/\/chateausuau.com\/fr\/fetes-vendanges-france\/#primaryimage"},"image":{"@id":"https:\/\/chateausuau.com\/fr\/fetes-vendanges-france\/#primaryimage"},"thumbnailUrl":"https:\/\/chateausuau.com\/wp-content\/uploads\/2019\/03\/purple-grapes-553464_1920.jpg","datePublished":"2019-03-21T13:23:04+00:00","dateModified":"2020-01-23T17:02:44+00:00","author":{"@id":"https:\/\/chateausuau.com\/fr\/#\/schema\/person\/7695626c546785060dfc3df2c873f634"},"description":"De Saint-Emilion \u00e0 l'Alsace, suivez notre tour d\u2019horizon des f\u00eates des vendanges les plus c\u00e9l\u00e8bres de France et de Navarre.","breadcrumb":{"@id":"https:\/\/chateausuau.com\/fr\/fetes-vendanges-france\/#breadcrumb"},"inLanguage":"fr-FR","potentialAction":[{"@type":"ReadAction","target":["https:\/\/chateausuau.com\/fr\/fetes-vendanges-france\/"]}]},{"@type":"ImageObject","inLanguage":"fr-FR","@id":"https:\/\/chateausuau.com\/fr\/fetes-vendanges-france\/#primaryimage","url":"https:\/\/chateausuau.com\/wp-content\/uploads\/2019\/03\/purple-grapes-553464_1920.jpg","contentUrl":"https:\/\/chateausuau.com\/wp-content\/uploads\/2019\/03\/purple-grapes-553464_1920.jpg","width":1920,"height":1280},{"@type":"BreadcrumbList","@id":"https:\/\/chateausuau.com\/fr\/fetes-vendanges-france\/#breadcrumb","itemListElement":[{"@type":"ListItem","position":1,"name":"Accueil","item":"https:\/\/chateausuau.com\/fr\/"},{"@type":"ListItem","position":2,"name":"Tour de France des f\u00eates des vendanges"}]},{"@type":"WebSite","@id":"https:\/\/chateausuau.com\/fr\/#website","url":"https:\/\/chateausuau.com\/fr\/","name":"Chateau Suau","description":"Chateau Suau Winery. Official Webiste","potentialAction":[{"@type":"SearchAction","target":{"@type":"EntryPoint","urlTemplate":"https:\/\/chateausuau.com\/fr\/?s={search_term_string}"},"query-input":{"@type":"PropertyValueSpecification","valueRequired":true,"valueName":"search_term_string"}}],"inLanguage":"fr-FR"},{"@type":"Person","@id":"https:\/\/chateausuau.com\/fr\/#\/schema\/person\/7695626c546785060dfc3df2c873f634","name":"Solene Duclos","image":{"@type":"ImageObject","inLanguage":"fr-FR","@id":"https:\/\/secure.gravatar.com\/avatar\/79d22ce2b51d27b4a157142373687d3b1dd6bbed818fa1a44a10a03037525bd3?s=96&d=mm&r=g","url":"https:\/\/secure.gravatar.com\/avatar\/79d22ce2b51d27b4a157142373687d3b1dd6bbed818fa1a44a10a03037525bd3?s=96&d=mm&r=g","contentUrl":"https:\/\/secure.gravatar.com\/avatar\/79d22ce2b51d27b4a157142373687d3b1dd6bbed818fa1a44a10a03037525bd3?s=96&d=mm&r=g","caption":"Solene Duclos"}}]}},"_links":{"self":[{"href":"https:\/\/chateausuau.com\/fr\/wp-json\/wp\/v2\/posts\/4921","targetHints":{"allow":["GET"]}}],"collection":[{"href":"https:\/\/chateausuau.com\/fr\/wp-json\/wp\/v2\/posts"}],"about":[{"href":"https:\/\/chateausuau.com\/fr\/wp-json\/wp\/v2\/types\/post"}],"author":[{"embeddable":true,"href":"https:\/\/chateausuau.com\/fr\/wp-json\/wp\/v2\/users\/6"}],"replies":[{"embeddable":true,"href":"https:\/\/chateausuau.com\/fr\/wp-json\/wp\/v2\/comments?post=4921"}],"version-history":[{"count":0,"href":"https:\/\/chateausuau.com\/fr\/wp-json\/wp\/v2\/posts\/4921\/revisions"}],"wp:featuredmedia":[{"embeddable":true,"href":"https:\/\/chateausuau.com\/fr\/wp-json\/wp\/v2\/media\/4922"}],"wp:attachment":[{"href":"https:\/\/chateausuau.com\/fr\/wp-json\/wp\/v2\/media?parent=4921"}],"wp:term":[{"taxonomy":"category","embeddable":true,"href":"https:\/\/chateausuau.com\/fr\/wp-json\/wp\/v2\/categories?post=4921"},{"taxonomy":"post_tag","embeddable":true,"href":"https:\/\/chateausuau.com\/fr\/wp-json\/wp\/v2\/tags?post=4921"}],"curies":[{"name":"wp","href":"https:\/\/api.w.org\/{rel}","templated":true}]}}