{"id":4317,"date":"2018-05-29T07:00:12","date_gmt":"2018-05-29T05:00:12","guid":{"rendered":"http:\/\/chateausuau.com\/?p=4317"},"modified":"2020-01-23T18:35:58","modified_gmt":"2020-01-23T17:35:58","slug":"bourdeaux-fete-le-vin","status":"publish","type":"post","link":"https:\/\/chateausuau.com\/fr\/bourdeaux-fete-le-vin\/","title":{"rendered":"Bordeaux F\u00eate le Vin 2018 : le programme\u2009!"},"content":{"rendered":"<p><img loading=\"lazy\" decoding=\"async\" class=\"alignnone size-full wp-image-4321\" src=\"http:\/\/chateausuau.com\/wp-content\/uploads\/2018\/05\/chateau-suau-bordeaux-fete-le-vin-2018-feature.jpg\" alt=\"chateau suau bordeaux fete le vin 2018 feature\" width=\"1200\" height=\"826\" srcset=\"https:\/\/chateausuau.com\/wp-content\/uploads\/2018\/05\/chateau-suau-bordeaux-fete-le-vin-2018-feature.jpg 1200w, https:\/\/chateausuau.com\/wp-content\/uploads\/2018\/05\/chateau-suau-bordeaux-fete-le-vin-2018-feature-300x207.jpg 300w, https:\/\/chateausuau.com\/wp-content\/uploads\/2018\/05\/chateau-suau-bordeaux-fete-le-vin-2018-feature-768x529.jpg 768w, https:\/\/chateausuau.com\/wp-content\/uploads\/2018\/05\/chateau-suau-bordeaux-fete-le-vin-2018-feature-1024x705.jpg 1024w\" sizes=\"auto, (max-width: 1200px) 100vw, 1200px\" \/><\/p>\n<p>Cette ann\u00e9e, Bordeaux c\u00e9l\u00e9brera la 20\u00e8me \u00e9dition de sa d\u00e9sormais c\u00e9l\u00e8bre biennale d\u00e9di\u00e9e au vin et \u00e0 son univers. Le centre de la ville sera une nouvelle fois anim\u00e9 durant cinq jours, du 14 au 18 juin 2018. Spectacle pyrotechnique, visite de grands voiliers, d\u00e9fil\u00e9s, animations gratuites et stands de d\u00e9gustation : pour cette \u00e9dition tr\u00e8s sp\u00e9ciale, Bordeaux met le paquet avec un programme qui ravira \u00e0 coup s\u00fbr tant les Bordelais que les milliers de visiteurs \u00e9trangers qui afflueront pour l\u2019occasion. Petit tour d\u2019horizon de ce que r\u00e9serve cette 20e \u00e9dition\u2026<\/p>\n<h2>Le th\u00e8me de cette ann\u00e9e : la voile\u2009!<\/h2>\n<p>Durant cinq jours, la ville c\u00e9l\u00e9brera le vin et la voile, th\u00e8me de cette \u00e9dition anniversaire. Une trentaine de voiliers seront accueillis pour l\u2019occasion, certains venant de Liverpool et de Dublin dans le cadre de la Tall Ships Regatta. Des visites seront organis\u00e9es durant ces journ\u00e9es, payantes le matin (sur r\u00e9servation), gratuites l\u2019apr\u00e8s-midi (sans r\u00e9servation, mais sans garantie d\u2019acc\u00e8s en fonction de l\u2019affluence). Parmi les voiliers que l\u2019on pourra d\u00e9couvrir, citons le Bel\u00e9m, l\u2019Etoile du Roy ou encore le Royal Helena. Des gr\u00e9ements seront \u00e9galement accessibles gratuitement du jeudi 14 au dimanche 17 juin, de 10h30 \u00e0 12h30 et de 14h \u00e0 18h30.<\/p>\n<div id=\"attachment_4320\" style=\"width: 1210px\" class=\"wp-caption alignnone\"><img loading=\"lazy\" decoding=\"async\" aria-describedby=\"caption-attachment-4320\" class=\"wp-image-4320 size-full\" src=\"http:\/\/chateausuau.com\/wp-content\/uploads\/2018\/05\/chateau-suau-bordeaux-fete-le-vin-2018-regate.jpg\" alt=\"chateau suau bordeaux fete le vin 2018 regate\" width=\"1200\" height=\"800\" srcset=\"https:\/\/chateausuau.com\/wp-content\/uploads\/2018\/05\/chateau-suau-bordeaux-fete-le-vin-2018-regate.jpg 1200w, https:\/\/chateausuau.com\/wp-content\/uploads\/2018\/05\/chateau-suau-bordeaux-fete-le-vin-2018-regate-300x200.jpg 300w, https:\/\/chateausuau.com\/wp-content\/uploads\/2018\/05\/chateau-suau-bordeaux-fete-le-vin-2018-regate-768x512.jpg 768w, https:\/\/chateausuau.com\/wp-content\/uploads\/2018\/05\/chateau-suau-bordeaux-fete-le-vin-2018-regate-1024x683.jpg 1024w\" sizes=\"auto, (max-width: 1200px) 100vw, 1200px\" \/><p id=\"caption-attachment-4320\" class=\"wp-caption-text\">Photo credit: <a href=\"https:\/\/visualhunt.com\/author\/def3cf\">Jonathan d[-_-]b<\/a> on <a href=\"https:\/\/visualhunt.com\/re\/a85136\">Visualhunt.com<\/a> \/ <a href=\"http:\/\/creativecommons.org\/licenses\/by-nc-sa\/2.0\/\"> CC BY-NC-SA<\/a><\/p><\/div>\n<h2>Deck parties sur les ponts des grands voiliers<\/h2>\n<p>Que diriez-vous d\u2019assister au spectacle pyrotechnique donn\u00e9 sur la Garonne depuis le pont du vera Cruz, de l\u2019\u00c9toile du Roy ou du Morgenster\u2009? Des soir\u00e9es sont organis\u00e9es du jeudi 14 au dimanche 17, de 22h \u00e0 minuit. Le tarif de 25 \u20ac (adulte) comprend deux verres de d\u00e9gustation de vin ainsi que des accompagnements sal\u00e9s ou sucr\u00e9s et bien s\u00fbr, la visite du bateau. Plus d\u2019informations et r\u00e9servation sur le <strong><a href=\"https:\/\/www.bordeaux-fete-le-vin.com\/Cote-grands-voiliers\/A-bord-des-Grands-Voiliers\/Les-deck-parties-sur-les-ponts-des-grands-voiliers\" target=\"_blank\" rel=\"noopener noreferrer\">site de l\u2019\u00e9v\u00e8nement<\/a><\/strong>.<\/p>\n<h2>Grand spectacle pyrotechnique par le Groupe F.<\/h2>\n<p>Chaque soir durant ces 5 jours, les visiteurs pourront appr\u00e9cier un show gigantesque tir\u00e9 sur la Garonne, imagin\u00e9 par le Groupe F. Le th\u00e8me : les Feux du Dragon\u2009! Visible depuis les quais, il se d\u00e9roulera chaque soir \u00e0 23h30 pour une dur\u00e9e de 25 minutes environ.<\/p>\n<h2>Les vignerons bio \u00e0 l\u2019honneur<\/h2>\n<p>En 2016, la d\u00e9gustation de vin bio mise en musique par l\u2019Orchestre National de Bordeaux Aquitaine \u00e0 Darwin a attir\u00e9 pas loin d\u2019un millier de visiteurs. C\u2019est donc tout naturellement que vous retrouverez cette ann\u00e9e encore les vignerons bio pour une nouvelle soir\u00e9e organis\u00e9e avec l\u2019ONBA. Vous pourrez ainsi d\u00e9couvrir ou red\u00e9couvrir une large palette de vins du Bordelais et quelques-uns des r\u00e9gions limitrophes : Duras, Juran\u00e7on, Bergerac, etc. L\u2019occasion \u00e9galement de rencontrer une partie de l\u2019\u00e9quipe de Ch\u00e2teau Suau :\u00a0<span style=\"font-weight: 400;\">nous serons pour l\u2019occasion install\u00e9s \u00e0 proximit\u00e9 des vins de Cadillac C\u00f4te de Bordeaux, n\u2019h\u00e9sitez pas \u00e0 passer nous voir !<\/span><\/p>\n<div id=\"attachment_4318\" style=\"width: 1210px\" class=\"wp-caption alignnone\"><img loading=\"lazy\" decoding=\"async\" aria-describedby=\"caption-attachment-4318\" class=\"wp-image-4318 size-full\" src=\"http:\/\/chateausuau.com\/wp-content\/uploads\/2018\/05\/chateau-suau-bordeaux-fete-le-vin-animations.jpg\" alt=\"chateau suau bordeaux fete le vin animations\" width=\"1200\" height=\"800\" srcset=\"https:\/\/chateausuau.com\/wp-content\/uploads\/2018\/05\/chateau-suau-bordeaux-fete-le-vin-animations.jpg 1200w, https:\/\/chateausuau.com\/wp-content\/uploads\/2018\/05\/chateau-suau-bordeaux-fete-le-vin-animations-300x200.jpg 300w, https:\/\/chateausuau.com\/wp-content\/uploads\/2018\/05\/chateau-suau-bordeaux-fete-le-vin-animations-768x512.jpg 768w, https:\/\/chateausuau.com\/wp-content\/uploads\/2018\/05\/chateau-suau-bordeaux-fete-le-vin-animations-1024x683.jpg 1024w\" sizes=\"auto, (max-width: 1200px) 100vw, 1200px\" \/><p id=\"caption-attachment-4318\" class=\"wp-caption-text\">Photo credit: <a href=\"https:\/\/visualhunt.com\/author\/2c145a\">The Cork Chronicles<\/a> on <a href=\"https:\/\/visualhunt.com\/re\/ffa770\">Visualhunt.com<\/a> \/ <a href=\"http:\/\/creativecommons.org\/licenses\/by-nc-nd\/2.0\/\"> CC BY-NC-ND<\/a><\/p><\/div>\n<h2>Sur les quais<\/h2>\n<p>Les quais seront bien s\u00fbr au c\u0153ur de la manifestation. Outre le spectacle pyrotechnique donn\u00e9 chaque soir, les visiteurs pourront assister \u00e0 des parades, des fanfares, des concerts et des spectacles de danse durant ces cinq jours.<\/p>\n<p>Une route des vins s\u2019\u00e9tirera sur pr\u00e8s de 2 kilom\u00e8tres, pour le plus grand bonheur des festivaliers venus \u00e0 la rencontre des vignerons et n\u00e9gociants du Bordelais. Pr\u00e8s de 80 appellations accueilleront les visiteurs dans des bars \u00e9ph\u00e9m\u00e8res, ouverts \u00e0 la d\u00e9gustation et \u00e0 la d\u00e9couverte.<\/p>\n<div id=\"attachment_4319\" style=\"width: 1210px\" class=\"wp-caption alignnone\"><img loading=\"lazy\" decoding=\"async\" aria-describedby=\"caption-attachment-4319\" class=\"wp-image-4319 size-full\" src=\"http:\/\/chateausuau.com\/wp-content\/uploads\/2018\/05\/chateau-suau-bordeaux-fete-le-vin-degustations.jpg\" alt=\"chateau suau bordeaux fete le vin degustations\" width=\"1200\" height=\"824\" srcset=\"https:\/\/chateausuau.com\/wp-content\/uploads\/2018\/05\/chateau-suau-bordeaux-fete-le-vin-degustations.jpg 1200w, https:\/\/chateausuau.com\/wp-content\/uploads\/2018\/05\/chateau-suau-bordeaux-fete-le-vin-degustations-300x206.jpg 300w, https:\/\/chateausuau.com\/wp-content\/uploads\/2018\/05\/chateau-suau-bordeaux-fete-le-vin-degustations-768x527.jpg 768w, https:\/\/chateausuau.com\/wp-content\/uploads\/2018\/05\/chateau-suau-bordeaux-fete-le-vin-degustations-1024x703.jpg 1024w\" sizes=\"auto, (max-width: 1200px) 100vw, 1200px\" \/><p id=\"caption-attachment-4319\" class=\"wp-caption-text\">Photo credit: <a href=\"https:\/\/visualhunt.com\/author\/98aefe\">Les Vins de Graves<\/a> on <a href=\"https:\/\/visualhunt.com\/re\/a85136\">Visual hunt<\/a> \/ <a href=\"http:\/\/creativecommons.org\/licenses\/by-nc\/2.0\/\"> CC BY-NC<\/a><\/p><\/div>\n<h2>Le Pass d\u00e9gustation<\/h2>\n<p>Indispensable, le <strong><a href=\"https:\/\/www.bordeaux-tourisme.com\/Preparer-son-sejour\/Nos-produits\/Billetterie-Bordeaux-Fete-le-Vin\/Pass-Degustation\" target=\"_blank\" rel=\"noopener noreferrer\">Pass d\u00e9gustation<\/a> <\/strong>est d\u2019ores et d\u00e9j\u00e0 en vente : profitez d\u2019un tarif pr\u00e9f\u00e9rentiel en vous le procurant avant le 10 juin\u2009! Pour 16 \u20ac, le pass donne droit \u00e0 12 d\u00e9gustations aupr\u00e8s des pavillons de la route des vins, 1 atelier sur le pavillon de l\u2019\u00c9cole du Vin de Bordeaux, 1 carte de transport en commun et bien d\u2019autres avantages. En prime, vous participerez \u00e0 la Tombola des 20 ans, dont le premier prix n\u2019est autre qu\u2019un voyage \u00e0 Hong Kong pour deux personnes\u2009!<\/p>\n<p>Rendez-vous du 14 au 18 juin pour le vingti\u00e8me anniversaire de Bordeaux F\u00eate le Vin ! Cette \u00e9dition promet d\u2019\u00eatre spectaculaire ! Profitez de votre s\u00e9jour pour d\u00e9couvrir les <strong><a href=\"http:\/\/chateausuau.com\/blog\/routes-des-vins-a-bordeaux\/\" target=\"_blank\" rel=\"noopener noreferrer\">vins blancs du Bordelais<\/a><\/strong>, \u00e9tanchez votre soif dans l\u2019<strong><a href=\"http:\/\/chateausuau.com\/blog\/bars-vins-bordeaux\/\" target=\"_blank\" rel=\"noopener noreferrer\">un des bars \u00e0 vin de la ville<\/a><\/strong> et partez ensuite explorer <strong><a href=\"http:\/\/chateausuau.com\/blog\/beaux-villages-autour-bordeaux\/\" target=\"_blank\" rel=\"noopener noreferrer\">quelques uns des plus beaux villages de la r\u00e9gion<\/a><\/strong> !<\/p>\n","protected":false},"excerpt":{"rendered":"<p>Cette ann\u00e9e, Bordeaux c\u00e9l\u00e9brera la 20\u00e8me \u00e9dition de sa d\u00e9sormais c\u00e9l\u00e8bre biennale d\u00e9di\u00e9e au vin et \u00e0 son univers. Le centre de la ville sera une nouvelle fois anim\u00e9 durant cinq jours, du 14 au 18 juin 2018. Spectacle pyrotechnique, visite de grands voiliers, d\u00e9fil\u00e9s, animations gratuites et stands de d\u00e9gustation : pour cette \u00e9dition [&hellip;]<\/p>\n","protected":false},"author":21,"featured_media":4321,"comment_status":"open","ping_status":"open","sticky":false,"template":"","format":"standard","meta":{"_acf_changed":false,"footnotes":""},"categories":[449],"tags":[],"class_list":["post-4317","post","type-post","status-publish","format-standard","has-post-thumbnail","hentry","category-enotourisme"],"acf":[],"yoast_head":"<!-- This site is optimized with the Yoast SEO plugin v28.3 - https:\/\/yoast.com\/product\/yoast-seo-wordpress\/ -->\n<title>Bordeaux f\u00eate le vin: le programme f\u00eate le vin Bordeaux \u00e9dition 2018<\/title>\n<meta name=\"description\" content=\"Bordeaux F\u00eate le Vin, consacr\u00e9 aux vins de Bordeaux et de Nouvelle-Aquitaine, se d\u00e9roulera du jeudi 14 au lundi 18 juin 2018, sur les quais de Bordeaux.\" \/>\n<meta name=\"robots\" content=\"index, follow, max-snippet:-1, max-image-preview:large, max-video-preview:-1\" \/>\n<link rel=\"canonical\" href=\"https:\/\/chateausuau.com\/fr\/bourdeaux-fete-le-vin\/\" \/>\n<meta property=\"og:locale\" content=\"fr_FR\" \/>\n<meta property=\"og:type\" content=\"article\" \/>\n<meta property=\"og:title\" content=\"Bordeaux f\u00eate le vin: le programme f\u00eate le vin Bordeaux \u00e9dition 2018\" \/>\n<meta property=\"og:description\" content=\"Bordeaux F\u00eate le Vin, consacr\u00e9 aux vins de Bordeaux et de Nouvelle-Aquitaine, se d\u00e9roulera du jeudi 14 au lundi 18 juin 2018, sur les quais de Bordeaux.\" \/>\n<meta property=\"og:url\" content=\"https:\/\/chateausuau.com\/fr\/bourdeaux-fete-le-vin\/\" \/>\n<meta property=\"og:site_name\" content=\"Chateau Suau\" \/>\n<meta property=\"article:published_time\" content=\"2018-05-29T05:00:12+00:00\" \/>\n<meta property=\"article:modified_time\" content=\"2020-01-23T17:35:58+00:00\" \/>\n<meta property=\"og:image\" content=\"https:\/\/chateausuau.com\/wp-content\/uploads\/2018\/05\/chateau-suau-bordeaux-fete-le-vin-2018-feature.jpg\" \/>\n\t<meta property=\"og:image:width\" content=\"1200\" \/>\n\t<meta property=\"og:image:height\" content=\"826\" \/>\n\t<meta property=\"og:image:type\" content=\"image\/jpeg\" \/>\n<meta name=\"author\" content=\"Lydia (Nowmadz)\" \/>\n<meta name=\"twitter:label1\" content=\"\u00c9crit par\" \/>\n\t<meta name=\"twitter:data1\" content=\"Lydia (Nowmadz)\" \/>\n\t<meta name=\"twitter:label2\" content=\"Dur\u00e9e de lecture estim\u00e9e\" \/>\n\t<meta name=\"twitter:data2\" content=\"4 minutes\" \/>\n<script type=\"application\/ld+json\" class=\"yoast-schema-graph\">{\"@context\":\"https:\\\/\\\/schema.org\",\"@graph\":[{\"@type\":\"Article\",\"@id\":\"https:\\\/\\\/chateausuau.com\\\/fr\\\/bourdeaux-fete-le-vin\\\/#article\",\"isPartOf\":{\"@id\":\"https:\\\/\\\/chateausuau.com\\\/fr\\\/bourdeaux-fete-le-vin\\\/\"},\"author\":{\"name\":\"Lydia (Nowmadz)\",\"@id\":\"https:\\\/\\\/chateausuau.com\\\/fr\\\/#\\\/schema\\\/person\\\/37c68d4e2095ad423ee465eee93d4c40\"},\"headline\":\"Bordeaux F\u00eate le Vin 2018 : le programme\u2009!\",\"datePublished\":\"2018-05-29T05:00:12+00:00\",\"dateModified\":\"2020-01-23T17:35:58+00:00\",\"mainEntityOfPage\":{\"@id\":\"https:\\\/\\\/chateausuau.com\\\/fr\\\/bourdeaux-fete-le-vin\\\/\"},\"wordCount\":794,\"commentCount\":0,\"image\":{\"@id\":\"https:\\\/\\\/chateausuau.com\\\/fr\\\/bourdeaux-fete-le-vin\\\/#primaryimage\"},\"thumbnailUrl\":\"https:\\\/\\\/chateausuau.com\\\/wp-content\\\/uploads\\\/2018\\\/05\\\/chateau-suau-bordeaux-fete-le-vin-2018-feature.jpg\",\"articleSection\":[\"\u0152notourisme\"],\"inLanguage\":\"fr-FR\",\"potentialAction\":[{\"@type\":\"CommentAction\",\"name\":\"Comment\",\"target\":[\"https:\\\/\\\/chateausuau.com\\\/fr\\\/bourdeaux-fete-le-vin\\\/#respond\"]}]},{\"@type\":\"WebPage\",\"@id\":\"https:\\\/\\\/chateausuau.com\\\/fr\\\/bourdeaux-fete-le-vin\\\/\",\"url\":\"https:\\\/\\\/chateausuau.com\\\/fr\\\/bourdeaux-fete-le-vin\\\/\",\"name\":\"Bordeaux f\u00eate le vin: le programme f\u00eate le vin Bordeaux \u00e9dition 2018\",\"isPartOf\":{\"@id\":\"https:\\\/\\\/chateausuau.com\\\/fr\\\/#website\"},\"primaryImageOfPage\":{\"@id\":\"https:\\\/\\\/chateausuau.com\\\/fr\\\/bourdeaux-fete-le-vin\\\/#primaryimage\"},\"image\":{\"@id\":\"https:\\\/\\\/chateausuau.com\\\/fr\\\/bourdeaux-fete-le-vin\\\/#primaryimage\"},\"thumbnailUrl\":\"https:\\\/\\\/chateausuau.com\\\/wp-content\\\/uploads\\\/2018\\\/05\\\/chateau-suau-bordeaux-fete-le-vin-2018-feature.jpg\",\"datePublished\":\"2018-05-29T05:00:12+00:00\",\"dateModified\":\"2020-01-23T17:35:58+00:00\",\"author\":{\"@id\":\"https:\\\/\\\/chateausuau.com\\\/fr\\\/#\\\/schema\\\/person\\\/37c68d4e2095ad423ee465eee93d4c40\"},\"description\":\"Bordeaux F\u00eate le Vin, consacr\u00e9 aux vins de Bordeaux et de Nouvelle-Aquitaine, se d\u00e9roulera du jeudi 14 au lundi 18 juin 2018, sur les quais de Bordeaux.\",\"breadcrumb\":{\"@id\":\"https:\\\/\\\/chateausuau.com\\\/fr\\\/bourdeaux-fete-le-vin\\\/#breadcrumb\"},\"inLanguage\":\"fr-FR\",\"potentialAction\":[{\"@type\":\"ReadAction\",\"target\":[\"https:\\\/\\\/chateausuau.com\\\/fr\\\/bourdeaux-fete-le-vin\\\/\"]}]},{\"@type\":\"ImageObject\",\"inLanguage\":\"fr-FR\",\"@id\":\"https:\\\/\\\/chateausuau.com\\\/fr\\\/bourdeaux-fete-le-vin\\\/#primaryimage\",\"url\":\"https:\\\/\\\/chateausuau.com\\\/wp-content\\\/uploads\\\/2018\\\/05\\\/chateau-suau-bordeaux-fete-le-vin-2018-feature.jpg\",\"contentUrl\":\"https:\\\/\\\/chateausuau.com\\\/wp-content\\\/uploads\\\/2018\\\/05\\\/chateau-suau-bordeaux-fete-le-vin-2018-feature.jpg\",\"width\":1200,\"height\":826,\"caption\":\"chateau suau bordeaux fete le vin 2018 feature\"},{\"@type\":\"BreadcrumbList\",\"@id\":\"https:\\\/\\\/chateausuau.com\\\/fr\\\/bourdeaux-fete-le-vin\\\/#breadcrumb\",\"itemListElement\":[{\"@type\":\"ListItem\",\"position\":1,\"name\":\"Accueil\",\"item\":\"https:\\\/\\\/chateausuau.com\\\/fr\\\/\"},{\"@type\":\"ListItem\",\"position\":2,\"name\":\"Bordeaux F\u00eate le Vin 2018 : le programme\u2009!\"}]},{\"@type\":\"WebSite\",\"@id\":\"https:\\\/\\\/chateausuau.com\\\/fr\\\/#website\",\"url\":\"https:\\\/\\\/chateausuau.com\\\/fr\\\/\",\"name\":\"Chateau Suau\",\"description\":\"Chateau Suau Winery. Official Webiste\",\"potentialAction\":[{\"@type\":\"SearchAction\",\"target\":{\"@type\":\"EntryPoint\",\"urlTemplate\":\"https:\\\/\\\/chateausuau.com\\\/fr\\\/?s={search_term_string}\"},\"query-input\":{\"@type\":\"PropertyValueSpecification\",\"valueRequired\":true,\"valueName\":\"search_term_string\"}}],\"inLanguage\":\"fr-FR\"},{\"@type\":\"Person\",\"@id\":\"https:\\\/\\\/chateausuau.com\\\/fr\\\/#\\\/schema\\\/person\\\/37c68d4e2095ad423ee465eee93d4c40\",\"name\":\"Lydia (Nowmadz)\",\"image\":{\"@type\":\"ImageObject\",\"inLanguage\":\"fr-FR\",\"@id\":\"https:\\\/\\\/chateausuau.com\\\/wp-content\\\/uploads\\\/2017\\\/06\\\/foto_Lydia-Rajteric_travel-100x100.jpg\",\"url\":\"https:\\\/\\\/chateausuau.com\\\/wp-content\\\/uploads\\\/2017\\\/06\\\/foto_Lydia-Rajteric_travel-100x100.jpg\",\"contentUrl\":\"https:\\\/\\\/chateausuau.com\\\/wp-content\\\/uploads\\\/2017\\\/06\\\/foto_Lydia-Rajteric_travel-100x100.jpg\",\"caption\":\"Lydia (Nowmadz)\"},\"description\":\"Blogueuse \u00e9picurienne et voyageuse, Lydia a voyag\u00e9 autour du monde durant plusieurs mois avant de (re)poser ses valises en France. Elle voyage \u00e0 pr\u00e9sent en famille et retranscrit ses r\u00e9cits sur son blog Nowmadz.com.\",\"sameAs\":[\"https:\\\/\\\/nowmadz.com\\\/\"]}]}<\/script>\n<!-- \/ Yoast SEO plugin. -->","yoast_head_json":{"title":"Bordeaux f\u00eate le vin: le programme f\u00eate le vin Bordeaux \u00e9dition 2018","description":"Bordeaux F\u00eate le Vin, consacr\u00e9 aux vins de Bordeaux et de Nouvelle-Aquitaine, se d\u00e9roulera du jeudi 14 au lundi 18 juin 2018, sur les quais de Bordeaux.","robots":{"index":"index","follow":"follow","max-snippet":"max-snippet:-1","max-image-preview":"max-image-preview:large","max-video-preview":"max-video-preview:-1"},"canonical":"https:\/\/chateausuau.com\/fr\/bourdeaux-fete-le-vin\/","og_locale":"fr_FR","og_type":"article","og_title":"Bordeaux f\u00eate le vin: le programme f\u00eate le vin Bordeaux \u00e9dition 2018","og_description":"Bordeaux F\u00eate le Vin, consacr\u00e9 aux vins de Bordeaux et de Nouvelle-Aquitaine, se d\u00e9roulera du jeudi 14 au lundi 18 juin 2018, sur les quais de Bordeaux.","og_url":"https:\/\/chateausuau.com\/fr\/bourdeaux-fete-le-vin\/","og_site_name":"Chateau Suau","article_published_time":"2018-05-29T05:00:12+00:00","article_modified_time":"2020-01-23T17:35:58+00:00","og_image":[{"width":1200,"height":826,"url":"https:\/\/chateausuau.com\/wp-content\/uploads\/2018\/05\/chateau-suau-bordeaux-fete-le-vin-2018-feature.jpg","type":"image\/jpeg"}],"author":"Lydia (Nowmadz)","twitter_misc":{"\u00c9crit par":"Lydia (Nowmadz)","Dur\u00e9e de lecture estim\u00e9e":"4 minutes"},"schema":{"@context":"https:\/\/schema.org","@graph":[{"@type":"Article","@id":"https:\/\/chateausuau.com\/fr\/bourdeaux-fete-le-vin\/#article","isPartOf":{"@id":"https:\/\/chateausuau.com\/fr\/bourdeaux-fete-le-vin\/"},"author":{"name":"Lydia (Nowmadz)","@id":"https:\/\/chateausuau.com\/fr\/#\/schema\/person\/37c68d4e2095ad423ee465eee93d4c40"},"headline":"Bordeaux F\u00eate le Vin 2018 : le programme\u2009!","datePublished":"2018-05-29T05:00:12+00:00","dateModified":"2020-01-23T17:35:58+00:00","mainEntityOfPage":{"@id":"https:\/\/chateausuau.com\/fr\/bourdeaux-fete-le-vin\/"},"wordCount":794,"commentCount":0,"image":{"@id":"https:\/\/chateausuau.com\/fr\/bourdeaux-fete-le-vin\/#primaryimage"},"thumbnailUrl":"https:\/\/chateausuau.com\/wp-content\/uploads\/2018\/05\/chateau-suau-bordeaux-fete-le-vin-2018-feature.jpg","articleSection":["\u0152notourisme"],"inLanguage":"fr-FR","potentialAction":[{"@type":"CommentAction","name":"Comment","target":["https:\/\/chateausuau.com\/fr\/bourdeaux-fete-le-vin\/#respond"]}]},{"@type":"WebPage","@id":"https:\/\/chateausuau.com\/fr\/bourdeaux-fete-le-vin\/","url":"https:\/\/chateausuau.com\/fr\/bourdeaux-fete-le-vin\/","name":"Bordeaux f\u00eate le vin: le programme f\u00eate le vin Bordeaux \u00e9dition 2018","isPartOf":{"@id":"https:\/\/chateausuau.com\/fr\/#website"},"primaryImageOfPage":{"@id":"https:\/\/chateausuau.com\/fr\/bourdeaux-fete-le-vin\/#primaryimage"},"image":{"@id":"https:\/\/chateausuau.com\/fr\/bourdeaux-fete-le-vin\/#primaryimage"},"thumbnailUrl":"https:\/\/chateausuau.com\/wp-content\/uploads\/2018\/05\/chateau-suau-bordeaux-fete-le-vin-2018-feature.jpg","datePublished":"2018-05-29T05:00:12+00:00","dateModified":"2020-01-23T17:35:58+00:00","author":{"@id":"https:\/\/chateausuau.com\/fr\/#\/schema\/person\/37c68d4e2095ad423ee465eee93d4c40"},"description":"Bordeaux F\u00eate le Vin, consacr\u00e9 aux vins de Bordeaux et de Nouvelle-Aquitaine, se d\u00e9roulera du jeudi 14 au lundi 18 juin 2018, sur les quais de Bordeaux.","breadcrumb":{"@id":"https:\/\/chateausuau.com\/fr\/bourdeaux-fete-le-vin\/#breadcrumb"},"inLanguage":"fr-FR","potentialAction":[{"@type":"ReadAction","target":["https:\/\/chateausuau.com\/fr\/bourdeaux-fete-le-vin\/"]}]},{"@type":"ImageObject","inLanguage":"fr-FR","@id":"https:\/\/chateausuau.com\/fr\/bourdeaux-fete-le-vin\/#primaryimage","url":"https:\/\/chateausuau.com\/wp-content\/uploads\/2018\/05\/chateau-suau-bordeaux-fete-le-vin-2018-feature.jpg","contentUrl":"https:\/\/chateausuau.com\/wp-content\/uploads\/2018\/05\/chateau-suau-bordeaux-fete-le-vin-2018-feature.jpg","width":1200,"height":826,"caption":"chateau suau bordeaux fete le vin 2018 feature"},{"@type":"BreadcrumbList","@id":"https:\/\/chateausuau.com\/fr\/bourdeaux-fete-le-vin\/#breadcrumb","itemListElement":[{"@type":"ListItem","position":1,"name":"Accueil","item":"https:\/\/chateausuau.com\/fr\/"},{"@type":"ListItem","position":2,"name":"Bordeaux F\u00eate le Vin 2018 : le programme\u2009!"}]},{"@type":"WebSite","@id":"https:\/\/chateausuau.com\/fr\/#website","url":"https:\/\/chateausuau.com\/fr\/","name":"Chateau Suau","description":"Chateau Suau Winery. Official Webiste","potentialAction":[{"@type":"SearchAction","target":{"@type":"EntryPoint","urlTemplate":"https:\/\/chateausuau.com\/fr\/?s={search_term_string}"},"query-input":{"@type":"PropertyValueSpecification","valueRequired":true,"valueName":"search_term_string"}}],"inLanguage":"fr-FR"},{"@type":"Person","@id":"https:\/\/chateausuau.com\/fr\/#\/schema\/person\/37c68d4e2095ad423ee465eee93d4c40","name":"Lydia (Nowmadz)","image":{"@type":"ImageObject","inLanguage":"fr-FR","@id":"https:\/\/chateausuau.com\/wp-content\/uploads\/2017\/06\/foto_Lydia-Rajteric_travel-100x100.jpg","url":"https:\/\/chateausuau.com\/wp-content\/uploads\/2017\/06\/foto_Lydia-Rajteric_travel-100x100.jpg","contentUrl":"https:\/\/chateausuau.com\/wp-content\/uploads\/2017\/06\/foto_Lydia-Rajteric_travel-100x100.jpg","caption":"Lydia (Nowmadz)"},"description":"Blogueuse \u00e9picurienne et voyageuse, Lydia a voyag\u00e9 autour du monde durant plusieurs mois avant de (re)poser ses valises en France. Elle voyage \u00e0 pr\u00e9sent en famille et retranscrit ses r\u00e9cits sur son blog Nowmadz.com.","sameAs":["https:\/\/nowmadz.com\/"]}]}},"_links":{"self":[{"href":"https:\/\/chateausuau.com\/fr\/wp-json\/wp\/v2\/posts\/4317","targetHints":{"allow":["GET"]}}],"collection":[{"href":"https:\/\/chateausuau.com\/fr\/wp-json\/wp\/v2\/posts"}],"about":[{"href":"https:\/\/chateausuau.com\/fr\/wp-json\/wp\/v2\/types\/post"}],"author":[{"embeddable":true,"href":"https:\/\/chateausuau.com\/fr\/wp-json\/wp\/v2\/users\/21"}],"replies":[{"embeddable":true,"href":"https:\/\/chateausuau.com\/fr\/wp-json\/wp\/v2\/comments?post=4317"}],"version-history":[{"count":0,"href":"https:\/\/chateausuau.com\/fr\/wp-json\/wp\/v2\/posts\/4317\/revisions"}],"wp:featuredmedia":[{"embeddable":true,"href":"https:\/\/chateausuau.com\/fr\/wp-json\/wp\/v2\/media\/4321"}],"wp:attachment":[{"href":"https:\/\/chateausuau.com\/fr\/wp-json\/wp\/v2\/media?parent=4317"}],"wp:term":[{"taxonomy":"category","embeddable":true,"href":"https:\/\/chateausuau.com\/fr\/wp-json\/wp\/v2\/categories?post=4317"},{"taxonomy":"post_tag","embeddable":true,"href":"https:\/\/chateausuau.com\/fr\/wp-json\/wp\/v2\/tags?post=4317"}],"curies":[{"name":"wp","href":"https:\/\/api.w.org\/{rel}","templated":true}]}}