{"id":4277,"date":"2018-05-04T07:42:29","date_gmt":"2018-05-04T07:42:29","guid":{"rendered":"http:\/\/chateausuau.com\/?p=4277"},"modified":"2019-07-08T18:01:15","modified_gmt":"2019-07-08T16:01:15","slug":"traitement-a-la-prele","status":"publish","type":"post","link":"https:\/\/chateausuau.com\/fr\/traitement-a-la-prele\/","title":{"rendered":"Traitement \u00e0 la pr\u00eale &#8211; Culture biologique"},"content":{"rendered":"<p><img loading=\"lazy\" decoding=\"async\" class=\"size-full wp-image-4279\" src=\"http:\/\/chateausuau.com\/wp-content\/uploads\/2018\/05\/IMG_20180329_105324.jpg\" alt=\"\" width=\"2308\" height=\"1731\" srcset=\"https:\/\/chateausuau.com\/wp-content\/uploads\/2018\/05\/IMG_20180329_105324.jpg 2308w, https:\/\/chateausuau.com\/wp-content\/uploads\/2018\/05\/IMG_20180329_105324-300x225.jpg 300w, https:\/\/chateausuau.com\/wp-content\/uploads\/2018\/05\/IMG_20180329_105324-768x576.jpg 768w, https:\/\/chateausuau.com\/wp-content\/uploads\/2018\/05\/IMG_20180329_105324-1024x768.jpg 1024w\" sizes=\"auto, (max-width: 2308px) 100vw, 2308px\" \/><\/p>\n<p>D\u00e9j\u00e0 au printemps, \u00e0 Suau, nous nous soucions de la sant\u00e9 de nos vignobles. L&rsquo;un des traitements que nous appliquons est le <strong>traitement de la pr\u00eale<\/strong>. Dans cette publication, nous vous disons comment nous le faisons.<\/p>\n<hr \/>\n<p><span style=\"font-weight: 400;\">C\u2019est le printemps qui s\u2019installe et avec lui les traitements. Au ch\u00e2teau Suau on a commenc\u00e9 avec une pulv\u00e9risation de <strong>tisane \u00e0 la pr\u00eale<\/strong> pour se substituer aux pesticides. Ces plantes oubli\u00e9es un temps avec l\u2019arriv\u00e9e des rem\u00e8des de synth\u00e8se retrouvent un nouvel engouement. Incroyable dit comme \u00e7a\u2026 mais ce traitement a derri\u00e8re lui une longue histoire et un savoir-faire.<\/span><\/p>\n<p><span style=\"font-weight: 400;\">La pr\u00eale que l\u2019on utilise est la pr\u00eale des champs, parfois appel\u00e9e queue de rat, de cheval ou de renard, probablement \u00e0 cause de ses caract\u00e9ristiques physiques ou parce qu\u2019on l\u2019attachait \u00e0 la queue des chevaux pour chasser les mouches.<\/span><\/p>\n<h2>Des usages reconnus en m\u00e9decine<\/h2>\n<p><span style=\"font-weight: 400;\">Vivace, on la retrouve dans les zones humides. c\u2019est une plante sauvage riche en silice qui poss\u00e8de des vertus phytostimulantes : qui stimule les plantes. Pour l\u2019homme, la m\u00e9decine lui reconna\u00eet aussi des bienfaits. Vieille de 250 millions d\u2019ann\u00e9es, ses m\u00e9rites \u00e9taient d\u00e9j\u00e0 connus des grecs notamment pour stopper les h\u00e9morragies. Au XVI\u00e8me si\u00e8cle, on loue ses vertus remin\u00e9ralisantes. <\/span><\/p>\n<h2>Un h\u00e9ritage de la biodynamie<\/h2>\n<p><span style=\"font-weight: 400;\">C\u2019est gr\u00e2ce aux exp\u00e9riences faites par les bio dynamistes que la pr\u00eale est aujourd\u2019hui utilis\u00e9e en agriculture bio. Pour maximiser ses effets, on l\u2019utilise en tisane et d\u00e9coctions. Elle permet ainsi de mieux stimuler les d\u00e9fenses naturelles de la vigne. Beaucoup d\u2019autres v\u00e9g\u00e9taux sont utilis\u00e9s ainsi comme les orties, la citronnelle de java, et m\u00eame le thym. <\/span><\/p>\n<h2>\u00c0 quoi \u00e7a sert ?<\/h2>\n<p><span style=\"font-weight: 400;\">On l\u2019utiilise en viticulture pour renforcer les cellules des feuilles de la vigne afin qu\u2019elles fassent mieux face au mildiou. Les essais montrent qu\u2019elle retarde ainsi la maturation des oeufs de mildiou de 3 \u00e0 13 jours et les affaibli.<\/span><\/p>\n<p>&nbsp;<\/p>\n<blockquote class=\"twitter-tweet\" data-lang=\"en\">\n<p dir=\"ltr\" lang=\"fr\">[La vie au ch\u00e2teau] On remonte sur le tracteur ! Infusion de pr\u00eale ensuite pulv\u00e9ris\u00e9e sur une parcelle. Cela permet naturellement de plaquer les oeufs de <a href=\"https:\/\/twitter.com\/hashtag\/mildiou?src=hash&amp;ref_src=twsrc%5Etfw\">#mildiou<\/a> au sol et de retarder leur \u00e9closion ! <a href=\"https:\/\/twitter.com\/hashtag\/organicwine?src=hash&amp;ref_src=twsrc%5Etfw\">#organicwine<\/a> <a href=\"https:\/\/twitter.com\/hashtag\/vin?src=hash&amp;ref_src=twsrc%5Etfw\">#vin<\/a> <a href=\"https:\/\/twitter.com\/hashtag\/bordeaux?src=hash&amp;ref_src=twsrc%5Etfw\">#bordeaux<\/a> <a href=\"https:\/\/t.co\/xrUf69xLEA\">pic.twitter.com\/xrUf69xLEA<\/a><\/p>\n<p>\u2014 CHATEAU SUAU (@ChateauSuau) <a href=\"https:\/\/twitter.com\/ChateauSuau\/status\/983996234984820739?ref_src=twsrc%5Etfw\">April 11, 2018<\/a><\/p><\/blockquote>\n<p><script async src=\"https:\/\/platform.twitter.com\/widgets.js\" charset=\"utf-8\"><\/script><\/p>\n<p>&nbsp;<\/p>\n<h2>Comment on la pr\u00e9pare ?<\/h2>\n<p><img loading=\"lazy\" decoding=\"async\" class=\"aligncenter wp-image-4280 size-full\" src=\"http:\/\/chateausuau.com\/wp-content\/uploads\/2018\/05\/IMG_20180405_165208.jpg\" alt=\"\" width=\"3308\" height=\"2481\" srcset=\"https:\/\/chateausuau.com\/wp-content\/uploads\/2018\/05\/IMG_20180405_165208.jpg 3308w, https:\/\/chateausuau.com\/wp-content\/uploads\/2018\/05\/IMG_20180405_165208-300x225.jpg 300w, https:\/\/chateausuau.com\/wp-content\/uploads\/2018\/05\/IMG_20180405_165208-768x576.jpg 768w, https:\/\/chateausuau.com\/wp-content\/uploads\/2018\/05\/IMG_20180405_165208-1024x768.jpg 1024w\" sizes=\"auto, (max-width: 3308px) 100vw, 3308px\" \/><\/p>\n<p><span style=\"font-weight: 400;\">Une d\u00e9coction c\u2019est faire bouillir de l\u2019eau avec la substance (la pr\u00eale) pour en extraire les qualit\u00e9s solubles. Les quantit\u00e9s sont tr\u00e8s faibles avec 150g de pr\u00eale s\u00e8che utilis\u00e9e pour 15L d\u2019eau que l\u2019on r\u00e9partira sur 1 hectare de vigne.<br \/>\n<\/span><br \/>\n<b>Le Chateau Suau a essay\u00e9 cette m\u00e9thode pour la premi\u00e8re fois ce printemps 2018<\/b><span style=\"font-weight: 400;\">. Comme c\u2019est un <strong>traitement pr\u00e9ventif<\/strong>, il est difficile de conna\u00eetre les effets. Nous avons souhait\u00e9 faire cet essai pour donner un peu de chaleur \u00e0 la plante et l\u2019aider \u00e0 passer un mauvais cap au cas o\u00f9. Nous referons certainement des traitement sur les parcelles difficiles ce printemps. \u00c0 suivre sur nos r\u00e9seaux ! <\/span><\/p>\n","protected":false},"excerpt":{"rendered":"<p>D\u00e9j\u00e0 au printemps, \u00e0 Suau, nous nous soucions de la sant\u00e9 de nos vignobles. L&rsquo;un des traitements que nous appliquons est le traitement de la pr\u00eale. Dans cette publication, nous vous disons comment nous le faisons. C\u2019est le printemps qui s\u2019installe et avec lui les traitements. Au ch\u00e2teau Suau on a commenc\u00e9 avec une pulv\u00e9risation [&hellip;]<\/p>\n","protected":false},"author":12,"featured_media":4279,"comment_status":"open","ping_status":"open","sticky":false,"template":"","format":"standard","meta":{"_acf_changed":false,"footnotes":""},"categories":[16],"tags":[113],"class_list":["post-4277","post","type-post","status-publish","format-standard","has-post-thumbnail","hentry","category-nouvelles-suau","tag-oenologie"],"acf":[],"yoast_head":"<!-- This site is optimized with the Yoast SEO plugin v28.3 - https:\/\/yoast.com\/product\/yoast-seo-wordpress\/ -->\n<title>Traitement \u00e0 la pr\u00eale - Culture biologique<\/title>\n<meta name=\"description\" content=\"D\u00e9j\u00e0 au printemps, \u00e0 Suau, nous nous soucions de la sant\u00e9 de nos vignobles. L&#039;un des traitements que nous appliquons est le traitement de la pr\u00eale. Dans cette publication, nous vous disons comment nous le faisons.\" \/>\n<meta name=\"robots\" content=\"index, follow, max-snippet:-1, max-image-preview:large, max-video-preview:-1\" \/>\n<link rel=\"canonical\" href=\"https:\/\/chateausuau.com\/fr\/traitement-a-la-prele\/\" \/>\n<meta property=\"og:locale\" content=\"fr_FR\" \/>\n<meta property=\"og:type\" content=\"article\" \/>\n<meta property=\"og:title\" content=\"Traitement \u00e0 la pr\u00eale - Culture biologique\" \/>\n<meta property=\"og:description\" content=\"D\u00e9j\u00e0 au printemps, \u00e0 Suau, nous nous soucions de la sant\u00e9 de nos vignobles. L&#039;un des traitements que nous appliquons est le traitement de la pr\u00eale. Dans cette publication, nous vous disons comment nous le faisons.\" \/>\n<meta property=\"og:url\" content=\"https:\/\/chateausuau.com\/fr\/traitement-a-la-prele\/\" \/>\n<meta property=\"og:site_name\" content=\"Chateau Suau\" \/>\n<meta property=\"article:published_time\" content=\"2018-05-04T07:42:29+00:00\" \/>\n<meta property=\"article:modified_time\" content=\"2019-07-08T16:01:15+00:00\" \/>\n<meta property=\"og:image\" content=\"https:\/\/chateausuau.com\/wp-content\/uploads\/2018\/05\/IMG_20180329_105324.jpg\" \/>\n\t<meta property=\"og:image:width\" content=\"2308\" \/>\n\t<meta property=\"og:image:height\" content=\"1731\" \/>\n\t<meta property=\"og:image:type\" content=\"image\/jpeg\" \/>\n<meta name=\"author\" content=\"Valeria\" \/>\n<meta name=\"twitter:label1\" content=\"\u00c9crit par\" \/>\n\t<meta name=\"twitter:data1\" content=\"Valeria\" \/>\n\t<meta name=\"twitter:label2\" content=\"Dur\u00e9e de lecture estim\u00e9e\" \/>\n\t<meta name=\"twitter:data2\" content=\"3 minutes\" \/>\n<script type=\"application\/ld+json\" class=\"yoast-schema-graph\">{\"@context\":\"https:\\\/\\\/schema.org\",\"@graph\":[{\"@type\":\"Article\",\"@id\":\"https:\\\/\\\/chateausuau.com\\\/fr\\\/traitement-a-la-prele\\\/#article\",\"isPartOf\":{\"@id\":\"https:\\\/\\\/chateausuau.com\\\/fr\\\/traitement-a-la-prele\\\/\"},\"author\":{\"name\":\"Valeria\",\"@id\":\"https:\\\/\\\/chateausuau.com\\\/fr\\\/#\\\/schema\\\/person\\\/b55d3e2ac798fb835932110fa72e9590\"},\"headline\":\"Traitement \u00e0 la pr\u00eale &#8211; Culture biologique\",\"datePublished\":\"2018-05-04T07:42:29+00:00\",\"dateModified\":\"2019-07-08T16:01:15+00:00\",\"mainEntityOfPage\":{\"@id\":\"https:\\\/\\\/chateausuau.com\\\/fr\\\/traitement-a-la-prele\\\/\"},\"wordCount\":534,\"commentCount\":0,\"image\":{\"@id\":\"https:\\\/\\\/chateausuau.com\\\/fr\\\/traitement-a-la-prele\\\/#primaryimage\"},\"thumbnailUrl\":\"https:\\\/\\\/chateausuau.com\\\/wp-content\\\/uploads\\\/2018\\\/05\\\/IMG_20180329_105324.jpg\",\"keywords\":[\"Oenologie\"],\"articleSection\":[\"La vie \u00e0 Suau\"],\"inLanguage\":\"fr-FR\",\"potentialAction\":[{\"@type\":\"CommentAction\",\"name\":\"Comment\",\"target\":[\"https:\\\/\\\/chateausuau.com\\\/fr\\\/traitement-a-la-prele\\\/#respond\"]}]},{\"@type\":\"WebPage\",\"@id\":\"https:\\\/\\\/chateausuau.com\\\/fr\\\/traitement-a-la-prele\\\/\",\"url\":\"https:\\\/\\\/chateausuau.com\\\/fr\\\/traitement-a-la-prele\\\/\",\"name\":\"Traitement \u00e0 la pr\u00eale - Culture biologique\",\"isPartOf\":{\"@id\":\"https:\\\/\\\/chateausuau.com\\\/fr\\\/#website\"},\"primaryImageOfPage\":{\"@id\":\"https:\\\/\\\/chateausuau.com\\\/fr\\\/traitement-a-la-prele\\\/#primaryimage\"},\"image\":{\"@id\":\"https:\\\/\\\/chateausuau.com\\\/fr\\\/traitement-a-la-prele\\\/#primaryimage\"},\"thumbnailUrl\":\"https:\\\/\\\/chateausuau.com\\\/wp-content\\\/uploads\\\/2018\\\/05\\\/IMG_20180329_105324.jpg\",\"datePublished\":\"2018-05-04T07:42:29+00:00\",\"dateModified\":\"2019-07-08T16:01:15+00:00\",\"author\":{\"@id\":\"https:\\\/\\\/chateausuau.com\\\/fr\\\/#\\\/schema\\\/person\\\/b55d3e2ac798fb835932110fa72e9590\"},\"description\":\"D\u00e9j\u00e0 au printemps, \u00e0 Suau, nous nous soucions de la sant\u00e9 de nos vignobles. L'un des traitements que nous appliquons est le traitement de la pr\u00eale. Dans cette publication, nous vous disons comment nous le faisons.\",\"breadcrumb\":{\"@id\":\"https:\\\/\\\/chateausuau.com\\\/fr\\\/traitement-a-la-prele\\\/#breadcrumb\"},\"inLanguage\":\"fr-FR\",\"potentialAction\":[{\"@type\":\"ReadAction\",\"target\":[\"https:\\\/\\\/chateausuau.com\\\/fr\\\/traitement-a-la-prele\\\/\"]}]},{\"@type\":\"ImageObject\",\"inLanguage\":\"fr-FR\",\"@id\":\"https:\\\/\\\/chateausuau.com\\\/fr\\\/traitement-a-la-prele\\\/#primaryimage\",\"url\":\"https:\\\/\\\/chateausuau.com\\\/wp-content\\\/uploads\\\/2018\\\/05\\\/IMG_20180329_105324.jpg\",\"contentUrl\":\"https:\\\/\\\/chateausuau.com\\\/wp-content\\\/uploads\\\/2018\\\/05\\\/IMG_20180329_105324.jpg\",\"width\":2308,\"height\":1731,\"caption\":\"cof\"},{\"@type\":\"BreadcrumbList\",\"@id\":\"https:\\\/\\\/chateausuau.com\\\/fr\\\/traitement-a-la-prele\\\/#breadcrumb\",\"itemListElement\":[{\"@type\":\"ListItem\",\"position\":1,\"name\":\"Accueil\",\"item\":\"https:\\\/\\\/chateausuau.com\\\/fr\\\/\"},{\"@type\":\"ListItem\",\"position\":2,\"name\":\"Traitement \u00e0 la pr\u00eale &#8211; Culture biologique\"}]},{\"@type\":\"WebSite\",\"@id\":\"https:\\\/\\\/chateausuau.com\\\/fr\\\/#website\",\"url\":\"https:\\\/\\\/chateausuau.com\\\/fr\\\/\",\"name\":\"Chateau Suau\",\"description\":\"Chateau Suau Winery. Official Webiste\",\"potentialAction\":[{\"@type\":\"SearchAction\",\"target\":{\"@type\":\"EntryPoint\",\"urlTemplate\":\"https:\\\/\\\/chateausuau.com\\\/fr\\\/?s={search_term_string}\"},\"query-input\":{\"@type\":\"PropertyValueSpecification\",\"valueRequired\":true,\"valueName\":\"search_term_string\"}}],\"inLanguage\":\"fr-FR\"},{\"@type\":\"Person\",\"@id\":\"https:\\\/\\\/chateausuau.com\\\/fr\\\/#\\\/schema\\\/person\\\/b55d3e2ac798fb835932110fa72e9590\",\"name\":\"Valeria\",\"image\":{\"@type\":\"ImageObject\",\"inLanguage\":\"fr-FR\",\"@id\":\"https:\\\/\\\/secure.gravatar.com\\\/avatar\\\/59b79bc3a18cce0a89668ad76760a6c681a80747fe406c23a2a306dee8dacc21?s=96&d=mm&r=g\",\"url\":\"https:\\\/\\\/secure.gravatar.com\\\/avatar\\\/59b79bc3a18cce0a89668ad76760a6c681a80747fe406c23a2a306dee8dacc21?s=96&d=mm&r=g\",\"contentUrl\":\"https:\\\/\\\/secure.gravatar.com\\\/avatar\\\/59b79bc3a18cce0a89668ad76760a6c681a80747fe406c23a2a306dee8dacc21?s=96&d=mm&r=g\",\"caption\":\"Valeria\"}}]}<\/script>\n<!-- \/ Yoast SEO plugin. -->","yoast_head_json":{"title":"Traitement \u00e0 la pr\u00eale - Culture biologique","description":"D\u00e9j\u00e0 au printemps, \u00e0 Suau, nous nous soucions de la sant\u00e9 de nos vignobles. L'un des traitements que nous appliquons est le traitement de la pr\u00eale. Dans cette publication, nous vous disons comment nous le faisons.","robots":{"index":"index","follow":"follow","max-snippet":"max-snippet:-1","max-image-preview":"max-image-preview:large","max-video-preview":"max-video-preview:-1"},"canonical":"https:\/\/chateausuau.com\/fr\/traitement-a-la-prele\/","og_locale":"fr_FR","og_type":"article","og_title":"Traitement \u00e0 la pr\u00eale - Culture biologique","og_description":"D\u00e9j\u00e0 au printemps, \u00e0 Suau, nous nous soucions de la sant\u00e9 de nos vignobles. L'un des traitements que nous appliquons est le traitement de la pr\u00eale. Dans cette publication, nous vous disons comment nous le faisons.","og_url":"https:\/\/chateausuau.com\/fr\/traitement-a-la-prele\/","og_site_name":"Chateau Suau","article_published_time":"2018-05-04T07:42:29+00:00","article_modified_time":"2019-07-08T16:01:15+00:00","og_image":[{"width":2308,"height":1731,"url":"https:\/\/chateausuau.com\/wp-content\/uploads\/2018\/05\/IMG_20180329_105324.jpg","type":"image\/jpeg"}],"author":"Valeria","twitter_misc":{"\u00c9crit par":"Valeria","Dur\u00e9e de lecture estim\u00e9e":"3 minutes"},"schema":{"@context":"https:\/\/schema.org","@graph":[{"@type":"Article","@id":"https:\/\/chateausuau.com\/fr\/traitement-a-la-prele\/#article","isPartOf":{"@id":"https:\/\/chateausuau.com\/fr\/traitement-a-la-prele\/"},"author":{"name":"Valeria","@id":"https:\/\/chateausuau.com\/fr\/#\/schema\/person\/b55d3e2ac798fb835932110fa72e9590"},"headline":"Traitement \u00e0 la pr\u00eale &#8211; Culture biologique","datePublished":"2018-05-04T07:42:29+00:00","dateModified":"2019-07-08T16:01:15+00:00","mainEntityOfPage":{"@id":"https:\/\/chateausuau.com\/fr\/traitement-a-la-prele\/"},"wordCount":534,"commentCount":0,"image":{"@id":"https:\/\/chateausuau.com\/fr\/traitement-a-la-prele\/#primaryimage"},"thumbnailUrl":"https:\/\/chateausuau.com\/wp-content\/uploads\/2018\/05\/IMG_20180329_105324.jpg","keywords":["Oenologie"],"articleSection":["La vie \u00e0 Suau"],"inLanguage":"fr-FR","potentialAction":[{"@type":"CommentAction","name":"Comment","target":["https:\/\/chateausuau.com\/fr\/traitement-a-la-prele\/#respond"]}]},{"@type":"WebPage","@id":"https:\/\/chateausuau.com\/fr\/traitement-a-la-prele\/","url":"https:\/\/chateausuau.com\/fr\/traitement-a-la-prele\/","name":"Traitement \u00e0 la pr\u00eale - Culture biologique","isPartOf":{"@id":"https:\/\/chateausuau.com\/fr\/#website"},"primaryImageOfPage":{"@id":"https:\/\/chateausuau.com\/fr\/traitement-a-la-prele\/#primaryimage"},"image":{"@id":"https:\/\/chateausuau.com\/fr\/traitement-a-la-prele\/#primaryimage"},"thumbnailUrl":"https:\/\/chateausuau.com\/wp-content\/uploads\/2018\/05\/IMG_20180329_105324.jpg","datePublished":"2018-05-04T07:42:29+00:00","dateModified":"2019-07-08T16:01:15+00:00","author":{"@id":"https:\/\/chateausuau.com\/fr\/#\/schema\/person\/b55d3e2ac798fb835932110fa72e9590"},"description":"D\u00e9j\u00e0 au printemps, \u00e0 Suau, nous nous soucions de la sant\u00e9 de nos vignobles. L'un des traitements que nous appliquons est le traitement de la pr\u00eale. Dans cette publication, nous vous disons comment nous le faisons.","breadcrumb":{"@id":"https:\/\/chateausuau.com\/fr\/traitement-a-la-prele\/#breadcrumb"},"inLanguage":"fr-FR","potentialAction":[{"@type":"ReadAction","target":["https:\/\/chateausuau.com\/fr\/traitement-a-la-prele\/"]}]},{"@type":"ImageObject","inLanguage":"fr-FR","@id":"https:\/\/chateausuau.com\/fr\/traitement-a-la-prele\/#primaryimage","url":"https:\/\/chateausuau.com\/wp-content\/uploads\/2018\/05\/IMG_20180329_105324.jpg","contentUrl":"https:\/\/chateausuau.com\/wp-content\/uploads\/2018\/05\/IMG_20180329_105324.jpg","width":2308,"height":1731,"caption":"cof"},{"@type":"BreadcrumbList","@id":"https:\/\/chateausuau.com\/fr\/traitement-a-la-prele\/#breadcrumb","itemListElement":[{"@type":"ListItem","position":1,"name":"Accueil","item":"https:\/\/chateausuau.com\/fr\/"},{"@type":"ListItem","position":2,"name":"Traitement \u00e0 la pr\u00eale &#8211; Culture biologique"}]},{"@type":"WebSite","@id":"https:\/\/chateausuau.com\/fr\/#website","url":"https:\/\/chateausuau.com\/fr\/","name":"Chateau Suau","description":"Chateau Suau Winery. Official Webiste","potentialAction":[{"@type":"SearchAction","target":{"@type":"EntryPoint","urlTemplate":"https:\/\/chateausuau.com\/fr\/?s={search_term_string}"},"query-input":{"@type":"PropertyValueSpecification","valueRequired":true,"valueName":"search_term_string"}}],"inLanguage":"fr-FR"},{"@type":"Person","@id":"https:\/\/chateausuau.com\/fr\/#\/schema\/person\/b55d3e2ac798fb835932110fa72e9590","name":"Valeria","image":{"@type":"ImageObject","inLanguage":"fr-FR","@id":"https:\/\/secure.gravatar.com\/avatar\/59b79bc3a18cce0a89668ad76760a6c681a80747fe406c23a2a306dee8dacc21?s=96&d=mm&r=g","url":"https:\/\/secure.gravatar.com\/avatar\/59b79bc3a18cce0a89668ad76760a6c681a80747fe406c23a2a306dee8dacc21?s=96&d=mm&r=g","contentUrl":"https:\/\/secure.gravatar.com\/avatar\/59b79bc3a18cce0a89668ad76760a6c681a80747fe406c23a2a306dee8dacc21?s=96&d=mm&r=g","caption":"Valeria"}}]}},"_links":{"self":[{"href":"https:\/\/chateausuau.com\/fr\/wp-json\/wp\/v2\/posts\/4277","targetHints":{"allow":["GET"]}}],"collection":[{"href":"https:\/\/chateausuau.com\/fr\/wp-json\/wp\/v2\/posts"}],"about":[{"href":"https:\/\/chateausuau.com\/fr\/wp-json\/wp\/v2\/types\/post"}],"author":[{"embeddable":true,"href":"https:\/\/chateausuau.com\/fr\/wp-json\/wp\/v2\/users\/12"}],"replies":[{"embeddable":true,"href":"https:\/\/chateausuau.com\/fr\/wp-json\/wp\/v2\/comments?post=4277"}],"version-history":[{"count":0,"href":"https:\/\/chateausuau.com\/fr\/wp-json\/wp\/v2\/posts\/4277\/revisions"}],"wp:featuredmedia":[{"embeddable":true,"href":"https:\/\/chateausuau.com\/fr\/wp-json\/wp\/v2\/media\/4279"}],"wp:attachment":[{"href":"https:\/\/chateausuau.com\/fr\/wp-json\/wp\/v2\/media?parent=4277"}],"wp:term":[{"taxonomy":"category","embeddable":true,"href":"https:\/\/chateausuau.com\/fr\/wp-json\/wp\/v2\/categories?post=4277"},{"taxonomy":"post_tag","embeddable":true,"href":"https:\/\/chateausuau.com\/fr\/wp-json\/wp\/v2\/tags?post=4277"}],"curies":[{"name":"wp","href":"https:\/\/api.w.org\/{rel}","templated":true}]}}