{"id":4230,"date":"2018-04-18T12:32:39","date_gmt":"2018-04-18T12:32:39","guid":{"rendered":"http:\/\/chateausuau.com\/?p=4230"},"modified":"2019-07-08T18:01:14","modified_gmt":"2019-07-08T16:01:14","slug":"primeurs-bordeaux","status":"publish","type":"post","link":"https:\/\/chateausuau.com\/fr\/primeurs-bordeaux\/","title":{"rendered":"Les primeurs et le mill\u00e9sime 2017 au Ch\u00e2teau Suau"},"content":{"rendered":"<p><img loading=\"lazy\" decoding=\"async\" class=\"aligncenter size-full wp-image-4233\" src=\"http:\/\/chateausuau.com\/wp-content\/uploads\/2018\/04\/unnamed-1-1.jpg\" alt=\"\" width=\"2048\" height=\"1152\" srcset=\"https:\/\/chateausuau.com\/wp-content\/uploads\/2018\/04\/unnamed-1-1.jpg 2048w, https:\/\/chateausuau.com\/wp-content\/uploads\/2018\/04\/unnamed-1-1-300x169.jpg 300w, https:\/\/chateausuau.com\/wp-content\/uploads\/2018\/04\/unnamed-1-1-768x432.jpg 768w, https:\/\/chateausuau.com\/wp-content\/uploads\/2018\/04\/unnamed-1-1-1024x576.jpg 1024w\" sizes=\"auto, (max-width: 2048px) 100vw, 2048px\" \/><\/p>\n<p>&nbsp;<\/p>\n<p><strong>Tous les mill\u00e9simes \u00e0 Bordeaux, c\u2019est le grand bal des primeurs, organis\u00e9 par l\u2019<a href=\"http:\/\/www.ugcb.net\/fr\">Union des Grands Crus de Bordeaux<\/a><\/strong><span style=\"font-weight: 400;\"><strong> et suivi par beaucoup d\u2019autres propri\u00e9t\u00e9s. Sur la rive droite comme la rive gauche, ce sont plus de 300 ch\u00e2teaux qui ouvrent leurs portes pendant une semaine.<\/strong> Le jus brille de jeunesse et les dents des d\u00e9gustateurs se d\u00e9couvrent noires derri\u00e8re les sourires ! Cet \u00e9v\u00e8nement est surtout r\u00e9serv\u00e9 \u00e0 la presse fran\u00e7aise et internationale et aux acheteurs du monde entier, qui souhaitent commander les vins avant la mise en bouteilles. Ils b\u00e9n\u00e9ficient alors d\u2019un prix <\/span><i><span style=\"font-weight: 400;\">En Primeur<\/span><\/i><span style=\"font-weight: 400;\">, plus avantageux.<\/span><\/p>\n<h2><span style=\"font-weight: 400;\">Chateau Suau avec les vignerons bios, c\u2019est BtoBio<\/span><\/h2>\n<p><span style=\"font-weight: 400;\">Cette ann\u00e9e encore, le ch\u00e2teau Suau a pr\u00e9sent\u00e9 son dernier mill\u00e9sime avec les vignerons bios de Nouvelle-Aquitaine dans le magnifique hall du Mus\u00e9e d\u2019Art Contemporain (CAPC) pour BtoBio. Cr\u00e9\u00e9 en 1995, ce groupement r\u00e9unit <strong>140 vignerons bios sur le territoire<\/strong>, on y retrouve aussi des appellations comme Madiran ou Bergerac, tous certifi\u00e9s bio. \u00a0<\/span><\/p>\n<p>Pour le ch\u00e2teau Suau, c\u2019est l\u2019occasion de faire go\u00fbter nos 2017 mais aussi les mill\u00e9simes \u00e0 la vente. Nos rouges et le second mill\u00e9sime de <a href=\"http:\/\/chateausuau.com\/vins-bordeaux\/semper-viva\/\">Semper Viva<\/a> se sont r\u00e9v\u00e9l\u00e9s magnifiques, croquant de fruits. En blanc, le s\u00e9millon \u00e0 20% donne au vin une <span style=\"font-weight: 400;\">belle mati\u00e8re soyeuse.<\/span><\/p>\n<blockquote class=\"instagram-media\" style=\"background: #FFF; border: 0; border-radius: 3px; box-shadow: 0 0 1px 0 rgba(0,0,0,0.5),0 1px 10px 0 rgba(0,0,0,0.15); margin: 1px; max-width: 658px; padding: 0; width: calc(100% - 2px);\" data-instgrm-captioned=\"\" data-instgrm-permalink=\"https:\/\/www.instagram.com\/p\/BhWturbBDVs\/\" data-instgrm-version=\"8\">\n<div style=\"padding: 8px;\">\n<div style=\"background: #F8F8F8; line-height: 0; margin-top: 40px; padding: 37.4537037037037% 0; text-align: center; width: 100%;\"><\/div>\n<p style=\"margin: 8px 0 0 0; padding: 0 4px;\"><a style=\"color: #000; font-family: Arial,sans-serif; font-size: 14px; font-style: normal; font-weight: normal; line-height: 17px; text-decoration: none; word-wrap: break-word;\" href=\"https:\/\/www.instagram.com\/p\/BhWturbBDVs\/\" target=\"_blank\" rel=\"noopener noreferrer\">[#enprimeur2017] Professional #winelover, find us today in Bordeaux until 9pm with all organic wines! #bordeauxwines #btobio<\/a><\/p>\n<p style=\"color: #c9c8cd; font-family: Arial,sans-serif; font-size: 14px; line-height: 17px; margin-bottom: 0; margin-top: 8px; overflow: hidden; padding: 8px 0 7px; text-align: center; text-overflow: ellipsis; white-space: nowrap;\">Une publication partag\u00e9e par <a style=\"color: #c9c8cd; font-family: Arial,sans-serif; font-size: 14px; font-style: normal; font-weight: normal; line-height: 17px;\" href=\"https:\/\/www.instagram.com\/chateausuau\/\" target=\"_blank\" rel=\"noopener noreferrer\"> Chateau Suau<\/a> (@chateausuau) le <time style=\"font-family: Arial,sans-serif; font-size: 14px; line-height: 17px;\" datetime=\"2018-04-09T15:35:08+00:00\">9 Avril 2018 \u00e0 8 :35 PDT<\/time><\/p>\n<\/div>\n<\/blockquote>\n<p><script async defer src=\"\/\/www.instagram.com\/embed.js\"><\/script><\/p>\n<h2><span style=\"font-weight: 400;\">Le mill\u00e9sime 2017 au ch\u00e2teau Suau<\/span><\/h2>\n<p><span style=\"font-weight: 400;\"><strong>En 2017, beaucoup de vignerons de Bordeaux ont gel\u00e9 ou gr\u00eal\u00e9.<\/strong> C\u2019est la quantit\u00e9 qui s\u2019en est trouv\u00e9e chang\u00e9e et donc aussi les assemblages avec un r\u00e9sultat parfois surprenant. D\u2019autres n\u2019ont pas pu faire de vin et sont rentr\u00e9s dans une p\u00e9riode tr\u00e8s difficile. Dans ce cas-l\u00e0, si c\u2019est possible, ils essayeront de compenser le manque \u00e0 gagner avec la vente des mill\u00e9simes ant\u00e9rieurs, en esp\u00e9rant que \u00e7a ne recommencera jamais ! Nous souhaitons \u00e0 ces vignerons une belle vendange cette ann\u00e9e. <\/span><\/p>\n<p><span style=\"font-weight: 400;\">Au ch\u00e2teau Suau, en 2017, tout n\u2019a pas \u00e9t\u00e9 facile. Nous avons \u00e9t\u00e9 affect\u00e9s par le gel qui a alt\u00e9r\u00e9 notre volume de production. Cela a aussi g\u00e9n\u00e9r\u00e9 une h\u00e9t\u00e9rog\u00e9n\u00e9it\u00e9 dans les maturations des raisins \u00e0 cause de la deuxi\u00e8me fleur de la vigne qui est apparue apr\u00e8s le gel\u2026 pour nous donner beaucoup de travail pendant l\u2019\u00e9t\u00e9. Les mois pr\u00e9c\u00e9dant la r\u00e9colte, nous avons coup\u00e9 les raisins d\u00e9cal\u00e9s en maturit\u00e9 : on peut parler de vendanges en vert. Le travail de s\u00e9lection a \u00e9t\u00e9 renforc\u00e9 pendant la r\u00e9colte \u00e9galement avec un tri tr\u00e8s rigoureux.<\/span><\/p>\n<p><span style=\"font-weight: 400;\">Heureusement, l\u2019\u00e9t\u00e9 a \u00e9t\u00e9 assez sec ce qui a permis d\u2019avoir des ar\u00f4mes en blanc qui sont tr\u00e8s int\u00e9ressants. Comme le s\u00e9millon a \u00e9t\u00e9 plus affect\u00e9 par les al\u00e9as climatiques, il y a une proportion de sauvignon blanc plus grande dans l\u2019assemblage final, qui donne des vins plus punchy. <\/span><\/p>\n<p><img loading=\"lazy\" decoding=\"async\" class=\"size-full wp-image-4244\" src=\"http:\/\/chateausuau.com\/wp-content\/uploads\/2018\/04\/IMG_20180329_105631.jpg\" alt=\"\" width=\"2300\" height=\"1725\" srcset=\"https:\/\/chateausuau.com\/wp-content\/uploads\/2018\/04\/IMG_20180329_105631.jpg 2300w, https:\/\/chateausuau.com\/wp-content\/uploads\/2018\/04\/IMG_20180329_105631-300x225.jpg 300w, https:\/\/chateausuau.com\/wp-content\/uploads\/2018\/04\/IMG_20180329_105631-768x576.jpg 768w, https:\/\/chateausuau.com\/wp-content\/uploads\/2018\/04\/IMG_20180329_105631-1024x768.jpg 1024w\" sizes=\"auto, (max-width: 2300px) 100vw, 2300px\" \/><\/p>\n<p><span style=\"font-weight: 400;\">En rouge, ces m\u00eames conditions m\u00e9t\u00e9o nous ont oblig\u00e9 \u00e0 avoir une s\u00e9lection parcellaire encore plus pr\u00e9cise. Nous avons attendu les maturit\u00e9s les plus avanc\u00e9es possibles et le travail en amont (effeuillage, vendanges en vert) a donn\u00e9 une belle qualit\u00e9 de raisin. C\u2019est une ann\u00e9e, chez nous, o\u00f9 il fallait travailler plus malgr\u00e9 le faible rendement. <\/span><\/p>\n<p><span style=\"font-weight: 400;\"><strong>En 2017, nous avons donc produit moins de vin pour maintenir la qualit\u00e9 obtenue en 2015 et 2016.<\/strong> Un r\u00e9sultat satisfaisant ! <\/span><\/p>\n","protected":false},"excerpt":{"rendered":"<p>&nbsp; Tous les mill\u00e9simes \u00e0 Bordeaux, c\u2019est le grand bal des primeurs, organis\u00e9 par l\u2019Union des Grands Crus de Bordeaux et suivi par beaucoup d\u2019autres propri\u00e9t\u00e9s. Sur la rive droite comme la rive gauche, ce sont plus de 300 ch\u00e2teaux qui ouvrent leurs portes pendant une semaine. Le jus brille de jeunesse et les dents [&hellip;]<\/p>\n","protected":false},"author":12,"featured_media":4233,"comment_status":"open","ping_status":"open","sticky":false,"template":"","format":"standard","meta":{"_acf_changed":false,"footnotes":""},"categories":[16],"tags":[],"class_list":["post-4230","post","type-post","status-publish","format-standard","has-post-thumbnail","hentry","category-nouvelles-suau"],"acf":[],"yoast_head":"<!-- This site is optimized with the Yoast SEO plugin v28.3 - https:\/\/yoast.com\/product\/yoast-seo-wordpress\/ -->\n<title>Les primeurs de Bordeaux en quelques mots<\/title>\n<meta name=\"description\" content=\"Tous les ans d\u00e9but avril \u00e0 Bordeaux, c&#039;est la grand messe du nouveau mill\u00e9sime. Les plus grands critiques et acheteurs du vin viennent faire le tour du vignoble pour le d\u00e9couvrir.\" \/>\n<meta name=\"robots\" content=\"index, follow, max-snippet:-1, max-image-preview:large, max-video-preview:-1\" \/>\n<link rel=\"canonical\" href=\"https:\/\/chateausuau.com\/fr\/primeurs-bordeaux\/\" \/>\n<meta property=\"og:locale\" content=\"fr_FR\" \/>\n<meta property=\"og:type\" content=\"article\" \/>\n<meta property=\"og:title\" content=\"Les primeurs de Bordeaux en quelques mots\" \/>\n<meta property=\"og:description\" content=\"Tous les ans d\u00e9but avril \u00e0 Bordeaux, c&#039;est la grand messe du nouveau mill\u00e9sime. Les plus grands critiques et acheteurs du vin viennent faire le tour du vignoble pour le d\u00e9couvrir.\" \/>\n<meta property=\"og:url\" content=\"https:\/\/chateausuau.com\/fr\/primeurs-bordeaux\/\" \/>\n<meta property=\"og:site_name\" content=\"Chateau Suau\" \/>\n<meta property=\"article:published_time\" content=\"2018-04-18T12:32:39+00:00\" \/>\n<meta property=\"article:modified_time\" content=\"2019-07-08T16:01:14+00:00\" \/>\n<meta property=\"og:image\" content=\"https:\/\/chateausuau.com\/wp-content\/uploads\/2018\/04\/unnamed-1-1.jpg\" \/>\n\t<meta property=\"og:image:width\" content=\"2048\" \/>\n\t<meta property=\"og:image:height\" content=\"1152\" \/>\n\t<meta property=\"og:image:type\" content=\"image\/jpeg\" \/>\n<meta name=\"author\" content=\"Valeria\" \/>\n<meta name=\"twitter:label1\" content=\"\u00c9crit par\" \/>\n\t<meta name=\"twitter:data1\" content=\"Valeria\" \/>\n\t<meta name=\"twitter:label2\" content=\"Dur\u00e9e de lecture estim\u00e9e\" \/>\n\t<meta name=\"twitter:data2\" content=\"3 minutes\" \/>\n<script type=\"application\/ld+json\" class=\"yoast-schema-graph\">{\"@context\":\"https:\\\/\\\/schema.org\",\"@graph\":[{\"@type\":\"Article\",\"@id\":\"https:\\\/\\\/chateausuau.com\\\/fr\\\/primeurs-bordeaux\\\/#article\",\"isPartOf\":{\"@id\":\"https:\\\/\\\/chateausuau.com\\\/fr\\\/primeurs-bordeaux\\\/\"},\"author\":{\"name\":\"Valeria\",\"@id\":\"https:\\\/\\\/chateausuau.com\\\/fr\\\/#\\\/schema\\\/person\\\/b55d3e2ac798fb835932110fa72e9590\"},\"headline\":\"Les primeurs et le mill\u00e9sime 2017 au Ch\u00e2teau Suau\",\"datePublished\":\"2018-04-18T12:32:39+00:00\",\"dateModified\":\"2019-07-08T16:01:14+00:00\",\"mainEntityOfPage\":{\"@id\":\"https:\\\/\\\/chateausuau.com\\\/fr\\\/primeurs-bordeaux\\\/\"},\"wordCount\":625,\"commentCount\":0,\"image\":{\"@id\":\"https:\\\/\\\/chateausuau.com\\\/fr\\\/primeurs-bordeaux\\\/#primaryimage\"},\"thumbnailUrl\":\"https:\\\/\\\/chateausuau.com\\\/wp-content\\\/uploads\\\/2018\\\/04\\\/unnamed-1-1.jpg\",\"articleSection\":[\"La vie \u00e0 Suau\"],\"inLanguage\":\"fr-FR\",\"potentialAction\":[{\"@type\":\"CommentAction\",\"name\":\"Comment\",\"target\":[\"https:\\\/\\\/chateausuau.com\\\/fr\\\/primeurs-bordeaux\\\/#respond\"]}]},{\"@type\":\"WebPage\",\"@id\":\"https:\\\/\\\/chateausuau.com\\\/fr\\\/primeurs-bordeaux\\\/\",\"url\":\"https:\\\/\\\/chateausuau.com\\\/fr\\\/primeurs-bordeaux\\\/\",\"name\":\"Les primeurs de Bordeaux en quelques mots\",\"isPartOf\":{\"@id\":\"https:\\\/\\\/chateausuau.com\\\/fr\\\/#website\"},\"primaryImageOfPage\":{\"@id\":\"https:\\\/\\\/chateausuau.com\\\/fr\\\/primeurs-bordeaux\\\/#primaryimage\"},\"image\":{\"@id\":\"https:\\\/\\\/chateausuau.com\\\/fr\\\/primeurs-bordeaux\\\/#primaryimage\"},\"thumbnailUrl\":\"https:\\\/\\\/chateausuau.com\\\/wp-content\\\/uploads\\\/2018\\\/04\\\/unnamed-1-1.jpg\",\"datePublished\":\"2018-04-18T12:32:39+00:00\",\"dateModified\":\"2019-07-08T16:01:14+00:00\",\"author\":{\"@id\":\"https:\\\/\\\/chateausuau.com\\\/fr\\\/#\\\/schema\\\/person\\\/b55d3e2ac798fb835932110fa72e9590\"},\"description\":\"Tous les ans d\u00e9but avril \u00e0 Bordeaux, c'est la grand messe du nouveau mill\u00e9sime. Les plus grands critiques et acheteurs du vin viennent faire le tour du vignoble pour le d\u00e9couvrir.\",\"breadcrumb\":{\"@id\":\"https:\\\/\\\/chateausuau.com\\\/fr\\\/primeurs-bordeaux\\\/#breadcrumb\"},\"inLanguage\":\"fr-FR\",\"potentialAction\":[{\"@type\":\"ReadAction\",\"target\":[\"https:\\\/\\\/chateausuau.com\\\/fr\\\/primeurs-bordeaux\\\/\"]}]},{\"@type\":\"ImageObject\",\"inLanguage\":\"fr-FR\",\"@id\":\"https:\\\/\\\/chateausuau.com\\\/fr\\\/primeurs-bordeaux\\\/#primaryimage\",\"url\":\"https:\\\/\\\/chateausuau.com\\\/wp-content\\\/uploads\\\/2018\\\/04\\\/unnamed-1-1.jpg\",\"contentUrl\":\"https:\\\/\\\/chateausuau.com\\\/wp-content\\\/uploads\\\/2018\\\/04\\\/unnamed-1-1.jpg\",\"width\":2048,\"height\":1152},{\"@type\":\"BreadcrumbList\",\"@id\":\"https:\\\/\\\/chateausuau.com\\\/fr\\\/primeurs-bordeaux\\\/#breadcrumb\",\"itemListElement\":[{\"@type\":\"ListItem\",\"position\":1,\"name\":\"Accueil\",\"item\":\"https:\\\/\\\/chateausuau.com\\\/fr\\\/\"},{\"@type\":\"ListItem\",\"position\":2,\"name\":\"Les primeurs et le mill\u00e9sime 2017 au Ch\u00e2teau Suau\"}]},{\"@type\":\"WebSite\",\"@id\":\"https:\\\/\\\/chateausuau.com\\\/fr\\\/#website\",\"url\":\"https:\\\/\\\/chateausuau.com\\\/fr\\\/\",\"name\":\"Chateau Suau\",\"description\":\"Chateau Suau Winery. Official Webiste\",\"potentialAction\":[{\"@type\":\"SearchAction\",\"target\":{\"@type\":\"EntryPoint\",\"urlTemplate\":\"https:\\\/\\\/chateausuau.com\\\/fr\\\/?s={search_term_string}\"},\"query-input\":{\"@type\":\"PropertyValueSpecification\",\"valueRequired\":true,\"valueName\":\"search_term_string\"}}],\"inLanguage\":\"fr-FR\"},{\"@type\":\"Person\",\"@id\":\"https:\\\/\\\/chateausuau.com\\\/fr\\\/#\\\/schema\\\/person\\\/b55d3e2ac798fb835932110fa72e9590\",\"name\":\"Valeria\",\"image\":{\"@type\":\"ImageObject\",\"inLanguage\":\"fr-FR\",\"@id\":\"https:\\\/\\\/secure.gravatar.com\\\/avatar\\\/59b79bc3a18cce0a89668ad76760a6c681a80747fe406c23a2a306dee8dacc21?s=96&d=mm&r=g\",\"url\":\"https:\\\/\\\/secure.gravatar.com\\\/avatar\\\/59b79bc3a18cce0a89668ad76760a6c681a80747fe406c23a2a306dee8dacc21?s=96&d=mm&r=g\",\"contentUrl\":\"https:\\\/\\\/secure.gravatar.com\\\/avatar\\\/59b79bc3a18cce0a89668ad76760a6c681a80747fe406c23a2a306dee8dacc21?s=96&d=mm&r=g\",\"caption\":\"Valeria\"}}]}<\/script>\n<!-- \/ Yoast SEO plugin. -->","yoast_head_json":{"title":"Les primeurs de Bordeaux en quelques mots","description":"Tous les ans d\u00e9but avril \u00e0 Bordeaux, c'est la grand messe du nouveau mill\u00e9sime. Les plus grands critiques et acheteurs du vin viennent faire le tour du vignoble pour le d\u00e9couvrir.","robots":{"index":"index","follow":"follow","max-snippet":"max-snippet:-1","max-image-preview":"max-image-preview:large","max-video-preview":"max-video-preview:-1"},"canonical":"https:\/\/chateausuau.com\/fr\/primeurs-bordeaux\/","og_locale":"fr_FR","og_type":"article","og_title":"Les primeurs de Bordeaux en quelques mots","og_description":"Tous les ans d\u00e9but avril \u00e0 Bordeaux, c'est la grand messe du nouveau mill\u00e9sime. Les plus grands critiques et acheteurs du vin viennent faire le tour du vignoble pour le d\u00e9couvrir.","og_url":"https:\/\/chateausuau.com\/fr\/primeurs-bordeaux\/","og_site_name":"Chateau Suau","article_published_time":"2018-04-18T12:32:39+00:00","article_modified_time":"2019-07-08T16:01:14+00:00","og_image":[{"width":2048,"height":1152,"url":"https:\/\/chateausuau.com\/wp-content\/uploads\/2018\/04\/unnamed-1-1.jpg","type":"image\/jpeg"}],"author":"Valeria","twitter_misc":{"\u00c9crit par":"Valeria","Dur\u00e9e de lecture estim\u00e9e":"3 minutes"},"schema":{"@context":"https:\/\/schema.org","@graph":[{"@type":"Article","@id":"https:\/\/chateausuau.com\/fr\/primeurs-bordeaux\/#article","isPartOf":{"@id":"https:\/\/chateausuau.com\/fr\/primeurs-bordeaux\/"},"author":{"name":"Valeria","@id":"https:\/\/chateausuau.com\/fr\/#\/schema\/person\/b55d3e2ac798fb835932110fa72e9590"},"headline":"Les primeurs et le mill\u00e9sime 2017 au Ch\u00e2teau Suau","datePublished":"2018-04-18T12:32:39+00:00","dateModified":"2019-07-08T16:01:14+00:00","mainEntityOfPage":{"@id":"https:\/\/chateausuau.com\/fr\/primeurs-bordeaux\/"},"wordCount":625,"commentCount":0,"image":{"@id":"https:\/\/chateausuau.com\/fr\/primeurs-bordeaux\/#primaryimage"},"thumbnailUrl":"https:\/\/chateausuau.com\/wp-content\/uploads\/2018\/04\/unnamed-1-1.jpg","articleSection":["La vie \u00e0 Suau"],"inLanguage":"fr-FR","potentialAction":[{"@type":"CommentAction","name":"Comment","target":["https:\/\/chateausuau.com\/fr\/primeurs-bordeaux\/#respond"]}]},{"@type":"WebPage","@id":"https:\/\/chateausuau.com\/fr\/primeurs-bordeaux\/","url":"https:\/\/chateausuau.com\/fr\/primeurs-bordeaux\/","name":"Les primeurs de Bordeaux en quelques mots","isPartOf":{"@id":"https:\/\/chateausuau.com\/fr\/#website"},"primaryImageOfPage":{"@id":"https:\/\/chateausuau.com\/fr\/primeurs-bordeaux\/#primaryimage"},"image":{"@id":"https:\/\/chateausuau.com\/fr\/primeurs-bordeaux\/#primaryimage"},"thumbnailUrl":"https:\/\/chateausuau.com\/wp-content\/uploads\/2018\/04\/unnamed-1-1.jpg","datePublished":"2018-04-18T12:32:39+00:00","dateModified":"2019-07-08T16:01:14+00:00","author":{"@id":"https:\/\/chateausuau.com\/fr\/#\/schema\/person\/b55d3e2ac798fb835932110fa72e9590"},"description":"Tous les ans d\u00e9but avril \u00e0 Bordeaux, c'est la grand messe du nouveau mill\u00e9sime. Les plus grands critiques et acheteurs du vin viennent faire le tour du vignoble pour le d\u00e9couvrir.","breadcrumb":{"@id":"https:\/\/chateausuau.com\/fr\/primeurs-bordeaux\/#breadcrumb"},"inLanguage":"fr-FR","potentialAction":[{"@type":"ReadAction","target":["https:\/\/chateausuau.com\/fr\/primeurs-bordeaux\/"]}]},{"@type":"ImageObject","inLanguage":"fr-FR","@id":"https:\/\/chateausuau.com\/fr\/primeurs-bordeaux\/#primaryimage","url":"https:\/\/chateausuau.com\/wp-content\/uploads\/2018\/04\/unnamed-1-1.jpg","contentUrl":"https:\/\/chateausuau.com\/wp-content\/uploads\/2018\/04\/unnamed-1-1.jpg","width":2048,"height":1152},{"@type":"BreadcrumbList","@id":"https:\/\/chateausuau.com\/fr\/primeurs-bordeaux\/#breadcrumb","itemListElement":[{"@type":"ListItem","position":1,"name":"Accueil","item":"https:\/\/chateausuau.com\/fr\/"},{"@type":"ListItem","position":2,"name":"Les primeurs et le mill\u00e9sime 2017 au Ch\u00e2teau Suau"}]},{"@type":"WebSite","@id":"https:\/\/chateausuau.com\/fr\/#website","url":"https:\/\/chateausuau.com\/fr\/","name":"Chateau Suau","description":"Chateau Suau Winery. Official Webiste","potentialAction":[{"@type":"SearchAction","target":{"@type":"EntryPoint","urlTemplate":"https:\/\/chateausuau.com\/fr\/?s={search_term_string}"},"query-input":{"@type":"PropertyValueSpecification","valueRequired":true,"valueName":"search_term_string"}}],"inLanguage":"fr-FR"},{"@type":"Person","@id":"https:\/\/chateausuau.com\/fr\/#\/schema\/person\/b55d3e2ac798fb835932110fa72e9590","name":"Valeria","image":{"@type":"ImageObject","inLanguage":"fr-FR","@id":"https:\/\/secure.gravatar.com\/avatar\/59b79bc3a18cce0a89668ad76760a6c681a80747fe406c23a2a306dee8dacc21?s=96&d=mm&r=g","url":"https:\/\/secure.gravatar.com\/avatar\/59b79bc3a18cce0a89668ad76760a6c681a80747fe406c23a2a306dee8dacc21?s=96&d=mm&r=g","contentUrl":"https:\/\/secure.gravatar.com\/avatar\/59b79bc3a18cce0a89668ad76760a6c681a80747fe406c23a2a306dee8dacc21?s=96&d=mm&r=g","caption":"Valeria"}}]}},"_links":{"self":[{"href":"https:\/\/chateausuau.com\/fr\/wp-json\/wp\/v2\/posts\/4230","targetHints":{"allow":["GET"]}}],"collection":[{"href":"https:\/\/chateausuau.com\/fr\/wp-json\/wp\/v2\/posts"}],"about":[{"href":"https:\/\/chateausuau.com\/fr\/wp-json\/wp\/v2\/types\/post"}],"author":[{"embeddable":true,"href":"https:\/\/chateausuau.com\/fr\/wp-json\/wp\/v2\/users\/12"}],"replies":[{"embeddable":true,"href":"https:\/\/chateausuau.com\/fr\/wp-json\/wp\/v2\/comments?post=4230"}],"version-history":[{"count":0,"href":"https:\/\/chateausuau.com\/fr\/wp-json\/wp\/v2\/posts\/4230\/revisions"}],"wp:featuredmedia":[{"embeddable":true,"href":"https:\/\/chateausuau.com\/fr\/wp-json\/wp\/v2\/media\/4233"}],"wp:attachment":[{"href":"https:\/\/chateausuau.com\/fr\/wp-json\/wp\/v2\/media?parent=4230"}],"wp:term":[{"taxonomy":"category","embeddable":true,"href":"https:\/\/chateausuau.com\/fr\/wp-json\/wp\/v2\/categories?post=4230"},{"taxonomy":"post_tag","embeddable":true,"href":"https:\/\/chateausuau.com\/fr\/wp-json\/wp\/v2\/tags?post=4230"}],"curies":[{"name":"wp","href":"https:\/\/api.w.org\/{rel}","templated":true}]}}