{"id":4192,"date":"2018-04-03T15:58:46","date_gmt":"2018-04-03T15:58:46","guid":{"rendered":"http:\/\/chateausuau.com\/?p=4192"},"modified":"2019-07-08T18:01:11","modified_gmt":"2019-07-08T16:01:11","slug":"flore-printemps-vignoble","status":"publish","type":"post","link":"https:\/\/chateausuau.com\/fr\/flore-printemps-vignoble\/","title":{"rendered":"Flore de printemps et vignobles au Chateau Suau"},"content":{"rendered":"<p><img loading=\"lazy\" decoding=\"async\" class=\"aligncenter size-full wp-image-4199\" src=\"http:\/\/chateausuau.com\/wp-content\/uploads\/2018\/04\/unnamed.jpg\" alt=\"\" width=\"2000\" height=\"1500\" srcset=\"https:\/\/chateausuau.com\/wp-content\/uploads\/2018\/04\/unnamed.jpg 2000w, https:\/\/chateausuau.com\/wp-content\/uploads\/2018\/04\/unnamed-300x225.jpg 300w, https:\/\/chateausuau.com\/wp-content\/uploads\/2018\/04\/unnamed-768x576.jpg 768w, https:\/\/chateausuau.com\/wp-content\/uploads\/2018\/04\/unnamed-1024x768.jpg 1024w\" sizes=\"auto, (max-width: 2000px) 100vw, 2000px\" \/><\/p>\n<p>&nbsp;<\/p>\n<p><span style=\"font-weight: 400;\">La culture biologique redonne au vignoble sa couleur verdoyante gr\u00e2ce \u00e0 l\u2019en<\/span><span style=\"font-weight: 400;\">herbement entre les rangs l\u2019hiver. Et quand voil\u00e0 le printemps, la nature se r\u00e9veille au ch\u00e2teau Suau !<\/span><\/p>\n<h2>Gramin\u00e9s et l\u00e9gumineuses : le couvert v\u00e9g\u00e9tal<\/h2>\n<p><span style=\"font-weight: 400;\">C\u2019est \u00e0 l\u2019automne que nous avons plant\u00e9 les gramin\u00e9s et les l\u00e9gumineuses. Chez les gramin\u00e9s on retrouve l\u2019avoine et le seigle, des c\u00e9r\u00e9ales qui a\u00e8rent le sol gr\u00e2ce \u00e0 leurs racines profondes.<\/span><span style=\"font-weight: 400;\"><br \/>\n<\/span><span style=\"font-weight: 400;\">Chez les l\u00e9gumineuses ce sont les petits pois fourrages et de la f\u00e9verole qui permettent de fixer l\u2019azote et de le restituer au sol.<\/span><\/p>\n<h2>Pourquoi on s\u00e8me ?<\/h2>\n<p><span style=\"font-weight: 400;\">L\u00e0 o\u00f9 l\u2019homme s\u00e8me, beaucoup d\u2019autres choses poussent aussi, apportant plus ou moins de b\u00e9n\u00e9fices \u00e0 la vigne. Le sol est en fait constitu\u00e9 de milliers de graines, qui prennent des informations dans leur environnement et ne germent que si toutes les conditions sont r\u00e9unies pour leur survie. \u00a0Les semis d\u2019automne permettent alors de canaliser cette flore naturelle et d\u2019en limiter la quantit\u00e9 si n\u00e9cessaire. Vous pourrez ainsi tout de m\u00eame apercevoir les tr\u00e8fles, le chiendent, la v\u00e9ronique de Perse, les pissenlits ou la menthe sauvage qui peuvent prendre beaucoup de place et ajoutent parfois de jolies t\u00e2ches de couleurs. <\/span><span style=\"font-weight: 400;\"><br \/>\n<\/span><span style=\"font-weight: 400;\"><br \/>\n<\/span><span style=\"font-weight: 400;\">L\u2019ensemble permet une combinaison vertueuse qui apporte l\u2019\u00e9nergie n\u00e9cessaire au sol et donc \u00e0 la vigne. Ce couvert v\u00e9g\u00e9tal permet aussi un microcosme d\u2019insectes et de vers de terre qui ajoutent encore \u00e0 la cr\u00e9ation de nutriments et \u00e0 l\u2019\u00e9quilibre de la terre.<\/span><\/p>\n<p><iframe loading=\"lazy\" width=\"750\" height=\"422\" src=\"https:\/\/www.youtube.com\/embed\/t9bjj_uWqOU?feature=oembed\" frameborder=\"0\" allow=\"autoplay; encrypted-media\" allowfullscreen><\/iframe><\/p>\n<h2>Les rosiers<\/h2>\n<p><span style=\"font-weight: 400;\">Au bout du rang, quelques rosiers d\u00e9coratifs qui servaient \u00e0 l\u2019\u00e9poque \u00e0 avertir de la maladie de l\u2019o\u00efdium. Si les feuilles commen\u00e7aient \u00e0 brunir, on s\u2019inqui\u00e9tait alors de la vigne que l\u2019on pouvait traiter pr\u00e9ventivement. Aujourd\u2019hui, des programmes informatiques ont supplant\u00e9 aux rosiers mais comme tout syst\u00e8me reste faillible, il reste un excellent compl\u00e9ment pour analyser la sant\u00e9 de la vigne ! <\/span><span style=\"font-weight: 400;\"><br \/>\n<\/span><\/p>\n<h2>Travailler le sol pendant la pluie<\/h2>\n<p><span style=\"font-weight: 400;\">Avec les pluies incessantes de cette fin d\u2019hiver, ce tapis vert a la mission tr\u00e8s importante de limiter l\u2019\u00e9rosion qu\u2019entra\u00eene l\u2019eau sur son passage. Le sol est maintenu, structur\u00e9 par les diff\u00e9rentes racines. Nous arrivons \u00e0 un tel stade d\u2019humidit\u00e9, que les travaux du sol ont cess\u00e9 pour \u00e9viter toute \u00e9rosion. Aucun tracteur dans la vigne ! <\/span><\/p>\n<p><span style=\"font-weight: 400;\">La taille est finie et maintenant que la pluie a cess\u00e9, c\u2019est le moment de plier la branche qui portera les raisins et de broyer les sarments tomb\u00e9s \u00e0 terre. Ils seront ensuite broy\u00e9s et m\u00e9lang\u00e9s avec du fumier pour faire du composte qui servira \u00e0 enrichir la terre de la vigne. Le cycle est complet ! <\/span><\/p>\n<p><span style=\"font-weight: 400;\">En attendant la reprise, on r\u00e9pare plut\u00f4t les piquets et les fils aux extr\u00e9mit\u00e9s des rangs et on se pr\u00e9pare patiemment au d\u00e9bourrement. Il y a toujours quelque chose \u00e0 faire dans le vignoble !<\/span><\/p>\n<h2>La sortie des bourgeons<\/h2>\n<p><img loading=\"lazy\" decoding=\"async\" class=\"aligncenter size-full wp-image-4198\" src=\"http:\/\/chateausuau.com\/wp-content\/uploads\/2018\/04\/unnamed-1.jpg\" alt=\"\" width=\"4608\" height=\"3456\" srcset=\"https:\/\/chateausuau.com\/wp-content\/uploads\/2018\/04\/unnamed-1.jpg 4608w, https:\/\/chateausuau.com\/wp-content\/uploads\/2018\/04\/unnamed-1-300x225.jpg 300w, https:\/\/chateausuau.com\/wp-content\/uploads\/2018\/04\/unnamed-1-768x576.jpg 768w, https:\/\/chateausuau.com\/wp-content\/uploads\/2018\/04\/unnamed-1-1024x768.jpg 1024w\" sizes=\"auto, (max-width: 4608px) 100vw, 4608px\" \/><\/p>\n<p><span style=\"font-weight: 400;\">D\u00e8s que le soleil va poindre son nez, la vigne va exploser de vie. Le bourgeon est d\u00e9j\u00e0 apparent mais il est dans sa phase de coton, on voit comme de la ouate sortir du bourgeon qui va donner la feuille. <\/span><\/p>\n<p><span style=\"font-weight: 400;\">\u00c0 bient\u00f4t au ch\u00e2teau Suau ! <\/span><\/p>\n<p>&nbsp;<\/p>\n","protected":false},"excerpt":{"rendered":"<p>&nbsp; La culture biologique redonne au vignoble sa couleur verdoyante gr\u00e2ce \u00e0 l\u2019enherbement entre les rangs l\u2019hiver. Et quand voil\u00e0 le printemps, la nature se r\u00e9veille au ch\u00e2teau Suau ! Gramin\u00e9s et l\u00e9gumineuses : le couvert v\u00e9g\u00e9tal C\u2019est \u00e0 l\u2019automne que nous avons plant\u00e9 les gramin\u00e9s et les l\u00e9gumineuses. Chez les gramin\u00e9s on retrouve l\u2019avoine [&hellip;]<\/p>\n","protected":false},"author":12,"featured_media":4199,"comment_status":"open","ping_status":"open","sticky":false,"template":"","format":"standard","meta":{"_acf_changed":false,"footnotes":""},"categories":[16,17],"tags":[660],"class_list":["post-4192","post","type-post","status-publish","format-standard","has-post-thumbnail","hentry","category-nouvelles-suau","category-bio-vins","tag-viticulture-bio"],"acf":[],"yoast_head":"<!-- This site is optimized with the Yoast SEO plugin v28.3 - https:\/\/yoast.com\/product\/yoast-seo-wordpress\/ -->\n<title>Flore de printemps et vignobles au Chateau Suau<\/title>\n<meta name=\"description\" content=\"Fleurs et gramin\u00e9s commencent \u00e0 voir le jour dans notre vignoble, la viticulture bio leur permet de s&#039;\u00e9panouir pleinement.\" \/>\n<meta name=\"robots\" content=\"index, follow, max-snippet:-1, max-image-preview:large, max-video-preview:-1\" \/>\n<link rel=\"canonical\" href=\"https:\/\/chateausuau.com\/fr\/flore-printemps-vignoble\/\" \/>\n<meta property=\"og:locale\" content=\"fr_FR\" \/>\n<meta property=\"og:type\" content=\"article\" \/>\n<meta property=\"og:title\" content=\"Flore de printemps et vignobles au Chateau Suau\" \/>\n<meta property=\"og:description\" content=\"Fleurs et gramin\u00e9s commencent \u00e0 voir le jour dans notre vignoble, la viticulture bio leur permet de s&#039;\u00e9panouir pleinement.\" \/>\n<meta property=\"og:url\" content=\"https:\/\/chateausuau.com\/fr\/flore-printemps-vignoble\/\" \/>\n<meta property=\"og:site_name\" content=\"Chateau Suau\" \/>\n<meta property=\"article:published_time\" content=\"2018-04-03T15:58:46+00:00\" \/>\n<meta property=\"article:modified_time\" content=\"2019-07-08T16:01:11+00:00\" \/>\n<meta property=\"og:image\" content=\"https:\/\/chateausuau.com\/wp-content\/uploads\/2018\/04\/unnamed.jpg\" \/>\n\t<meta property=\"og:image:width\" content=\"2000\" \/>\n\t<meta property=\"og:image:height\" content=\"1500\" \/>\n\t<meta property=\"og:image:type\" content=\"image\/jpeg\" \/>\n<meta name=\"author\" content=\"Valeria\" \/>\n<meta name=\"twitter:label1\" content=\"\u00c9crit par\" \/>\n\t<meta name=\"twitter:data1\" content=\"Valeria\" \/>\n\t<meta name=\"twitter:label2\" content=\"Dur\u00e9e de lecture estim\u00e9e\" \/>\n\t<meta name=\"twitter:data2\" content=\"3 minutes\" \/>\n<script type=\"application\/ld+json\" class=\"yoast-schema-graph\">{\"@context\":\"https:\\\/\\\/schema.org\",\"@graph\":[{\"@type\":\"Article\",\"@id\":\"https:\\\/\\\/chateausuau.com\\\/fr\\\/flore-printemps-vignoble\\\/#article\",\"isPartOf\":{\"@id\":\"https:\\\/\\\/chateausuau.com\\\/fr\\\/flore-printemps-vignoble\\\/\"},\"author\":{\"name\":\"Valeria\",\"@id\":\"https:\\\/\\\/chateausuau.com\\\/fr\\\/#\\\/schema\\\/person\\\/b55d3e2ac798fb835932110fa72e9590\"},\"headline\":\"Flore de printemps et vignobles au Chateau Suau\",\"datePublished\":\"2018-04-03T15:58:46+00:00\",\"dateModified\":\"2019-07-08T16:01:11+00:00\",\"mainEntityOfPage\":{\"@id\":\"https:\\\/\\\/chateausuau.com\\\/fr\\\/flore-printemps-vignoble\\\/\"},\"wordCount\":586,\"commentCount\":0,\"image\":{\"@id\":\"https:\\\/\\\/chateausuau.com\\\/fr\\\/flore-printemps-vignoble\\\/#primaryimage\"},\"thumbnailUrl\":\"https:\\\/\\\/chateausuau.com\\\/wp-content\\\/uploads\\\/2018\\\/04\\\/unnamed.jpg\",\"keywords\":[\"viticulture bio\"],\"articleSection\":[\"La vie \u00e0 Suau\",\"Univers du vin bio\"],\"inLanguage\":\"fr-FR\",\"potentialAction\":[{\"@type\":\"CommentAction\",\"name\":\"Comment\",\"target\":[\"https:\\\/\\\/chateausuau.com\\\/fr\\\/flore-printemps-vignoble\\\/#respond\"]}]},{\"@type\":\"WebPage\",\"@id\":\"https:\\\/\\\/chateausuau.com\\\/fr\\\/flore-printemps-vignoble\\\/\",\"url\":\"https:\\\/\\\/chateausuau.com\\\/fr\\\/flore-printemps-vignoble\\\/\",\"name\":\"Flore de printemps et vignobles au Chateau Suau\",\"isPartOf\":{\"@id\":\"https:\\\/\\\/chateausuau.com\\\/fr\\\/#website\"},\"primaryImageOfPage\":{\"@id\":\"https:\\\/\\\/chateausuau.com\\\/fr\\\/flore-printemps-vignoble\\\/#primaryimage\"},\"image\":{\"@id\":\"https:\\\/\\\/chateausuau.com\\\/fr\\\/flore-printemps-vignoble\\\/#primaryimage\"},\"thumbnailUrl\":\"https:\\\/\\\/chateausuau.com\\\/wp-content\\\/uploads\\\/2018\\\/04\\\/unnamed.jpg\",\"datePublished\":\"2018-04-03T15:58:46+00:00\",\"dateModified\":\"2019-07-08T16:01:11+00:00\",\"author\":{\"@id\":\"https:\\\/\\\/chateausuau.com\\\/fr\\\/#\\\/schema\\\/person\\\/b55d3e2ac798fb835932110fa72e9590\"},\"description\":\"Fleurs et gramin\u00e9s commencent \u00e0 voir le jour dans notre vignoble, la viticulture bio leur permet de s'\u00e9panouir pleinement.\",\"breadcrumb\":{\"@id\":\"https:\\\/\\\/chateausuau.com\\\/fr\\\/flore-printemps-vignoble\\\/#breadcrumb\"},\"inLanguage\":\"fr-FR\",\"potentialAction\":[{\"@type\":\"ReadAction\",\"target\":[\"https:\\\/\\\/chateausuau.com\\\/fr\\\/flore-printemps-vignoble\\\/\"]}]},{\"@type\":\"ImageObject\",\"inLanguage\":\"fr-FR\",\"@id\":\"https:\\\/\\\/chateausuau.com\\\/fr\\\/flore-printemps-vignoble\\\/#primaryimage\",\"url\":\"https:\\\/\\\/chateausuau.com\\\/wp-content\\\/uploads\\\/2018\\\/04\\\/unnamed.jpg\",\"contentUrl\":\"https:\\\/\\\/chateausuau.com\\\/wp-content\\\/uploads\\\/2018\\\/04\\\/unnamed.jpg\",\"width\":2000,\"height\":1500},{\"@type\":\"BreadcrumbList\",\"@id\":\"https:\\\/\\\/chateausuau.com\\\/fr\\\/flore-printemps-vignoble\\\/#breadcrumb\",\"itemListElement\":[{\"@type\":\"ListItem\",\"position\":1,\"name\":\"Accueil\",\"item\":\"https:\\\/\\\/chateausuau.com\\\/fr\\\/\"},{\"@type\":\"ListItem\",\"position\":2,\"name\":\"Flore de printemps et vignobles au Chateau Suau\"}]},{\"@type\":\"WebSite\",\"@id\":\"https:\\\/\\\/chateausuau.com\\\/fr\\\/#website\",\"url\":\"https:\\\/\\\/chateausuau.com\\\/fr\\\/\",\"name\":\"Chateau Suau\",\"description\":\"Chateau Suau Winery. Official Webiste\",\"potentialAction\":[{\"@type\":\"SearchAction\",\"target\":{\"@type\":\"EntryPoint\",\"urlTemplate\":\"https:\\\/\\\/chateausuau.com\\\/fr\\\/?s={search_term_string}\"},\"query-input\":{\"@type\":\"PropertyValueSpecification\",\"valueRequired\":true,\"valueName\":\"search_term_string\"}}],\"inLanguage\":\"fr-FR\"},{\"@type\":\"Person\",\"@id\":\"https:\\\/\\\/chateausuau.com\\\/fr\\\/#\\\/schema\\\/person\\\/b55d3e2ac798fb835932110fa72e9590\",\"name\":\"Valeria\",\"image\":{\"@type\":\"ImageObject\",\"inLanguage\":\"fr-FR\",\"@id\":\"https:\\\/\\\/secure.gravatar.com\\\/avatar\\\/59b79bc3a18cce0a89668ad76760a6c681a80747fe406c23a2a306dee8dacc21?s=96&d=mm&r=g\",\"url\":\"https:\\\/\\\/secure.gravatar.com\\\/avatar\\\/59b79bc3a18cce0a89668ad76760a6c681a80747fe406c23a2a306dee8dacc21?s=96&d=mm&r=g\",\"contentUrl\":\"https:\\\/\\\/secure.gravatar.com\\\/avatar\\\/59b79bc3a18cce0a89668ad76760a6c681a80747fe406c23a2a306dee8dacc21?s=96&d=mm&r=g\",\"caption\":\"Valeria\"}}]}<\/script>\n<!-- \/ Yoast SEO plugin. -->","yoast_head_json":{"title":"Flore de printemps et vignobles au Chateau Suau","description":"Fleurs et gramin\u00e9s commencent \u00e0 voir le jour dans notre vignoble, la viticulture bio leur permet de s'\u00e9panouir pleinement.","robots":{"index":"index","follow":"follow","max-snippet":"max-snippet:-1","max-image-preview":"max-image-preview:large","max-video-preview":"max-video-preview:-1"},"canonical":"https:\/\/chateausuau.com\/fr\/flore-printemps-vignoble\/","og_locale":"fr_FR","og_type":"article","og_title":"Flore de printemps et vignobles au Chateau Suau","og_description":"Fleurs et gramin\u00e9s commencent \u00e0 voir le jour dans notre vignoble, la viticulture bio leur permet de s'\u00e9panouir pleinement.","og_url":"https:\/\/chateausuau.com\/fr\/flore-printemps-vignoble\/","og_site_name":"Chateau Suau","article_published_time":"2018-04-03T15:58:46+00:00","article_modified_time":"2019-07-08T16:01:11+00:00","og_image":[{"width":2000,"height":1500,"url":"https:\/\/chateausuau.com\/wp-content\/uploads\/2018\/04\/unnamed.jpg","type":"image\/jpeg"}],"author":"Valeria","twitter_misc":{"\u00c9crit par":"Valeria","Dur\u00e9e de lecture estim\u00e9e":"3 minutes"},"schema":{"@context":"https:\/\/schema.org","@graph":[{"@type":"Article","@id":"https:\/\/chateausuau.com\/fr\/flore-printemps-vignoble\/#article","isPartOf":{"@id":"https:\/\/chateausuau.com\/fr\/flore-printemps-vignoble\/"},"author":{"name":"Valeria","@id":"https:\/\/chateausuau.com\/fr\/#\/schema\/person\/b55d3e2ac798fb835932110fa72e9590"},"headline":"Flore de printemps et vignobles au Chateau Suau","datePublished":"2018-04-03T15:58:46+00:00","dateModified":"2019-07-08T16:01:11+00:00","mainEntityOfPage":{"@id":"https:\/\/chateausuau.com\/fr\/flore-printemps-vignoble\/"},"wordCount":586,"commentCount":0,"image":{"@id":"https:\/\/chateausuau.com\/fr\/flore-printemps-vignoble\/#primaryimage"},"thumbnailUrl":"https:\/\/chateausuau.com\/wp-content\/uploads\/2018\/04\/unnamed.jpg","keywords":["viticulture bio"],"articleSection":["La vie \u00e0 Suau","Univers du vin bio"],"inLanguage":"fr-FR","potentialAction":[{"@type":"CommentAction","name":"Comment","target":["https:\/\/chateausuau.com\/fr\/flore-printemps-vignoble\/#respond"]}]},{"@type":"WebPage","@id":"https:\/\/chateausuau.com\/fr\/flore-printemps-vignoble\/","url":"https:\/\/chateausuau.com\/fr\/flore-printemps-vignoble\/","name":"Flore de printemps et vignobles au Chateau Suau","isPartOf":{"@id":"https:\/\/chateausuau.com\/fr\/#website"},"primaryImageOfPage":{"@id":"https:\/\/chateausuau.com\/fr\/flore-printemps-vignoble\/#primaryimage"},"image":{"@id":"https:\/\/chateausuau.com\/fr\/flore-printemps-vignoble\/#primaryimage"},"thumbnailUrl":"https:\/\/chateausuau.com\/wp-content\/uploads\/2018\/04\/unnamed.jpg","datePublished":"2018-04-03T15:58:46+00:00","dateModified":"2019-07-08T16:01:11+00:00","author":{"@id":"https:\/\/chateausuau.com\/fr\/#\/schema\/person\/b55d3e2ac798fb835932110fa72e9590"},"description":"Fleurs et gramin\u00e9s commencent \u00e0 voir le jour dans notre vignoble, la viticulture bio leur permet de s'\u00e9panouir pleinement.","breadcrumb":{"@id":"https:\/\/chateausuau.com\/fr\/flore-printemps-vignoble\/#breadcrumb"},"inLanguage":"fr-FR","potentialAction":[{"@type":"ReadAction","target":["https:\/\/chateausuau.com\/fr\/flore-printemps-vignoble\/"]}]},{"@type":"ImageObject","inLanguage":"fr-FR","@id":"https:\/\/chateausuau.com\/fr\/flore-printemps-vignoble\/#primaryimage","url":"https:\/\/chateausuau.com\/wp-content\/uploads\/2018\/04\/unnamed.jpg","contentUrl":"https:\/\/chateausuau.com\/wp-content\/uploads\/2018\/04\/unnamed.jpg","width":2000,"height":1500},{"@type":"BreadcrumbList","@id":"https:\/\/chateausuau.com\/fr\/flore-printemps-vignoble\/#breadcrumb","itemListElement":[{"@type":"ListItem","position":1,"name":"Accueil","item":"https:\/\/chateausuau.com\/fr\/"},{"@type":"ListItem","position":2,"name":"Flore de printemps et vignobles au Chateau Suau"}]},{"@type":"WebSite","@id":"https:\/\/chateausuau.com\/fr\/#website","url":"https:\/\/chateausuau.com\/fr\/","name":"Chateau Suau","description":"Chateau Suau Winery. Official Webiste","potentialAction":[{"@type":"SearchAction","target":{"@type":"EntryPoint","urlTemplate":"https:\/\/chateausuau.com\/fr\/?s={search_term_string}"},"query-input":{"@type":"PropertyValueSpecification","valueRequired":true,"valueName":"search_term_string"}}],"inLanguage":"fr-FR"},{"@type":"Person","@id":"https:\/\/chateausuau.com\/fr\/#\/schema\/person\/b55d3e2ac798fb835932110fa72e9590","name":"Valeria","image":{"@type":"ImageObject","inLanguage":"fr-FR","@id":"https:\/\/secure.gravatar.com\/avatar\/59b79bc3a18cce0a89668ad76760a6c681a80747fe406c23a2a306dee8dacc21?s=96&d=mm&r=g","url":"https:\/\/secure.gravatar.com\/avatar\/59b79bc3a18cce0a89668ad76760a6c681a80747fe406c23a2a306dee8dacc21?s=96&d=mm&r=g","contentUrl":"https:\/\/secure.gravatar.com\/avatar\/59b79bc3a18cce0a89668ad76760a6c681a80747fe406c23a2a306dee8dacc21?s=96&d=mm&r=g","caption":"Valeria"}}]}},"_links":{"self":[{"href":"https:\/\/chateausuau.com\/fr\/wp-json\/wp\/v2\/posts\/4192","targetHints":{"allow":["GET"]}}],"collection":[{"href":"https:\/\/chateausuau.com\/fr\/wp-json\/wp\/v2\/posts"}],"about":[{"href":"https:\/\/chateausuau.com\/fr\/wp-json\/wp\/v2\/types\/post"}],"author":[{"embeddable":true,"href":"https:\/\/chateausuau.com\/fr\/wp-json\/wp\/v2\/users\/12"}],"replies":[{"embeddable":true,"href":"https:\/\/chateausuau.com\/fr\/wp-json\/wp\/v2\/comments?post=4192"}],"version-history":[{"count":0,"href":"https:\/\/chateausuau.com\/fr\/wp-json\/wp\/v2\/posts\/4192\/revisions"}],"wp:featuredmedia":[{"embeddable":true,"href":"https:\/\/chateausuau.com\/fr\/wp-json\/wp\/v2\/media\/4199"}],"wp:attachment":[{"href":"https:\/\/chateausuau.com\/fr\/wp-json\/wp\/v2\/media?parent=4192"}],"wp:term":[{"taxonomy":"category","embeddable":true,"href":"https:\/\/chateausuau.com\/fr\/wp-json\/wp\/v2\/categories?post=4192"},{"taxonomy":"post_tag","embeddable":true,"href":"https:\/\/chateausuau.com\/fr\/wp-json\/wp\/v2\/tags?post=4192"}],"curies":[{"name":"wp","href":"https:\/\/api.w.org\/{rel}","templated":true}]}}