{"id":4022,"date":"2018-02-26T15:45:52","date_gmt":"2018-02-26T15:45:52","guid":{"rendered":"http:\/\/chateausuau.com\/en\/?p=4022"},"modified":"2019-07-08T18:01:07","modified_gmt":"2019-07-08T16:01:07","slug":"hiver-vignoble","status":"publish","type":"post","link":"https:\/\/chateausuau.com\/fr\/hiver-vignoble\/","title":{"rendered":"L\u2019hiver, dans le vignoble, c\u2019est la saison de la taille"},"content":{"rendered":"<p><img loading=\"lazy\" decoding=\"async\" class=\"aligncenter size-full wp-image-4033\" src=\"http:\/\/chateausuau.com\/wp-content\/uploads\/2018\/02\/hiver-suau.jpg\" alt=\"\" width=\"2868\" height=\"2038\" srcset=\"https:\/\/chateausuau.com\/wp-content\/uploads\/2018\/02\/hiver-suau.jpg 2868w, https:\/\/chateausuau.com\/wp-content\/uploads\/2018\/02\/hiver-suau-300x213.jpg 300w, https:\/\/chateausuau.com\/wp-content\/uploads\/2018\/02\/hiver-suau-768x546.jpg 768w, https:\/\/chateausuau.com\/wp-content\/uploads\/2018\/02\/hiver-suau-1024x728.jpg 1024w\" sizes=\"auto, (max-width: 2868px) 100vw, 2868px\" \/><\/p>\n<p>&nbsp;<\/p>\n<p><b>L\u2019hiver, dans le vignoble, c\u2019est la saison de la taille !<\/b><span style=\"font-weight: 400;\"> Le Ch\u00e2teau Suau ne manque pas \u00e0 l\u2019appel avec ses 66 hectares de vigne. Les matins sont brumeux et frais, la terre craque sous le givre, les arbres se d\u00e9nudent et l\u2019herbe d\u2019un vert vif, s\u00e9pare les rangs. Les paysages sont dignes des plus grands romans. Les couleurs se font rares si ce n\u2019est sur les sols de bruy\u00e8res d\u2019un rose apaisant. <\/span><\/p>\n<p><span style=\"font-weight: 400;\">Dans l\u2019air, on peut entendre la douce musique des oiseaux qui chantent : <\/span><a href=\"http:\/\/www.nature33.fr\/163-especes-doiseaux-nicheurs-en-gironde\/\"><span style=\"font-weight: 400;\">merles, moineaux et pinsons<\/span><\/a><span style=\"font-weight: 400;\"> passeront l\u2019hiver avec nous. <\/span><b>Le travail est rythm\u00e9 par le coup de s\u00e9cateur \u00e9lectrique<\/b><span style=\"font-weight: 400;\"> et les conversations de l\u2019\u00e9quipe qui s\u2019anime. La nature est au ralenti alors que l\u2019homme s\u2019active. Les liens se tissent dans nos \u00e9quipes comme ceux qui attachent la vigne \u00e0 son fil. Une fa\u00e7on de la dompter ! <\/span><\/p>\n<p><span style=\"font-weight: 400;\">Bient\u00f4t, les grues survoleront le vignoble et les bourgeons sortiront, signant le retour du printemps. Revivez ces instants avec nous gr\u00e2ce aux belles images prises au Ch\u00e2teau Suau tout au long de la saison.<\/span><\/p>\n<p><span style=\"font-weight: 400;\">Retrouvez des informations techniques sur la taille au ch\u00e2teau dans notre article : <\/span><a href=\"http:\/\/chateausuau.com\/blog\/taille-vigne\/\"><span style=\"font-weight: 400;\">La Taille de la vigne : questions et r\u00e9ponses.<\/span><\/a><\/p>\n<p>&nbsp;<\/p>\n<p><iframe loading=\"lazy\" width=\"750\" height=\"422\" src=\"https:\/\/www.youtube.com\/embed\/lUXypXKW7Qw?feature=oembed\" frameborder=\"0\" allow=\"autoplay; encrypted-media\" allowfullscreen><\/iframe><\/p>\n","protected":false},"excerpt":{"rendered":"<p>&nbsp; L\u2019hiver, dans le vignoble, c\u2019est la saison de la taille ! Le Ch\u00e2teau Suau ne manque pas \u00e0 l\u2019appel avec ses 66 hectares de vigne. Les matins sont brumeux et frais, la terre craque sous le givre, les arbres se d\u00e9nudent et l\u2019herbe d\u2019un vert vif, s\u00e9pare les rangs. Les paysages sont dignes des [&hellip;]<\/p>\n","protected":false},"author":12,"featured_media":4033,"comment_status":"open","ping_status":"open","sticky":false,"template":"","format":"standard","meta":{"_acf_changed":false,"footnotes":""},"categories":[16],"tags":[],"class_list":["post-4022","post","type-post","status-publish","format-standard","has-post-thumbnail","hentry","category-nouvelles-suau"],"acf":[],"yoast_head":"<!-- This site is optimized with the Yoast SEO plugin v28.3 - https:\/\/yoast.com\/product\/yoast-seo-wordpress\/ -->\n<title>L\u2019hiver, dans le vignoble, c\u2019est la saison de la taille<\/title>\n<meta name=\"description\" content=\"En hiver, dans le vignoble, c&#039;est la saison de la taille. Voici une belle vid\u00e9o du ch\u00e2teau Suau en hiver, \u00e0 regarder sans mod\u00e9ration !\" \/>\n<meta name=\"robots\" content=\"index, follow, max-snippet:-1, max-image-preview:large, max-video-preview:-1\" \/>\n<link rel=\"canonical\" href=\"https:\/\/chateausuau.com\/fr\/hiver-vignoble\/\" \/>\n<meta property=\"og:locale\" content=\"fr_FR\" \/>\n<meta property=\"og:type\" content=\"article\" \/>\n<meta property=\"og:title\" content=\"L\u2019hiver, dans le vignoble, c\u2019est la saison de la taille\" \/>\n<meta property=\"og:description\" content=\"En hiver, dans le vignoble, c&#039;est la saison de la taille. Voici une belle vid\u00e9o du ch\u00e2teau Suau en hiver, \u00e0 regarder sans mod\u00e9ration !\" \/>\n<meta property=\"og:url\" content=\"https:\/\/chateausuau.com\/fr\/hiver-vignoble\/\" \/>\n<meta property=\"og:site_name\" content=\"Chateau Suau\" \/>\n<meta property=\"article:published_time\" content=\"2018-02-26T15:45:52+00:00\" \/>\n<meta property=\"article:modified_time\" content=\"2019-07-08T16:01:07+00:00\" \/>\n<meta property=\"og:image\" content=\"https:\/\/chateausuau.com\/wp-content\/uploads\/2018\/02\/hiver-suau.jpg\" \/>\n\t<meta property=\"og:image:width\" content=\"2868\" \/>\n\t<meta property=\"og:image:height\" content=\"2038\" \/>\n\t<meta property=\"og:image:type\" content=\"image\/jpeg\" \/>\n<meta name=\"author\" content=\"Valeria\" \/>\n<meta name=\"twitter:label1\" content=\"\u00c9crit par\" \/>\n\t<meta name=\"twitter:data1\" content=\"Valeria\" \/>\n\t<meta name=\"twitter:label2\" content=\"Dur\u00e9e de lecture estim\u00e9e\" \/>\n\t<meta name=\"twitter:data2\" content=\"1 minute\" \/>\n<script type=\"application\/ld+json\" class=\"yoast-schema-graph\">{\"@context\":\"https:\\\/\\\/schema.org\",\"@graph\":[{\"@type\":\"Article\",\"@id\":\"https:\\\/\\\/chateausuau.com\\\/fr\\\/hiver-vignoble\\\/#article\",\"isPartOf\":{\"@id\":\"https:\\\/\\\/chateausuau.com\\\/fr\\\/hiver-vignoble\\\/\"},\"author\":{\"name\":\"Valeria\",\"@id\":\"https:\\\/\\\/chateausuau.com\\\/fr\\\/#\\\/schema\\\/person\\\/b55d3e2ac798fb835932110fa72e9590\"},\"headline\":\"L\u2019hiver, dans le vignoble, c\u2019est la saison de la taille\",\"datePublished\":\"2018-02-26T15:45:52+00:00\",\"dateModified\":\"2019-07-08T16:01:07+00:00\",\"mainEntityOfPage\":{\"@id\":\"https:\\\/\\\/chateausuau.com\\\/fr\\\/hiver-vignoble\\\/\"},\"wordCount\":233,\"commentCount\":0,\"image\":{\"@id\":\"https:\\\/\\\/chateausuau.com\\\/fr\\\/hiver-vignoble\\\/#primaryimage\"},\"thumbnailUrl\":\"https:\\\/\\\/chateausuau.com\\\/wp-content\\\/uploads\\\/2018\\\/02\\\/hiver-suau.jpg\",\"articleSection\":[\"La vie \u00e0 Suau\"],\"inLanguage\":\"fr-FR\",\"potentialAction\":[{\"@type\":\"CommentAction\",\"name\":\"Comment\",\"target\":[\"https:\\\/\\\/chateausuau.com\\\/fr\\\/hiver-vignoble\\\/#respond\"]}]},{\"@type\":\"WebPage\",\"@id\":\"https:\\\/\\\/chateausuau.com\\\/fr\\\/hiver-vignoble\\\/\",\"url\":\"https:\\\/\\\/chateausuau.com\\\/fr\\\/hiver-vignoble\\\/\",\"name\":\"L\u2019hiver, dans le vignoble, c\u2019est la saison de la taille\",\"isPartOf\":{\"@id\":\"https:\\\/\\\/chateausuau.com\\\/fr\\\/#website\"},\"primaryImageOfPage\":{\"@id\":\"https:\\\/\\\/chateausuau.com\\\/fr\\\/hiver-vignoble\\\/#primaryimage\"},\"image\":{\"@id\":\"https:\\\/\\\/chateausuau.com\\\/fr\\\/hiver-vignoble\\\/#primaryimage\"},\"thumbnailUrl\":\"https:\\\/\\\/chateausuau.com\\\/wp-content\\\/uploads\\\/2018\\\/02\\\/hiver-suau.jpg\",\"datePublished\":\"2018-02-26T15:45:52+00:00\",\"dateModified\":\"2019-07-08T16:01:07+00:00\",\"author\":{\"@id\":\"https:\\\/\\\/chateausuau.com\\\/fr\\\/#\\\/schema\\\/person\\\/b55d3e2ac798fb835932110fa72e9590\"},\"description\":\"En hiver, dans le vignoble, c'est la saison de la taille. Voici une belle vid\u00e9o du ch\u00e2teau Suau en hiver, \u00e0 regarder sans mod\u00e9ration !\",\"breadcrumb\":{\"@id\":\"https:\\\/\\\/chateausuau.com\\\/fr\\\/hiver-vignoble\\\/#breadcrumb\"},\"inLanguage\":\"fr-FR\",\"potentialAction\":[{\"@type\":\"ReadAction\",\"target\":[\"https:\\\/\\\/chateausuau.com\\\/fr\\\/hiver-vignoble\\\/\"]}]},{\"@type\":\"ImageObject\",\"inLanguage\":\"fr-FR\",\"@id\":\"https:\\\/\\\/chateausuau.com\\\/fr\\\/hiver-vignoble\\\/#primaryimage\",\"url\":\"https:\\\/\\\/chateausuau.com\\\/wp-content\\\/uploads\\\/2018\\\/02\\\/hiver-suau.jpg\",\"contentUrl\":\"https:\\\/\\\/chateausuau.com\\\/wp-content\\\/uploads\\\/2018\\\/02\\\/hiver-suau.jpg\",\"width\":2868,\"height\":2038},{\"@type\":\"BreadcrumbList\",\"@id\":\"https:\\\/\\\/chateausuau.com\\\/fr\\\/hiver-vignoble\\\/#breadcrumb\",\"itemListElement\":[{\"@type\":\"ListItem\",\"position\":1,\"name\":\"Accueil\",\"item\":\"https:\\\/\\\/chateausuau.com\\\/fr\\\/\"},{\"@type\":\"ListItem\",\"position\":2,\"name\":\"L\u2019hiver, dans le vignoble, c\u2019est la saison de la taille\"}]},{\"@type\":\"WebSite\",\"@id\":\"https:\\\/\\\/chateausuau.com\\\/fr\\\/#website\",\"url\":\"https:\\\/\\\/chateausuau.com\\\/fr\\\/\",\"name\":\"Chateau Suau\",\"description\":\"Chateau Suau Winery. Official Webiste\",\"potentialAction\":[{\"@type\":\"SearchAction\",\"target\":{\"@type\":\"EntryPoint\",\"urlTemplate\":\"https:\\\/\\\/chateausuau.com\\\/fr\\\/?s={search_term_string}\"},\"query-input\":{\"@type\":\"PropertyValueSpecification\",\"valueRequired\":true,\"valueName\":\"search_term_string\"}}],\"inLanguage\":\"fr-FR\"},{\"@type\":\"Person\",\"@id\":\"https:\\\/\\\/chateausuau.com\\\/fr\\\/#\\\/schema\\\/person\\\/b55d3e2ac798fb835932110fa72e9590\",\"name\":\"Valeria\",\"image\":{\"@type\":\"ImageObject\",\"inLanguage\":\"fr-FR\",\"@id\":\"https:\\\/\\\/secure.gravatar.com\\\/avatar\\\/59b79bc3a18cce0a89668ad76760a6c681a80747fe406c23a2a306dee8dacc21?s=96&d=mm&r=g\",\"url\":\"https:\\\/\\\/secure.gravatar.com\\\/avatar\\\/59b79bc3a18cce0a89668ad76760a6c681a80747fe406c23a2a306dee8dacc21?s=96&d=mm&r=g\",\"contentUrl\":\"https:\\\/\\\/secure.gravatar.com\\\/avatar\\\/59b79bc3a18cce0a89668ad76760a6c681a80747fe406c23a2a306dee8dacc21?s=96&d=mm&r=g\",\"caption\":\"Valeria\"}}]}<\/script>\n<!-- \/ Yoast SEO plugin. -->","yoast_head_json":{"title":"L\u2019hiver, dans le vignoble, c\u2019est la saison de la taille","description":"En hiver, dans le vignoble, c'est la saison de la taille. Voici une belle vid\u00e9o du ch\u00e2teau Suau en hiver, \u00e0 regarder sans mod\u00e9ration !","robots":{"index":"index","follow":"follow","max-snippet":"max-snippet:-1","max-image-preview":"max-image-preview:large","max-video-preview":"max-video-preview:-1"},"canonical":"https:\/\/chateausuau.com\/fr\/hiver-vignoble\/","og_locale":"fr_FR","og_type":"article","og_title":"L\u2019hiver, dans le vignoble, c\u2019est la saison de la taille","og_description":"En hiver, dans le vignoble, c'est la saison de la taille. Voici une belle vid\u00e9o du ch\u00e2teau Suau en hiver, \u00e0 regarder sans mod\u00e9ration !","og_url":"https:\/\/chateausuau.com\/fr\/hiver-vignoble\/","og_site_name":"Chateau Suau","article_published_time":"2018-02-26T15:45:52+00:00","article_modified_time":"2019-07-08T16:01:07+00:00","og_image":[{"width":2868,"height":2038,"url":"https:\/\/chateausuau.com\/wp-content\/uploads\/2018\/02\/hiver-suau.jpg","type":"image\/jpeg"}],"author":"Valeria","twitter_misc":{"\u00c9crit par":"Valeria","Dur\u00e9e de lecture estim\u00e9e":"1 minute"},"schema":{"@context":"https:\/\/schema.org","@graph":[{"@type":"Article","@id":"https:\/\/chateausuau.com\/fr\/hiver-vignoble\/#article","isPartOf":{"@id":"https:\/\/chateausuau.com\/fr\/hiver-vignoble\/"},"author":{"name":"Valeria","@id":"https:\/\/chateausuau.com\/fr\/#\/schema\/person\/b55d3e2ac798fb835932110fa72e9590"},"headline":"L\u2019hiver, dans le vignoble, c\u2019est la saison de la taille","datePublished":"2018-02-26T15:45:52+00:00","dateModified":"2019-07-08T16:01:07+00:00","mainEntityOfPage":{"@id":"https:\/\/chateausuau.com\/fr\/hiver-vignoble\/"},"wordCount":233,"commentCount":0,"image":{"@id":"https:\/\/chateausuau.com\/fr\/hiver-vignoble\/#primaryimage"},"thumbnailUrl":"https:\/\/chateausuau.com\/wp-content\/uploads\/2018\/02\/hiver-suau.jpg","articleSection":["La vie \u00e0 Suau"],"inLanguage":"fr-FR","potentialAction":[{"@type":"CommentAction","name":"Comment","target":["https:\/\/chateausuau.com\/fr\/hiver-vignoble\/#respond"]}]},{"@type":"WebPage","@id":"https:\/\/chateausuau.com\/fr\/hiver-vignoble\/","url":"https:\/\/chateausuau.com\/fr\/hiver-vignoble\/","name":"L\u2019hiver, dans le vignoble, c\u2019est la saison de la taille","isPartOf":{"@id":"https:\/\/chateausuau.com\/fr\/#website"},"primaryImageOfPage":{"@id":"https:\/\/chateausuau.com\/fr\/hiver-vignoble\/#primaryimage"},"image":{"@id":"https:\/\/chateausuau.com\/fr\/hiver-vignoble\/#primaryimage"},"thumbnailUrl":"https:\/\/chateausuau.com\/wp-content\/uploads\/2018\/02\/hiver-suau.jpg","datePublished":"2018-02-26T15:45:52+00:00","dateModified":"2019-07-08T16:01:07+00:00","author":{"@id":"https:\/\/chateausuau.com\/fr\/#\/schema\/person\/b55d3e2ac798fb835932110fa72e9590"},"description":"En hiver, dans le vignoble, c'est la saison de la taille. Voici une belle vid\u00e9o du ch\u00e2teau Suau en hiver, \u00e0 regarder sans mod\u00e9ration !","breadcrumb":{"@id":"https:\/\/chateausuau.com\/fr\/hiver-vignoble\/#breadcrumb"},"inLanguage":"fr-FR","potentialAction":[{"@type":"ReadAction","target":["https:\/\/chateausuau.com\/fr\/hiver-vignoble\/"]}]},{"@type":"ImageObject","inLanguage":"fr-FR","@id":"https:\/\/chateausuau.com\/fr\/hiver-vignoble\/#primaryimage","url":"https:\/\/chateausuau.com\/wp-content\/uploads\/2018\/02\/hiver-suau.jpg","contentUrl":"https:\/\/chateausuau.com\/wp-content\/uploads\/2018\/02\/hiver-suau.jpg","width":2868,"height":2038},{"@type":"BreadcrumbList","@id":"https:\/\/chateausuau.com\/fr\/hiver-vignoble\/#breadcrumb","itemListElement":[{"@type":"ListItem","position":1,"name":"Accueil","item":"https:\/\/chateausuau.com\/fr\/"},{"@type":"ListItem","position":2,"name":"L\u2019hiver, dans le vignoble, c\u2019est la saison de la taille"}]},{"@type":"WebSite","@id":"https:\/\/chateausuau.com\/fr\/#website","url":"https:\/\/chateausuau.com\/fr\/","name":"Chateau Suau","description":"Chateau Suau Winery. Official Webiste","potentialAction":[{"@type":"SearchAction","target":{"@type":"EntryPoint","urlTemplate":"https:\/\/chateausuau.com\/fr\/?s={search_term_string}"},"query-input":{"@type":"PropertyValueSpecification","valueRequired":true,"valueName":"search_term_string"}}],"inLanguage":"fr-FR"},{"@type":"Person","@id":"https:\/\/chateausuau.com\/fr\/#\/schema\/person\/b55d3e2ac798fb835932110fa72e9590","name":"Valeria","image":{"@type":"ImageObject","inLanguage":"fr-FR","@id":"https:\/\/secure.gravatar.com\/avatar\/59b79bc3a18cce0a89668ad76760a6c681a80747fe406c23a2a306dee8dacc21?s=96&d=mm&r=g","url":"https:\/\/secure.gravatar.com\/avatar\/59b79bc3a18cce0a89668ad76760a6c681a80747fe406c23a2a306dee8dacc21?s=96&d=mm&r=g","contentUrl":"https:\/\/secure.gravatar.com\/avatar\/59b79bc3a18cce0a89668ad76760a6c681a80747fe406c23a2a306dee8dacc21?s=96&d=mm&r=g","caption":"Valeria"}}]}},"_links":{"self":[{"href":"https:\/\/chateausuau.com\/fr\/wp-json\/wp\/v2\/posts\/4022","targetHints":{"allow":["GET"]}}],"collection":[{"href":"https:\/\/chateausuau.com\/fr\/wp-json\/wp\/v2\/posts"}],"about":[{"href":"https:\/\/chateausuau.com\/fr\/wp-json\/wp\/v2\/types\/post"}],"author":[{"embeddable":true,"href":"https:\/\/chateausuau.com\/fr\/wp-json\/wp\/v2\/users\/12"}],"replies":[{"embeddable":true,"href":"https:\/\/chateausuau.com\/fr\/wp-json\/wp\/v2\/comments?post=4022"}],"version-history":[{"count":0,"href":"https:\/\/chateausuau.com\/fr\/wp-json\/wp\/v2\/posts\/4022\/revisions"}],"wp:featuredmedia":[{"embeddable":true,"href":"https:\/\/chateausuau.com\/fr\/wp-json\/wp\/v2\/media\/4033"}],"wp:attachment":[{"href":"https:\/\/chateausuau.com\/fr\/wp-json\/wp\/v2\/media?parent=4022"}],"wp:term":[{"taxonomy":"category","embeddable":true,"href":"https:\/\/chateausuau.com\/fr\/wp-json\/wp\/v2\/categories?post=4022"},{"taxonomy":"post_tag","embeddable":true,"href":"https:\/\/chateausuau.com\/fr\/wp-json\/wp\/v2\/tags?post=4022"}],"curies":[{"name":"wp","href":"https:\/\/api.w.org\/{rel}","templated":true}]}}