{"id":3855,"date":"2018-01-23T07:00:58","date_gmt":"2018-01-23T07:00:58","guid":{"rendered":"http:\/\/chateausuau.com\/?p=3855"},"modified":"2019-07-08T18:01:03","modified_gmt":"2019-07-08T16:01:03","slug":"salade-fruits-hiver","status":"publish","type":"post","link":"https:\/\/chateausuau.com\/fr\/salade-fruits-hiver\/","title":{"rendered":"Salade de fruits d&rsquo;hiver"},"content":{"rendered":"<p>&nbsp;<\/p>\n<div id=\"attachment_3856\" style=\"width: 1010px\" class=\"wp-caption alignnone\"><img loading=\"lazy\" decoding=\"async\" aria-describedby=\"caption-attachment-3856\" class=\"wp-image-3856 size-full\" title=\"Salade de fruits d'hiver \" src=\"http:\/\/chateausuau.com\/wp-content\/uploads\/2018\/01\/Salade-de-fruits-dhiver3-blog.jpg\" alt=\"Salade de fruits d'hiver \" width=\"1000\" height=\"626\" srcset=\"https:\/\/chateausuau.com\/wp-content\/uploads\/2018\/01\/Salade-de-fruits-dhiver3-blog.jpg 1000w, https:\/\/chateausuau.com\/wp-content\/uploads\/2018\/01\/Salade-de-fruits-dhiver3-blog-300x188.jpg 300w, https:\/\/chateausuau.com\/wp-content\/uploads\/2018\/01\/Salade-de-fruits-dhiver3-blog-768x481.jpg 768w\" sizes=\"auto, (max-width: 1000px) 100vw, 1000px\" \/><p id=\"caption-attachment-3856\" class=\"wp-caption-text\">Cr\u00e9dits photos : Delphine Pocard<\/p><\/div>\n<p><span style=\"font-weight: 400;\">La salade de fruits ne demande bien souvent que tr\u00e8s peu de temps de pr\u00e9paration. Elle est tr\u00e8s appr\u00e9ci\u00e9e apr\u00e8s un bon repas. Pour la r\u00e9ussir, c&rsquo;est facile, mais mieux vaut suivre quelques conseils pour ne jamais la rater\u00a0! <\/span><\/p>\n<p><span style=\"font-weight: 400;\">D\u00e9couvrez ci-apr\u00e8s quelques points importants pour sublimer vos compositions, puis d\u00e9couvrez une proposition de recette de salade de fruits d&rsquo;hiver. Enfin, nous verrons quel vin choisir pour la d\u00e9guster\u00a0! <\/span><\/p>\n<h2>Quelques conseils et secrets pour une salade de fruits r\u00e9ussie\u00a0!<\/h2>\n<p><span style=\"font-weight: 400;\"><strong>1-<\/strong> Inutile de mettre une tr\u00e8s grande vari\u00e9t\u00e9 de fruits dans votre composition\u00a0: <\/span><b>3 \u00e0 4 saveurs<\/b><span style=\"font-weight: 400;\"> suffisent. L&rsquo;important est de <\/span><b>m\u00ealer les textures<\/b><span style=\"font-weight: 400;\">\u00a0: du croquant et du mou comme la pomme et la banane, et de <\/span><b>m\u00ealer les couleurs<\/b><span style=\"font-weight: 400;\"> pour une jolie salade (rouge avec les graines de grenade, les cerises, les framboises&#8230;, jaune pour la p\u00eache ou la banane , vert pour le kiwi, etc&#8230; ). \u00a0<\/span><\/p>\n<p><span style=\"font-weight: 400;\"><strong>2-<\/strong> <strong>Le jus de citron<\/strong> est un \u00e9l\u00e9ment indispensable pour emp\u00eacher les effets de l&rsquo;oxydation\u00a0: le noircissement des fruits. N&rsquo;oubliez pas d&rsquo;en ajouter toujours un peu dans votre recette. <\/span><\/p>\n<p><span style=\"font-weight: 400;\"><strong>3-<\/strong> La salade de fruits est encore meilleure lorsque l&rsquo;on prend le temps de la laisser <strong>mac\u00e9rer au frais pendant au moins une demi-heure<\/strong>\u00a0: le temps que l&rsquo;osmose entre les diff\u00e9rents ingr\u00e9dients s&rsquo;op\u00e8re. \u00a0Par contre, les fruits avec le temps ramollissent \u00e0 cause de l&rsquo;acidit\u00e9 et perdent de leurs nutriments, il convient donc de ne pas tarder trop et d\u00e9guster id\u00e9alement votre salade le jour-m\u00eame. <\/span><\/p>\n<p><span style=\"font-weight: 400;\"><strong>4- Doit-on sucrer la salade de fruits\u00a0?<\/strong> La r\u00e9ponse est\u00a0: \u00e7a d\u00e9pend\u00a0! Go\u00fbtez-la avant de la servir. Les fruits que vous y incorporez seront plus ou moins sucr\u00e9s, plus ou moins acides. Pour changer du sucre blanc, vous pouvez incorporer du sucre complet, du sirop d&rsquo;\u00e9rable ou de riz, du sirop de fleurs de coco par exemple. On peut \u00e9galement remplacer le sucre par du jus de fruits\u00a0: orange, pomme ou raisin par exemple, des fruits naturellement tr\u00e8s sucr\u00e9s. Si vous adorez l&rsquo;acidul\u00e9, optez pour le jus de pamplemousse m\u00eal\u00e9 \u00e0 du jus de citron ou de cl\u00e9mentine. <\/span><\/p>\n<p><span style=\"font-weight: 400;\"><strong>5-<\/strong> <strong>Apportez du parfum \u00e0 vos salades de fruits.<\/strong> Les possibilit\u00e9s sont nombreuses\u00a0: zeste d&rsquo;agrumes, eau de fleur d&rsquo;orange ou de rose, huile essentielle (une ou deux gouttes suffisent\u00a0: d&rsquo;agrume, d&rsquo;amande douce, de basilic, de coriandre, de menthe verte&#8230; ), \u00e9pices moulues (vanille, cannelle, badiane, anis&#8230; ), alcool (rhum ambr\u00e9, Grand Marnier, Cointreau&#8230; ), vin (doux ou mousseux), feuilles aromatiques (basilic, coriandre, menthe&#8230; ). <\/span><\/p>\n<p><span style=\"font-weight: 400;\"><strong>6-<\/strong> <strong>Les fruits secs et les fruits ol\u00e9agineux<\/strong> ont leur place parmi les fruits frais dans vos salades d&rsquo;hiver\u00a0: dattes, figues, pruneaux, noix, noisettes, amandes, pistaches (en d\u00e9s, concass\u00e9s, entiers)&#8230; Pensez \u00e9galement aux petites graines\u00a0: chia, s\u00e9same, pavot, tournesol, courge. Tous ces ingr\u00e9dients apporteront de l&rsquo;originalit\u00e9 et de la gourmandise \u00e0 votre salade. <\/span><\/p>\n<div id=\"attachment_3857\" style=\"width: 1010px\" class=\"wp-caption alignnone\"><img loading=\"lazy\" decoding=\"async\" aria-describedby=\"caption-attachment-3857\" class=\"wp-image-3857 size-full\" src=\"http:\/\/chateausuau.com\/wp-content\/uploads\/2018\/01\/Salade-de-fruits-dhiver1-blog.jpg\" alt=\"Salade de fruits d'hiver 2\" width=\"1000\" height=\"667\" srcset=\"https:\/\/chateausuau.com\/wp-content\/uploads\/2018\/01\/Salade-de-fruits-dhiver1-blog.jpg 1000w, https:\/\/chateausuau.com\/wp-content\/uploads\/2018\/01\/Salade-de-fruits-dhiver1-blog-300x200.jpg 300w, https:\/\/chateausuau.com\/wp-content\/uploads\/2018\/01\/Salade-de-fruits-dhiver1-blog-768x512.jpg 768w\" sizes=\"auto, (max-width: 1000px) 100vw, 1000px\" \/><p id=\"caption-attachment-3857\" class=\"wp-caption-text\">Cr\u00e9dits photos : Delphine Pocard<\/p><\/div>\n<h2>Salade de fruits d&rsquo;hiver, la recette<\/h2>\n<p><span style=\"font-weight: 400;\">Ananas, banane, citron, cl\u00e9mentine, orange, fruit de la passion, grenade, pomme, poire, mangue, papaye, pomelos, kaki, kiwi, etc&#8230; les fruits d&rsquo;hiver sont vari\u00e9s. Avec quelques uns de ces fruits, voici ci-apr\u00e8s la recette d&rsquo;une excellente salade de fruits\u00a0!<\/span><\/p>\n<p><b>Pr\u00e9paration\u00a0: 15 \u00e0 20 minutes<\/b><\/p>\n<p><b>Pour 4 personnes\u00a0: <\/b><\/p>\n<ul>\n<li style=\"font-weight: 400;\"><span style=\"font-weight: 400;\">4 <strong>cl\u00e9mentines<\/strong><\/span><\/li>\n<li style=\"font-weight: 400;\"><span style=\"font-weight: 400;\">2 belles <strong>pommes croquantes bio <\/strong><\/span><\/li>\n<li style=\"font-weight: 400;\"><span style=\"font-weight: 400;\">3 <strong>kiwi Gold bio <\/strong><\/span><\/li>\n<li style=\"font-weight: 400;\"><span style=\"font-weight: 400;\">les graines d&rsquo;une <strong>grenade<\/strong><\/span><\/li>\n<li style=\"font-weight: 400;\"><span style=\"font-weight: 400;\">le <strong>jus<\/strong> de 4 cl\u00e9mentines + d&rsquo;un demi-citron<\/span><\/li>\n<li style=\"font-weight: 400;\"><span style=\"font-weight: 400;\">1 cuil \u00e0 soupe d&rsquo;eau de <strong>fleur d&rsquo;oranger<\/strong><\/span><\/li>\n<li style=\"font-weight: 400;\"><span style=\"font-weight: 400;\">1 petite cuill\u00e8re \u00e0 th\u00e9 de <strong>vanille moulue<\/strong><\/span><\/li>\n<li style=\"font-weight: 400;\"><span style=\"font-weight: 400;\">9 <strong>noix<\/strong><\/span><\/li>\n<li style=\"font-weight: 400;\"><span style=\"font-weight: 400;\">facultatif\u00a0: une lich\u00e9e de <strong>sirop d&rsquo;\u00e9rable<\/strong><\/span><\/li>\n<\/ul>\n<div id=\"attachment_3858\" style=\"width: 1110px\" class=\"wp-caption alignnone\"><img loading=\"lazy\" decoding=\"async\" aria-describedby=\"caption-attachment-3858\" class=\"wp-image-3858 size-full\" src=\"http:\/\/chateausuau.com\/wp-content\/uploads\/2018\/01\/Salade-de-fruits-dhiver-blog.jpg\" alt=\"Salade de fruits d'hiver 3\" width=\"1100\" height=\"765\" srcset=\"https:\/\/chateausuau.com\/wp-content\/uploads\/2018\/01\/Salade-de-fruits-dhiver-blog.jpg 1100w, https:\/\/chateausuau.com\/wp-content\/uploads\/2018\/01\/Salade-de-fruits-dhiver-blog-300x209.jpg 300w, https:\/\/chateausuau.com\/wp-content\/uploads\/2018\/01\/Salade-de-fruits-dhiver-blog-768x534.jpg 768w, https:\/\/chateausuau.com\/wp-content\/uploads\/2018\/01\/Salade-de-fruits-dhiver-blog-1024x712.jpg 1024w\" sizes=\"auto, (max-width: 1100px) 100vw, 1100px\" \/><p id=\"caption-attachment-3858\" class=\"wp-caption-text\">Cr\u00e9dits photos : Delphine Pocard<\/p><\/div>\n<p><span style=\"font-weight: 400;\">Epluchez les cl\u00e9mentines et d\u00e9taillez-les en quartiers dans un saladier. Ajoutez les pommes croquantes et les kiwi d\u00e9taill\u00e9es en lamelles ou en d\u00e9s une fois lav\u00e9es et essuy\u00e9es. Incorporez les graines de la grenade. \u00a0<\/span><\/p>\n<p><span style=\"font-weight: 400;\">R\u00e9alisez un sirop fruit\u00e9 avec le jus des 4 cl\u00e9mentines, le jus du demi-citron, l&rsquo;eau de fleur d&rsquo;oranger et la vanille moulue. Sucrez le m\u00e9lange \u00e9ventuellement avec une lich\u00e9e de sirop d&rsquo;\u00e9rable. <\/span><\/p>\n<p><span style=\"font-weight: 400;\">Incorporez ce sirop dans la salade de fruits. Cassez les noix et ajoutez-les au dessert. Mettez au frais pendant au moins 30 minutes avant de servir. D\u00e9gustez dans la journ\u00e9e\u00a0! <\/span><\/p>\n<h2>Que boire avec une salade de fruits d&rsquo;hiver\u00a0?<\/h2>\n<p><span style=\"font-weight: 400;\">Un<strong> vin blanc<\/strong> et l\u00e9ger est de rigueur pour savourer les fruits sans les d\u00e9naturer. Jamais de vin sec, mais plut\u00f4t un vin moelleux et d\u00e9licatement sucr\u00e9. Les vins l\u00e9g\u00e8rement p\u00e9tillants apporteront de la fra\u00eecheur et du pep&rsquo;s \u00e0 notre dessert. \u00a0<\/span><\/p>\n<p><span style=\"font-weight: 400;\">Les <strong>vins ros\u00e9s<\/strong> conviendront \u00e9galement, et seront particuli\u00e8rement en harmonie avec les salades aux fruits rouges dominants. Attendons l&rsquo;\u00e9t\u00e9 pour nous en r\u00e9galer, ou bien osons une salade avec des fruits rouges d\u00e9congel\u00e9s et avec des graines de grenade et du jus d&rsquo;orange par exemple\u00a0! Dans notre gamme, d\u00e9gustez votre salade avec le <\/span><strong><span style=\"text-decoration: underline;\"><a href=\"http:\/\/chateausuau.com\/vins-bordeaux\/rose-aoc-bordeaux\/\" target=\"_blank\" rel=\"noopener noreferrer\">Ros\u00e9 AOC Bordeaux<\/a><\/span><\/strong><span style=\"font-weight: 400;\"><span style=\"text-decoration: underline;\">,<\/span> un vin rond et gourmand aux ar\u00f4mes fruit\u00e9s. <\/span><\/p>\n","protected":false},"excerpt":{"rendered":"<p>&nbsp; La salade de fruits ne demande bien souvent que tr\u00e8s peu de temps de pr\u00e9paration. Elle est tr\u00e8s appr\u00e9ci\u00e9e apr\u00e8s un bon repas. Pour la r\u00e9ussir, c&rsquo;est facile, mais mieux vaut suivre quelques conseils pour ne jamais la rater\u00a0! D\u00e9couvrez ci-apr\u00e8s quelques points importants pour sublimer vos compositions, puis d\u00e9couvrez une proposition de recette [&hellip;]<\/p>\n","protected":false},"author":22,"featured_media":3856,"comment_status":"open","ping_status":"open","sticky":false,"template":"","format":"standard","meta":{"_acf_changed":false,"footnotes":""},"categories":[1],"tags":[],"class_list":["post-3855","post","type-post","status-publish","format-standard","has-post-thumbnail","hentry","category-mariage"],"acf":[],"yoast_head":"<!-- This site is optimized with the Yoast SEO plugin v28.3 - https:\/\/yoast.com\/product\/yoast-seo-wordpress\/ -->\n<title>Salade de fruits d&#039;hiver: une recette facile et d\u00e9licieuse<\/title>\n<meta name=\"description\" content=\"Pour terminer un repas, une salade compos\u00e9e de fruits d&#039;hiver et sirop maison \u00e0 l&#039;orange. Que boire en accompagnement?\" \/>\n<meta name=\"robots\" content=\"index, follow, max-snippet:-1, max-image-preview:large, max-video-preview:-1\" \/>\n<link rel=\"canonical\" href=\"https:\/\/chateausuau.com\/fr\/salade-fruits-hiver\/\" \/>\n<meta property=\"og:locale\" content=\"fr_FR\" \/>\n<meta property=\"og:type\" content=\"article\" \/>\n<meta property=\"og:title\" content=\"Salade de fruits d&#039;hiver: une recette facile et d\u00e9licieuse\" \/>\n<meta property=\"og:description\" content=\"Pour terminer un repas, une salade compos\u00e9e de fruits d&#039;hiver et sirop maison \u00e0 l&#039;orange. Que boire en accompagnement?\" \/>\n<meta property=\"og:url\" content=\"https:\/\/chateausuau.com\/fr\/salade-fruits-hiver\/\" \/>\n<meta property=\"og:site_name\" content=\"Chateau Suau\" \/>\n<meta property=\"article:published_time\" content=\"2018-01-23T07:00:58+00:00\" \/>\n<meta property=\"article:modified_time\" content=\"2019-07-08T16:01:03+00:00\" \/>\n<meta property=\"og:image\" content=\"https:\/\/chateausuau.com\/wp-content\/uploads\/2018\/01\/Salade-de-fruits-dhiver3-blog.jpg\" \/>\n\t<meta property=\"og:image:width\" content=\"1000\" \/>\n\t<meta property=\"og:image:height\" content=\"626\" \/>\n\t<meta property=\"og:image:type\" content=\"image\/jpeg\" \/>\n<meta name=\"author\" content=\"Delphine Pocard\" \/>\n<meta name=\"twitter:label1\" content=\"\u00c9crit par\" \/>\n\t<meta name=\"twitter:data1\" content=\"Delphine Pocard\" \/>\n\t<meta name=\"twitter:label2\" content=\"Dur\u00e9e de lecture estim\u00e9e\" \/>\n\t<meta name=\"twitter:data2\" content=\"4 minutes\" \/>\n<script type=\"application\/ld+json\" class=\"yoast-schema-graph\">{\"@context\":\"https:\\\/\\\/schema.org\",\"@graph\":[{\"@type\":\"Article\",\"@id\":\"https:\\\/\\\/chateausuau.com\\\/fr\\\/salade-fruits-hiver\\\/#article\",\"isPartOf\":{\"@id\":\"https:\\\/\\\/chateausuau.com\\\/fr\\\/salade-fruits-hiver\\\/\"},\"author\":{\"name\":\"Delphine Pocard\",\"@id\":\"https:\\\/\\\/chateausuau.com\\\/fr\\\/#\\\/schema\\\/person\\\/63580fd9d6311d85bfe8ebdc5d3bb684\"},\"headline\":\"Salade de fruits d&rsquo;hiver\",\"datePublished\":\"2018-01-23T07:00:58+00:00\",\"dateModified\":\"2019-07-08T16:01:03+00:00\",\"mainEntityOfPage\":{\"@id\":\"https:\\\/\\\/chateausuau.com\\\/fr\\\/salade-fruits-hiver\\\/\"},\"wordCount\":885,\"commentCount\":0,\"image\":{\"@id\":\"https:\\\/\\\/chateausuau.com\\\/fr\\\/salade-fruits-hiver\\\/#primaryimage\"},\"thumbnailUrl\":\"https:\\\/\\\/chateausuau.com\\\/wp-content\\\/uploads\\\/2018\\\/01\\\/Salade-de-fruits-dhiver3-blog.jpg\",\"articleSection\":[\"Accords mets-vins\"],\"inLanguage\":\"fr-FR\",\"potentialAction\":[{\"@type\":\"CommentAction\",\"name\":\"Comment\",\"target\":[\"https:\\\/\\\/chateausuau.com\\\/fr\\\/salade-fruits-hiver\\\/#respond\"]}]},{\"@type\":\"WebPage\",\"@id\":\"https:\\\/\\\/chateausuau.com\\\/fr\\\/salade-fruits-hiver\\\/\",\"url\":\"https:\\\/\\\/chateausuau.com\\\/fr\\\/salade-fruits-hiver\\\/\",\"name\":\"Salade de fruits d'hiver: une recette facile et d\u00e9licieuse\",\"isPartOf\":{\"@id\":\"https:\\\/\\\/chateausuau.com\\\/fr\\\/#website\"},\"primaryImageOfPage\":{\"@id\":\"https:\\\/\\\/chateausuau.com\\\/fr\\\/salade-fruits-hiver\\\/#primaryimage\"},\"image\":{\"@id\":\"https:\\\/\\\/chateausuau.com\\\/fr\\\/salade-fruits-hiver\\\/#primaryimage\"},\"thumbnailUrl\":\"https:\\\/\\\/chateausuau.com\\\/wp-content\\\/uploads\\\/2018\\\/01\\\/Salade-de-fruits-dhiver3-blog.jpg\",\"datePublished\":\"2018-01-23T07:00:58+00:00\",\"dateModified\":\"2019-07-08T16:01:03+00:00\",\"author\":{\"@id\":\"https:\\\/\\\/chateausuau.com\\\/fr\\\/#\\\/schema\\\/person\\\/63580fd9d6311d85bfe8ebdc5d3bb684\"},\"description\":\"Pour terminer un repas, une salade compos\u00e9e de fruits d'hiver et sirop maison \u00e0 l'orange. Que boire en accompagnement?\",\"breadcrumb\":{\"@id\":\"https:\\\/\\\/chateausuau.com\\\/fr\\\/salade-fruits-hiver\\\/#breadcrumb\"},\"inLanguage\":\"fr-FR\",\"potentialAction\":[{\"@type\":\"ReadAction\",\"target\":[\"https:\\\/\\\/chateausuau.com\\\/fr\\\/salade-fruits-hiver\\\/\"]}]},{\"@type\":\"ImageObject\",\"inLanguage\":\"fr-FR\",\"@id\":\"https:\\\/\\\/chateausuau.com\\\/fr\\\/salade-fruits-hiver\\\/#primaryimage\",\"url\":\"https:\\\/\\\/chateausuau.com\\\/wp-content\\\/uploads\\\/2018\\\/01\\\/Salade-de-fruits-dhiver3-blog.jpg\",\"contentUrl\":\"https:\\\/\\\/chateausuau.com\\\/wp-content\\\/uploads\\\/2018\\\/01\\\/Salade-de-fruits-dhiver3-blog.jpg\",\"width\":1000,\"height\":626,\"caption\":\"Salade de fruits d'hiver\"},{\"@type\":\"BreadcrumbList\",\"@id\":\"https:\\\/\\\/chateausuau.com\\\/fr\\\/salade-fruits-hiver\\\/#breadcrumb\",\"itemListElement\":[{\"@type\":\"ListItem\",\"position\":1,\"name\":\"Accueil\",\"item\":\"https:\\\/\\\/chateausuau.com\\\/fr\\\/\"},{\"@type\":\"ListItem\",\"position\":2,\"name\":\"Salade de fruits d&rsquo;hiver\"}]},{\"@type\":\"WebSite\",\"@id\":\"https:\\\/\\\/chateausuau.com\\\/fr\\\/#website\",\"url\":\"https:\\\/\\\/chateausuau.com\\\/fr\\\/\",\"name\":\"Chateau Suau\",\"description\":\"Chateau Suau Winery. Official Webiste\",\"potentialAction\":[{\"@type\":\"SearchAction\",\"target\":{\"@type\":\"EntryPoint\",\"urlTemplate\":\"https:\\\/\\\/chateausuau.com\\\/fr\\\/?s={search_term_string}\"},\"query-input\":{\"@type\":\"PropertyValueSpecification\",\"valueRequired\":true,\"valueName\":\"search_term_string\"}}],\"inLanguage\":\"fr-FR\"},{\"@type\":\"Person\",\"@id\":\"https:\\\/\\\/chateausuau.com\\\/fr\\\/#\\\/schema\\\/person\\\/63580fd9d6311d85bfe8ebdc5d3bb684\",\"name\":\"Delphine Pocard\",\"image\":{\"@type\":\"ImageObject\",\"inLanguage\":\"fr-FR\",\"@id\":\"https:\\\/\\\/chateausuau.com\\\/wp-content\\\/uploads\\\/2017\\\/06\\\/foto_Delphine-Pocard_bio-100x100.jpg\",\"url\":\"https:\\\/\\\/chateausuau.com\\\/wp-content\\\/uploads\\\/2017\\\/06\\\/foto_Delphine-Pocard_bio-100x100.jpg\",\"contentUrl\":\"https:\\\/\\\/chateausuau.com\\\/wp-content\\\/uploads\\\/2017\\\/06\\\/foto_Delphine-Pocard_bio-100x100.jpg\",\"caption\":\"Delphine Pocard\"},\"description\":\"Blogueuse, auteure et photographe culinaire, Delphine POCARD a toujours baign\u00e9 dans un univers o\u00f9 la cuisine saine est essentielle. Elle partage sa passion depuis plus de trois ans et toujours avec autant d'enthousiasme sur son blog cuisipat.com.\",\"sameAs\":[\"http:\\\/\\\/cuisipat.com\\\/\"]}]}<\/script>\n<!-- \/ Yoast SEO plugin. -->","yoast_head_json":{"title":"Salade de fruits d'hiver: une recette facile et d\u00e9licieuse","description":"Pour terminer un repas, une salade compos\u00e9e de fruits d'hiver et sirop maison \u00e0 l'orange. Que boire en accompagnement?","robots":{"index":"index","follow":"follow","max-snippet":"max-snippet:-1","max-image-preview":"max-image-preview:large","max-video-preview":"max-video-preview:-1"},"canonical":"https:\/\/chateausuau.com\/fr\/salade-fruits-hiver\/","og_locale":"fr_FR","og_type":"article","og_title":"Salade de fruits d'hiver: une recette facile et d\u00e9licieuse","og_description":"Pour terminer un repas, une salade compos\u00e9e de fruits d'hiver et sirop maison \u00e0 l'orange. Que boire en accompagnement?","og_url":"https:\/\/chateausuau.com\/fr\/salade-fruits-hiver\/","og_site_name":"Chateau Suau","article_published_time":"2018-01-23T07:00:58+00:00","article_modified_time":"2019-07-08T16:01:03+00:00","og_image":[{"width":1000,"height":626,"url":"https:\/\/chateausuau.com\/wp-content\/uploads\/2018\/01\/Salade-de-fruits-dhiver3-blog.jpg","type":"image\/jpeg"}],"author":"Delphine Pocard","twitter_misc":{"\u00c9crit par":"Delphine Pocard","Dur\u00e9e de lecture estim\u00e9e":"4 minutes"},"schema":{"@context":"https:\/\/schema.org","@graph":[{"@type":"Article","@id":"https:\/\/chateausuau.com\/fr\/salade-fruits-hiver\/#article","isPartOf":{"@id":"https:\/\/chateausuau.com\/fr\/salade-fruits-hiver\/"},"author":{"name":"Delphine Pocard","@id":"https:\/\/chateausuau.com\/fr\/#\/schema\/person\/63580fd9d6311d85bfe8ebdc5d3bb684"},"headline":"Salade de fruits d&rsquo;hiver","datePublished":"2018-01-23T07:00:58+00:00","dateModified":"2019-07-08T16:01:03+00:00","mainEntityOfPage":{"@id":"https:\/\/chateausuau.com\/fr\/salade-fruits-hiver\/"},"wordCount":885,"commentCount":0,"image":{"@id":"https:\/\/chateausuau.com\/fr\/salade-fruits-hiver\/#primaryimage"},"thumbnailUrl":"https:\/\/chateausuau.com\/wp-content\/uploads\/2018\/01\/Salade-de-fruits-dhiver3-blog.jpg","articleSection":["Accords mets-vins"],"inLanguage":"fr-FR","potentialAction":[{"@type":"CommentAction","name":"Comment","target":["https:\/\/chateausuau.com\/fr\/salade-fruits-hiver\/#respond"]}]},{"@type":"WebPage","@id":"https:\/\/chateausuau.com\/fr\/salade-fruits-hiver\/","url":"https:\/\/chateausuau.com\/fr\/salade-fruits-hiver\/","name":"Salade de fruits d'hiver: une recette facile et d\u00e9licieuse","isPartOf":{"@id":"https:\/\/chateausuau.com\/fr\/#website"},"primaryImageOfPage":{"@id":"https:\/\/chateausuau.com\/fr\/salade-fruits-hiver\/#primaryimage"},"image":{"@id":"https:\/\/chateausuau.com\/fr\/salade-fruits-hiver\/#primaryimage"},"thumbnailUrl":"https:\/\/chateausuau.com\/wp-content\/uploads\/2018\/01\/Salade-de-fruits-dhiver3-blog.jpg","datePublished":"2018-01-23T07:00:58+00:00","dateModified":"2019-07-08T16:01:03+00:00","author":{"@id":"https:\/\/chateausuau.com\/fr\/#\/schema\/person\/63580fd9d6311d85bfe8ebdc5d3bb684"},"description":"Pour terminer un repas, une salade compos\u00e9e de fruits d'hiver et sirop maison \u00e0 l'orange. Que boire en accompagnement?","breadcrumb":{"@id":"https:\/\/chateausuau.com\/fr\/salade-fruits-hiver\/#breadcrumb"},"inLanguage":"fr-FR","potentialAction":[{"@type":"ReadAction","target":["https:\/\/chateausuau.com\/fr\/salade-fruits-hiver\/"]}]},{"@type":"ImageObject","inLanguage":"fr-FR","@id":"https:\/\/chateausuau.com\/fr\/salade-fruits-hiver\/#primaryimage","url":"https:\/\/chateausuau.com\/wp-content\/uploads\/2018\/01\/Salade-de-fruits-dhiver3-blog.jpg","contentUrl":"https:\/\/chateausuau.com\/wp-content\/uploads\/2018\/01\/Salade-de-fruits-dhiver3-blog.jpg","width":1000,"height":626,"caption":"Salade de fruits d'hiver"},{"@type":"BreadcrumbList","@id":"https:\/\/chateausuau.com\/fr\/salade-fruits-hiver\/#breadcrumb","itemListElement":[{"@type":"ListItem","position":1,"name":"Accueil","item":"https:\/\/chateausuau.com\/fr\/"},{"@type":"ListItem","position":2,"name":"Salade de fruits d&rsquo;hiver"}]},{"@type":"WebSite","@id":"https:\/\/chateausuau.com\/fr\/#website","url":"https:\/\/chateausuau.com\/fr\/","name":"Chateau Suau","description":"Chateau Suau Winery. Official Webiste","potentialAction":[{"@type":"SearchAction","target":{"@type":"EntryPoint","urlTemplate":"https:\/\/chateausuau.com\/fr\/?s={search_term_string}"},"query-input":{"@type":"PropertyValueSpecification","valueRequired":true,"valueName":"search_term_string"}}],"inLanguage":"fr-FR"},{"@type":"Person","@id":"https:\/\/chateausuau.com\/fr\/#\/schema\/person\/63580fd9d6311d85bfe8ebdc5d3bb684","name":"Delphine Pocard","image":{"@type":"ImageObject","inLanguage":"fr-FR","@id":"https:\/\/chateausuau.com\/wp-content\/uploads\/2017\/06\/foto_Delphine-Pocard_bio-100x100.jpg","url":"https:\/\/chateausuau.com\/wp-content\/uploads\/2017\/06\/foto_Delphine-Pocard_bio-100x100.jpg","contentUrl":"https:\/\/chateausuau.com\/wp-content\/uploads\/2017\/06\/foto_Delphine-Pocard_bio-100x100.jpg","caption":"Delphine Pocard"},"description":"Blogueuse, auteure et photographe culinaire, Delphine POCARD a toujours baign\u00e9 dans un univers o\u00f9 la cuisine saine est essentielle. Elle partage sa passion depuis plus de trois ans et toujours avec autant d'enthousiasme sur son blog cuisipat.com.","sameAs":["http:\/\/cuisipat.com\/"]}]}},"_links":{"self":[{"href":"https:\/\/chateausuau.com\/fr\/wp-json\/wp\/v2\/posts\/3855","targetHints":{"allow":["GET"]}}],"collection":[{"href":"https:\/\/chateausuau.com\/fr\/wp-json\/wp\/v2\/posts"}],"about":[{"href":"https:\/\/chateausuau.com\/fr\/wp-json\/wp\/v2\/types\/post"}],"author":[{"embeddable":true,"href":"https:\/\/chateausuau.com\/fr\/wp-json\/wp\/v2\/users\/22"}],"replies":[{"embeddable":true,"href":"https:\/\/chateausuau.com\/fr\/wp-json\/wp\/v2\/comments?post=3855"}],"version-history":[{"count":0,"href":"https:\/\/chateausuau.com\/fr\/wp-json\/wp\/v2\/posts\/3855\/revisions"}],"wp:featuredmedia":[{"embeddable":true,"href":"https:\/\/chateausuau.com\/fr\/wp-json\/wp\/v2\/media\/3856"}],"wp:attachment":[{"href":"https:\/\/chateausuau.com\/fr\/wp-json\/wp\/v2\/media?parent=3855"}],"wp:term":[{"taxonomy":"category","embeddable":true,"href":"https:\/\/chateausuau.com\/fr\/wp-json\/wp\/v2\/categories?post=3855"},{"taxonomy":"post_tag","embeddable":true,"href":"https:\/\/chateausuau.com\/fr\/wp-json\/wp\/v2\/tags?post=3855"}],"curies":[{"name":"wp","href":"https:\/\/api.w.org\/{rel}","templated":true}]}}