{"id":3784,"date":"2017-12-05T07:00:53","date_gmt":"2017-12-05T07:00:53","guid":{"rendered":"http:\/\/chateausuau.com\/?p=3784"},"modified":"2019-07-08T18:00:57","modified_gmt":"2019-07-08T16:00:57","slug":"marches-de-noel","status":"publish","type":"post","link":"https:\/\/chateausuau.com\/fr\/marches-de-noel\/","title":{"rendered":"5 march\u00e9s de No\u00ebl f\u00e9eriques \u00e0 visiter en 2017"},"content":{"rendered":"<p><img loading=\"lazy\" decoding=\"async\" class=\"alignnone wp-image-3788 size-full\" title=\"marche de noel france feature chateau suau\" src=\"http:\/\/chateausuau.com\/wp-content\/uploads\/2017\/12\/marche-de-noel-france-feature-chateau-suau-pixabay-low-reso.jpg\" alt=\"marche de noel france feature chateau suau\" width=\"1200\" height=\"800\" srcset=\"https:\/\/chateausuau.com\/wp-content\/uploads\/2017\/12\/marche-de-noel-france-feature-chateau-suau-pixabay-low-reso.jpg 1200w, https:\/\/chateausuau.com\/wp-content\/uploads\/2017\/12\/marche-de-noel-france-feature-chateau-suau-pixabay-low-reso-300x200.jpg 300w, https:\/\/chateausuau.com\/wp-content\/uploads\/2017\/12\/marche-de-noel-france-feature-chateau-suau-pixabay-low-reso-768x512.jpg 768w, https:\/\/chateausuau.com\/wp-content\/uploads\/2017\/12\/marche-de-noel-france-feature-chateau-suau-pixabay-low-reso-1024x683.jpg 1024w\" sizes=\"auto, (max-width: 1200px) 100vw, 1200px\" \/><\/p>\n<p>Croyances religieuses m\u00eal\u00e9es au paganisme, les march\u00e9s de No\u00ebl nous viennent d\u2019Allemagne, o\u00f9 l\u2019on f\u00eatait traditionnellement la p\u00e9riode qui pr\u00e9c\u00e9dait No\u00ebl, l\u2019Avent. Le tout premier march\u00e9 aurait \u00e9t\u00e9 organis\u00e9 par la petite ville de Dresde, au 15e si\u00e8cle, et la tradition allemande s\u2019est ensuite r\u00e9pandue dans les pays d\u2019Europe centrale avant de gagner la France tout enti\u00e8re. Manifestations commerciales ou religieuses, peu importe, les March\u00e9s de No\u00ebl distillent en tous cas un fabuleux parfum de f\u00eate et participent activement au fameux \u00ab\u00a0esprit de No\u00ebl\u00a0\u00bb.<\/p>\n<h2>Le March\u00e9 de No\u00ebl de Strasbourg<\/h2>\n<div id=\"attachment_3789\" style=\"width: 1210px\" class=\"wp-caption alignnone\"><img loading=\"lazy\" decoding=\"async\" aria-describedby=\"caption-attachment-3789\" class=\"wp-image-3789 size-full\" title=\"marche noel strasbourg chateau suau\" src=\"http:\/\/chateausuau.com\/wp-content\/uploads\/2017\/12\/marche-noel-strasbourg-chateau-suau-flickr-low-reso.jpg\" alt=\"marche noel strasbourg chateau suau\" width=\"1200\" height=\"800\" srcset=\"https:\/\/chateausuau.com\/wp-content\/uploads\/2017\/12\/marche-noel-strasbourg-chateau-suau-flickr-low-reso.jpg 1200w, https:\/\/chateausuau.com\/wp-content\/uploads\/2017\/12\/marche-noel-strasbourg-chateau-suau-flickr-low-reso-300x200.jpg 300w, https:\/\/chateausuau.com\/wp-content\/uploads\/2017\/12\/marche-noel-strasbourg-chateau-suau-flickr-low-reso-768x512.jpg 768w, https:\/\/chateausuau.com\/wp-content\/uploads\/2017\/12\/marche-noel-strasbourg-chateau-suau-flickr-low-reso-1024x683.jpg 1024w\" sizes=\"auto, (max-width: 1200px) 100vw, 1200px\" \/><p id=\"caption-attachment-3789\" class=\"wp-caption-text\">Credit photo <a href=\"https:\/\/visualhunt.com\/author\/657901\">vincent desjardins<\/a><\/p><\/div>\n<p>Surnomm\u00e9e la capitale de <a href=\"https:\/\/noel.strasbourg.eu\/\" target=\"_blank\" rel=\"noopener noreferrer\"><strong>No\u00ebl, Strasbourg<\/strong><\/a>\u00a0organise chaque ann\u00e9e depuis quatre si\u00e8cles celui que l\u2019on consid\u00e8re \u00eatre le plus ancien march\u00e9 de No\u00ebl en France. En effet, forte de son h\u00e9ritage germanique et de son attachement aux traditions, la ville met en place d\u00e9s\u00a01570 le tout premier march\u00e9 de No\u00ebl d\u2019Europe, constitu\u00e9 \u00e0 l\u2019\u00e9poque de quelques baraques o\u00f9 l\u2019on pouvait d\u00e9nicher, trois jours avant No\u00ebl, divers cadeaux et douceurs \u00e0 offrir.<\/p>\n<p>Les choses ont bien chang\u00e9 depuis et la ville organise \u00e0 pr\u00e9sent non pas un, mais douze march\u00e9s dispers\u00e9s \u00e0 travers la ville, tous sous un th\u00e8me diff\u00e9rent. Pour les gourmands, rendez-vous place de la Gare ou place des Meuniers o\u00f9 vous trouverez l\u2019ensemble des produits alsaciens. Les sapins et les cadeaux de derni\u00e8re minute sont install\u00e9s dans les baraques du traditionnel march\u00e9 de Christkindelsm\u00e4rik\u00a0 place Broglie, et les enfants seront bien s\u00fbr \u00e0 la f\u00eate avec un espace qui leur est totalement d\u00e9di\u00e9, place Saint-Thomas.<\/p>\n<p>Dates d\u2019ouvertures\u00a0: du 24 novembre au 30 d\u00e9cembre 2017<\/p>\n<h2>Le March\u00e9 de No\u00ebl de Sarlat-la-Can\u00e9da<\/h2>\n<p><img loading=\"lazy\" decoding=\"async\" class=\"alignnone wp-image-3787 size-full\" title=\"marche de noel france decorations chateau suau\" src=\"http:\/\/chateausuau.com\/wp-content\/uploads\/2017\/12\/marche-de-noel-france-decorations-chateau-suau-pixabay-low-reso.jpg\" alt=\"marche de noel france decorations chateau suau\" width=\"1200\" height=\"800\" srcset=\"https:\/\/chateausuau.com\/wp-content\/uploads\/2017\/12\/marche-de-noel-france-decorations-chateau-suau-pixabay-low-reso.jpg 1200w, https:\/\/chateausuau.com\/wp-content\/uploads\/2017\/12\/marche-de-noel-france-decorations-chateau-suau-pixabay-low-reso-300x200.jpg 300w, https:\/\/chateausuau.com\/wp-content\/uploads\/2017\/12\/marche-de-noel-france-decorations-chateau-suau-pixabay-low-reso-768x512.jpg 768w, https:\/\/chateausuau.com\/wp-content\/uploads\/2017\/12\/marche-de-noel-france-decorations-chateau-suau-pixabay-low-reso-1024x683.jpg 1024w\" sizes=\"auto, (max-width: 1200px) 100vw, 1200px\" \/><\/p>\n<p>Nul besoin d\u2019\u00eatre immense pour \u00eatre le plus beau, et le march\u00e9 de No\u00ebl de Sarlat-la-Can\u00e9da, en Aquitaine, en est la preuve. Magnifique bourg m\u00e9di\u00e9val, riche en art et en histoire, Sarlat est l\u2019une des plus belles villes du sud de la France. Son centre historique pittoresque, magnifiquement conserv\u00e9, offre un cadre de toute beaut\u00e9 aux 50 chalets de bois install\u00e9s \u00e0 l\u2019occasion du <strong><a href=\"http:\/\/www.sarlat-tourisme.com\/marche-de-noel-sarlat\" target=\"_blank\" rel=\"noopener noreferrer\">march\u00e9 de No\u00ebl<\/a><\/strong>. Artisanat local, d\u00e9corations, id\u00e9es cadeaux y sont propos\u00e9es, et pour vous restaurer, dirigez-vous vers la taverne situ\u00e9e au c\u0153ur de march\u00e9. On y sert du vin chaud et des plats locaux, parfait pour se r\u00e9chauffer apr\u00e8s une petite s\u00e9ance de glisse sur la patinoire install\u00e9e sur la place de la Grande Rigaudie.<\/p>\n<p>Dates d\u2019ouverture\u00a0: du 6 d\u00e9cembre au 31 d\u00e9cembre 2017<\/p>\n<h2>Le March\u00e9 de No\u00ebl de Bordeaux<\/h2>\n<p><img loading=\"lazy\" decoding=\"async\" class=\"alignnone wp-image-3790 size-full\" title=\"marche de noel en france chateau suau bordeaux\" src=\"http:\/\/chateausuau.com\/wp-content\/uploads\/2017\/12\/marche-de-noel-en-france-chateau-suau-bordeaux-pixabay-low-reso.jpg\" alt=\"marche de noel en france chateau suau bordeaux\" width=\"1202\" height=\"800\" srcset=\"https:\/\/chateausuau.com\/wp-content\/uploads\/2017\/12\/marche-de-noel-en-france-chateau-suau-bordeaux-pixabay-low-reso.jpg 1202w, https:\/\/chateausuau.com\/wp-content\/uploads\/2017\/12\/marche-de-noel-en-france-chateau-suau-bordeaux-pixabay-low-reso-300x200.jpg 300w, https:\/\/chateausuau.com\/wp-content\/uploads\/2017\/12\/marche-de-noel-en-france-chateau-suau-bordeaux-pixabay-low-reso-768x511.jpg 768w, https:\/\/chateausuau.com\/wp-content\/uploads\/2017\/12\/marche-de-noel-en-france-chateau-suau-bordeaux-pixabay-low-reso-1024x682.jpg 1024w\" sizes=\"auto, (max-width: 1202px) 100vw, 1202px\" \/><\/p>\n<p>Cette ann\u00e9e encore, Bordeaux vous donne rendez-vous dans les all\u00e9es du Tourny pour c\u00e9l\u00e9brer No\u00ebl au rythme de son march\u00e9 et de ses animations. Pour sa 23e \u00e9dition, le <strong><a href=\"http:\/\/www.marche-de-noel-bordeaux.com\/\" target=\"_blank\" rel=\"noopener noreferrer\">plus grand march\u00e9 de No\u00ebl de la r\u00e9gion<\/a><\/strong>\u00a0offre aux visiteurs plus de 150 chalets d\u00e9bordant d\u2019objets d\u2019art, de douceurs et de d\u00e9corations, le tout dans une ambiance chaleureuse et conviviale. Suivez les effluves des marrons et du vin chaud, parcourez les all\u00e9es \u00e0 la d\u00e9couverte des milliers d\u2019id\u00e9es cadeaux propos\u00e9es et magnifiquement pr\u00e9sent\u00e9es par les artisans de la r\u00e9gion. Faites une pause \u00e0 l\u2019un des points gourmands, avant de repartir de plus belle. C\u00f4t\u00e9 animations, un Ours malicieux enchantera les plus petits tandis qu\u2019un simulateur de ski sera mis \u00e0 disposition au sein de Ludi\u2019land, un espace ouvert aux enfants les mercredis, samedis, dimanches et jours de vacances (hors 25 d\u00e9cembre).<\/p>\n<p>Dates d\u2019ouverture\u00a0: du 24 novembre au 26 d\u00e9cembre 201<\/p>\n<h2>Le March\u00e9 de No\u00ebl d\u2019Aix-en-Provence<\/h2>\n<p><img loading=\"lazy\" decoding=\"async\" class=\"alignnone wp-image-3786 size-full\" title=\"marche de noel france chateau suau santon provence\" src=\"http:\/\/chateausuau.com\/wp-content\/uploads\/2017\/12\/marche-de-noel-france-chateau-suau-santon-provence-low-reso.jpg\" alt=\"marche de noel france chateau suau santon provence\" width=\"1200\" height=\"803\" srcset=\"https:\/\/chateausuau.com\/wp-content\/uploads\/2017\/12\/marche-de-noel-france-chateau-suau-santon-provence-low-reso.jpg 1200w, https:\/\/chateausuau.com\/wp-content\/uploads\/2017\/12\/marche-de-noel-france-chateau-suau-santon-provence-low-reso-300x201.jpg 300w, https:\/\/chateausuau.com\/wp-content\/uploads\/2017\/12\/marche-de-noel-france-chateau-suau-santon-provence-low-reso-768x514.jpg 768w, https:\/\/chateausuau.com\/wp-content\/uploads\/2017\/12\/marche-de-noel-france-chateau-suau-santon-provence-low-reso-1024x685.jpg 1024w\" sizes=\"auto, (max-width: 1200px) 100vw, 1200px\" \/><\/p>\n<p>La ville d\u2019Aix-en-Provence est en f\u00eate durant plus d\u2019un mois en cette fin d\u2019ann\u00e9e et organise <a href=\"http:\/\/www.aixenprovencetourism.com\/agenda-des-evenements\/aix-en-provence-fete-noel\/foires-marches-noel-en-provence\/#!&amp;aff=\" target=\"_blank\" rel=\"noopener noreferrer\"><strong>divers march\u00e9s de No\u00ebl<\/strong><\/a>, les plus c\u00e9l\u00e8bres \u00e9tant la foire aux santons et le march\u00e9 des 13 desserts. Ce dernier se tiendra les 16 et 17 d\u00e9cembre sur la Place Fran\u00e7ois Villon et proposera les fameux 13 desserts aixois que sont les dattes, la pompe \u00e0 huile, le nougat noir, le nougat blanc, les 4 mendiants, les calissons d\u2019Aix, la p\u00e2te de coing, le raisin blanc et l\u2019orange. La Foire aux santons est quant \u00e0 elle l\u2019une des plus c\u00e9l\u00e8bres de France, on s\u2019y presse en nombre pour compl\u00e9ter sa collection ou simplement admirer le travail des artisans, install\u00e9s pour l\u2019occasion dans les chalets de l\u2019Avenue Napol\u00e9on Bonaparte.<\/p>\n<p>Dates d\u2019ouverture\u00a0: du 17 novembre au 31 d\u00e9cembre 2017<\/p>\n<h2>Le March\u00e9 de No\u00ebl de Colmar<\/h2>\n<div id=\"attachment_3785\" style=\"width: 1210px\" class=\"wp-caption alignnone\"><img loading=\"lazy\" decoding=\"async\" aria-describedby=\"caption-attachment-3785\" class=\"wp-image-3785 size-full\" title=\"marche de noel france chateau suau colmar\" src=\"http:\/\/chateausuau.com\/wp-content\/uploads\/2017\/12\/marche-de-noel-france-chateau-suau-colmar-low-reso.jpg\" alt=\"marche de noel france chateau suau colmar\" width=\"1200\" height=\"800\" srcset=\"https:\/\/chateausuau.com\/wp-content\/uploads\/2017\/12\/marche-de-noel-france-chateau-suau-colmar-low-reso.jpg 1200w, https:\/\/chateausuau.com\/wp-content\/uploads\/2017\/12\/marche-de-noel-france-chateau-suau-colmar-low-reso-300x200.jpg 300w, https:\/\/chateausuau.com\/wp-content\/uploads\/2017\/12\/marche-de-noel-france-chateau-suau-colmar-low-reso-768x512.jpg 768w, https:\/\/chateausuau.com\/wp-content\/uploads\/2017\/12\/marche-de-noel-france-chateau-suau-colmar-low-reso-1024x683.jpg 1024w\" sizes=\"auto, (max-width: 1200px) 100vw, 1200px\" \/><p id=\"caption-attachment-3785\" class=\"wp-caption-text\">Cr\u00e9dit photo <a href=\"https:\/\/visualhunt.com\/author\/d198a8\">Office de Tourisme de Colmar<\/a><\/p><\/div>\n<p>Convivial et authentique, le <strong><a href=\"http:\/\/www.noel-colmar.com\/fr\/\" target=\"_blank\" rel=\"noopener noreferrer\">march\u00e9 de Colmar<\/a><\/strong>\u00a0fascine les foules depuis toujours. Il se d\u00e9roule en cinq endroits diff\u00e9rents du centre historique de la ville et propose de l\u2019artisanat local, des d\u00e9lices gastronomiques, des d\u00e9corations, des c\u00e9ramiques et des antiquit\u00e9s. Install\u00e9 dans la Petite Venise, le March\u00e9 de No\u00ebl des enfants est un vrai paradis, avec ses chalets color\u00e9s, sa cr\u00e8che anim\u00e9e et son carrousel en bois.<\/p>\n<p>Enfin, Colmar est en elle-m\u00eame l\u2019une des plus belles villes d\u2019Alsace, riche en palais et en \u00e9glises anciennes. Profitez de votre venue au march\u00e9 de No\u00ebl pour explorer les rues et les places de la vieille ville, magnifiquement illumin\u00e9e et d\u00e9cor\u00e9e pour l\u2019occasion.<\/p>\n<p>Dates d\u2019ouverture\u00a0: du 24 novembre au 30 d\u00e9cembre 2017<\/p>\n<p>La France est belle, quelle que soit la saison ! Explorez-en davantage en d\u00e9couvrant notre <strong><a href=\"http:\/\/chateausuau.com\/blog\/meilleurs-visites-tourisme-france\/\" target=\"_blank\" rel=\"noopener noreferrer\">s\u00e9lection des plus beaux lieux \u00e0 visiter dans l\u2019Hexagone<\/a><\/strong> !<\/p>\n","protected":false},"excerpt":{"rendered":"<p>Croyances religieuses m\u00eal\u00e9es au paganisme, les march\u00e9s de No\u00ebl nous viennent d\u2019Allemagne, o\u00f9 l\u2019on f\u00eatait traditionnellement la p\u00e9riode qui pr\u00e9c\u00e9dait No\u00ebl, l\u2019Avent. Le tout premier march\u00e9 aurait \u00e9t\u00e9 organis\u00e9 par la petite ville de Dresde, au 15e si\u00e8cle, et la tradition allemande s\u2019est ensuite r\u00e9pandue dans les pays d\u2019Europe centrale avant de gagner la France [&hellip;]<\/p>\n","protected":false},"author":21,"featured_media":3788,"comment_status":"open","ping_status":"open","sticky":false,"template":"","format":"standard","meta":{"_acf_changed":false,"footnotes":""},"categories":[449],"tags":[608,462],"class_list":["post-3784","post","type-post","status-publish","format-standard","has-post-thumbnail","hentry","category-enotourisme","tag-france","tag-tourisme"],"acf":[],"yoast_head":"<!-- This site is optimized with the Yoast SEO plugin v28.3 - https:\/\/yoast.com\/product\/yoast-seo-wordpress\/ -->\n<title>5 march\u00e9s de No\u00ebl f\u00e9eriques \u00e0 visiter en 2017<\/title>\n<meta name=\"description\" content=\"Starsbourg, Colmar, mais aussi Bordeaux ou Sarlat: plongez au coeur de la magie en visitant les plus beaux march\u00e9s de No\u00ebl en France.\" \/>\n<meta name=\"robots\" content=\"index, follow, max-snippet:-1, max-image-preview:large, max-video-preview:-1\" \/>\n<link rel=\"canonical\" href=\"https:\/\/chateausuau.com\/fr\/marches-de-noel\/\" \/>\n<meta property=\"og:locale\" content=\"fr_FR\" \/>\n<meta property=\"og:type\" content=\"article\" \/>\n<meta property=\"og:title\" content=\"5 march\u00e9s de No\u00ebl f\u00e9eriques \u00e0 visiter en 2017\" \/>\n<meta property=\"og:description\" content=\"Starsbourg, Colmar, mais aussi Bordeaux ou Sarlat: plongez au coeur de la magie en visitant les plus beaux march\u00e9s de No\u00ebl en France.\" \/>\n<meta property=\"og:url\" content=\"https:\/\/chateausuau.com\/fr\/marches-de-noel\/\" \/>\n<meta property=\"og:site_name\" content=\"Chateau Suau\" \/>\n<meta property=\"article:published_time\" content=\"2017-12-05T07:00:53+00:00\" \/>\n<meta property=\"article:modified_time\" content=\"2019-07-08T16:00:57+00:00\" \/>\n<meta property=\"og:image\" content=\"https:\/\/chateausuau.com\/wp-content\/uploads\/2017\/12\/marche-de-noel-france-feature-chateau-suau-pixabay-low-reso.jpg\" \/>\n\t<meta property=\"og:image:width\" content=\"1200\" \/>\n\t<meta property=\"og:image:height\" content=\"800\" \/>\n\t<meta property=\"og:image:type\" content=\"image\/jpeg\" \/>\n<meta name=\"author\" content=\"Lydia (Nowmadz)\" \/>\n<meta name=\"twitter:label1\" content=\"\u00c9crit par\" \/>\n\t<meta name=\"twitter:data1\" content=\"Lydia (Nowmadz)\" \/>\n\t<meta name=\"twitter:label2\" content=\"Dur\u00e9e de lecture estim\u00e9e\" \/>\n\t<meta name=\"twitter:data2\" content=\"5 minutes\" \/>\n<script type=\"application\/ld+json\" class=\"yoast-schema-graph\">{\"@context\":\"https:\\\/\\\/schema.org\",\"@graph\":[{\"@type\":\"Article\",\"@id\":\"https:\\\/\\\/chateausuau.com\\\/fr\\\/marches-de-noel\\\/#article\",\"isPartOf\":{\"@id\":\"https:\\\/\\\/chateausuau.com\\\/fr\\\/marches-de-noel\\\/\"},\"author\":{\"name\":\"Lydia (Nowmadz)\",\"@id\":\"https:\\\/\\\/chateausuau.com\\\/fr\\\/#\\\/schema\\\/person\\\/37c68d4e2095ad423ee465eee93d4c40\"},\"headline\":\"5 march\u00e9s de No\u00ebl f\u00e9eriques \u00e0 visiter en 2017\",\"datePublished\":\"2017-12-05T07:00:53+00:00\",\"dateModified\":\"2019-07-08T16:00:57+00:00\",\"mainEntityOfPage\":{\"@id\":\"https:\\\/\\\/chateausuau.com\\\/fr\\\/marches-de-noel\\\/\"},\"wordCount\":985,\"commentCount\":0,\"image\":{\"@id\":\"https:\\\/\\\/chateausuau.com\\\/fr\\\/marches-de-noel\\\/#primaryimage\"},\"thumbnailUrl\":\"https:\\\/\\\/chateausuau.com\\\/wp-content\\\/uploads\\\/2017\\\/12\\\/marche-de-noel-france-feature-chateau-suau-pixabay-low-reso.jpg\",\"keywords\":[\"france\",\"tourisme\"],\"articleSection\":[\"\u0152notourisme\"],\"inLanguage\":\"fr-FR\",\"potentialAction\":[{\"@type\":\"CommentAction\",\"name\":\"Comment\",\"target\":[\"https:\\\/\\\/chateausuau.com\\\/fr\\\/marches-de-noel\\\/#respond\"]}]},{\"@type\":\"WebPage\",\"@id\":\"https:\\\/\\\/chateausuau.com\\\/fr\\\/marches-de-noel\\\/\",\"url\":\"https:\\\/\\\/chateausuau.com\\\/fr\\\/marches-de-noel\\\/\",\"name\":\"5 march\u00e9s de No\u00ebl f\u00e9eriques \u00e0 visiter en 2017\",\"isPartOf\":{\"@id\":\"https:\\\/\\\/chateausuau.com\\\/fr\\\/#website\"},\"primaryImageOfPage\":{\"@id\":\"https:\\\/\\\/chateausuau.com\\\/fr\\\/marches-de-noel\\\/#primaryimage\"},\"image\":{\"@id\":\"https:\\\/\\\/chateausuau.com\\\/fr\\\/marches-de-noel\\\/#primaryimage\"},\"thumbnailUrl\":\"https:\\\/\\\/chateausuau.com\\\/wp-content\\\/uploads\\\/2017\\\/12\\\/marche-de-noel-france-feature-chateau-suau-pixabay-low-reso.jpg\",\"datePublished\":\"2017-12-05T07:00:53+00:00\",\"dateModified\":\"2019-07-08T16:00:57+00:00\",\"author\":{\"@id\":\"https:\\\/\\\/chateausuau.com\\\/fr\\\/#\\\/schema\\\/person\\\/37c68d4e2095ad423ee465eee93d4c40\"},\"description\":\"Starsbourg, Colmar, mais aussi Bordeaux ou Sarlat: plongez au coeur de la magie en visitant les plus beaux march\u00e9s de No\u00ebl en France.\",\"breadcrumb\":{\"@id\":\"https:\\\/\\\/chateausuau.com\\\/fr\\\/marches-de-noel\\\/#breadcrumb\"},\"inLanguage\":\"fr-FR\",\"potentialAction\":[{\"@type\":\"ReadAction\",\"target\":[\"https:\\\/\\\/chateausuau.com\\\/fr\\\/marches-de-noel\\\/\"]}]},{\"@type\":\"ImageObject\",\"inLanguage\":\"fr-FR\",\"@id\":\"https:\\\/\\\/chateausuau.com\\\/fr\\\/marches-de-noel\\\/#primaryimage\",\"url\":\"https:\\\/\\\/chateausuau.com\\\/wp-content\\\/uploads\\\/2017\\\/12\\\/marche-de-noel-france-feature-chateau-suau-pixabay-low-reso.jpg\",\"contentUrl\":\"https:\\\/\\\/chateausuau.com\\\/wp-content\\\/uploads\\\/2017\\\/12\\\/marche-de-noel-france-feature-chateau-suau-pixabay-low-reso.jpg\",\"width\":1200,\"height\":800,\"caption\":\"marche de noel france feature chateau suau\"},{\"@type\":\"BreadcrumbList\",\"@id\":\"https:\\\/\\\/chateausuau.com\\\/fr\\\/marches-de-noel\\\/#breadcrumb\",\"itemListElement\":[{\"@type\":\"ListItem\",\"position\":1,\"name\":\"Accueil\",\"item\":\"https:\\\/\\\/chateausuau.com\\\/fr\\\/\"},{\"@type\":\"ListItem\",\"position\":2,\"name\":\"5 march\u00e9s de No\u00ebl f\u00e9eriques \u00e0 visiter en 2017\"}]},{\"@type\":\"WebSite\",\"@id\":\"https:\\\/\\\/chateausuau.com\\\/fr\\\/#website\",\"url\":\"https:\\\/\\\/chateausuau.com\\\/fr\\\/\",\"name\":\"Chateau Suau\",\"description\":\"Chateau Suau Winery. Official Webiste\",\"potentialAction\":[{\"@type\":\"SearchAction\",\"target\":{\"@type\":\"EntryPoint\",\"urlTemplate\":\"https:\\\/\\\/chateausuau.com\\\/fr\\\/?s={search_term_string}\"},\"query-input\":{\"@type\":\"PropertyValueSpecification\",\"valueRequired\":true,\"valueName\":\"search_term_string\"}}],\"inLanguage\":\"fr-FR\"},{\"@type\":\"Person\",\"@id\":\"https:\\\/\\\/chateausuau.com\\\/fr\\\/#\\\/schema\\\/person\\\/37c68d4e2095ad423ee465eee93d4c40\",\"name\":\"Lydia (Nowmadz)\",\"image\":{\"@type\":\"ImageObject\",\"inLanguage\":\"fr-FR\",\"@id\":\"https:\\\/\\\/chateausuau.com\\\/wp-content\\\/uploads\\\/2017\\\/06\\\/foto_Lydia-Rajteric_travel-100x100.jpg\",\"url\":\"https:\\\/\\\/chateausuau.com\\\/wp-content\\\/uploads\\\/2017\\\/06\\\/foto_Lydia-Rajteric_travel-100x100.jpg\",\"contentUrl\":\"https:\\\/\\\/chateausuau.com\\\/wp-content\\\/uploads\\\/2017\\\/06\\\/foto_Lydia-Rajteric_travel-100x100.jpg\",\"caption\":\"Lydia (Nowmadz)\"},\"description\":\"Blogueuse \u00e9picurienne et voyageuse, Lydia a voyag\u00e9 autour du monde durant plusieurs mois avant de (re)poser ses valises en France. Elle voyage \u00e0 pr\u00e9sent en famille et retranscrit ses r\u00e9cits sur son blog Nowmadz.com.\",\"sameAs\":[\"https:\\\/\\\/nowmadz.com\\\/\"]}]}<\/script>\n<!-- \/ Yoast SEO plugin. -->","yoast_head_json":{"title":"5 march\u00e9s de No\u00ebl f\u00e9eriques \u00e0 visiter en 2017","description":"Starsbourg, Colmar, mais aussi Bordeaux ou Sarlat: plongez au coeur de la magie en visitant les plus beaux march\u00e9s de No\u00ebl en France.","robots":{"index":"index","follow":"follow","max-snippet":"max-snippet:-1","max-image-preview":"max-image-preview:large","max-video-preview":"max-video-preview:-1"},"canonical":"https:\/\/chateausuau.com\/fr\/marches-de-noel\/","og_locale":"fr_FR","og_type":"article","og_title":"5 march\u00e9s de No\u00ebl f\u00e9eriques \u00e0 visiter en 2017","og_description":"Starsbourg, Colmar, mais aussi Bordeaux ou Sarlat: plongez au coeur de la magie en visitant les plus beaux march\u00e9s de No\u00ebl en France.","og_url":"https:\/\/chateausuau.com\/fr\/marches-de-noel\/","og_site_name":"Chateau Suau","article_published_time":"2017-12-05T07:00:53+00:00","article_modified_time":"2019-07-08T16:00:57+00:00","og_image":[{"width":1200,"height":800,"url":"https:\/\/chateausuau.com\/wp-content\/uploads\/2017\/12\/marche-de-noel-france-feature-chateau-suau-pixabay-low-reso.jpg","type":"image\/jpeg"}],"author":"Lydia (Nowmadz)","twitter_misc":{"\u00c9crit par":"Lydia (Nowmadz)","Dur\u00e9e de lecture estim\u00e9e":"5 minutes"},"schema":{"@context":"https:\/\/schema.org","@graph":[{"@type":"Article","@id":"https:\/\/chateausuau.com\/fr\/marches-de-noel\/#article","isPartOf":{"@id":"https:\/\/chateausuau.com\/fr\/marches-de-noel\/"},"author":{"name":"Lydia (Nowmadz)","@id":"https:\/\/chateausuau.com\/fr\/#\/schema\/person\/37c68d4e2095ad423ee465eee93d4c40"},"headline":"5 march\u00e9s de No\u00ebl f\u00e9eriques \u00e0 visiter en 2017","datePublished":"2017-12-05T07:00:53+00:00","dateModified":"2019-07-08T16:00:57+00:00","mainEntityOfPage":{"@id":"https:\/\/chateausuau.com\/fr\/marches-de-noel\/"},"wordCount":985,"commentCount":0,"image":{"@id":"https:\/\/chateausuau.com\/fr\/marches-de-noel\/#primaryimage"},"thumbnailUrl":"https:\/\/chateausuau.com\/wp-content\/uploads\/2017\/12\/marche-de-noel-france-feature-chateau-suau-pixabay-low-reso.jpg","keywords":["france","tourisme"],"articleSection":["\u0152notourisme"],"inLanguage":"fr-FR","potentialAction":[{"@type":"CommentAction","name":"Comment","target":["https:\/\/chateausuau.com\/fr\/marches-de-noel\/#respond"]}]},{"@type":"WebPage","@id":"https:\/\/chateausuau.com\/fr\/marches-de-noel\/","url":"https:\/\/chateausuau.com\/fr\/marches-de-noel\/","name":"5 march\u00e9s de No\u00ebl f\u00e9eriques \u00e0 visiter en 2017","isPartOf":{"@id":"https:\/\/chateausuau.com\/fr\/#website"},"primaryImageOfPage":{"@id":"https:\/\/chateausuau.com\/fr\/marches-de-noel\/#primaryimage"},"image":{"@id":"https:\/\/chateausuau.com\/fr\/marches-de-noel\/#primaryimage"},"thumbnailUrl":"https:\/\/chateausuau.com\/wp-content\/uploads\/2017\/12\/marche-de-noel-france-feature-chateau-suau-pixabay-low-reso.jpg","datePublished":"2017-12-05T07:00:53+00:00","dateModified":"2019-07-08T16:00:57+00:00","author":{"@id":"https:\/\/chateausuau.com\/fr\/#\/schema\/person\/37c68d4e2095ad423ee465eee93d4c40"},"description":"Starsbourg, Colmar, mais aussi Bordeaux ou Sarlat: plongez au coeur de la magie en visitant les plus beaux march\u00e9s de No\u00ebl en France.","breadcrumb":{"@id":"https:\/\/chateausuau.com\/fr\/marches-de-noel\/#breadcrumb"},"inLanguage":"fr-FR","potentialAction":[{"@type":"ReadAction","target":["https:\/\/chateausuau.com\/fr\/marches-de-noel\/"]}]},{"@type":"ImageObject","inLanguage":"fr-FR","@id":"https:\/\/chateausuau.com\/fr\/marches-de-noel\/#primaryimage","url":"https:\/\/chateausuau.com\/wp-content\/uploads\/2017\/12\/marche-de-noel-france-feature-chateau-suau-pixabay-low-reso.jpg","contentUrl":"https:\/\/chateausuau.com\/wp-content\/uploads\/2017\/12\/marche-de-noel-france-feature-chateau-suau-pixabay-low-reso.jpg","width":1200,"height":800,"caption":"marche de noel france feature chateau suau"},{"@type":"BreadcrumbList","@id":"https:\/\/chateausuau.com\/fr\/marches-de-noel\/#breadcrumb","itemListElement":[{"@type":"ListItem","position":1,"name":"Accueil","item":"https:\/\/chateausuau.com\/fr\/"},{"@type":"ListItem","position":2,"name":"5 march\u00e9s de No\u00ebl f\u00e9eriques \u00e0 visiter en 2017"}]},{"@type":"WebSite","@id":"https:\/\/chateausuau.com\/fr\/#website","url":"https:\/\/chateausuau.com\/fr\/","name":"Chateau Suau","description":"Chateau Suau Winery. Official Webiste","potentialAction":[{"@type":"SearchAction","target":{"@type":"EntryPoint","urlTemplate":"https:\/\/chateausuau.com\/fr\/?s={search_term_string}"},"query-input":{"@type":"PropertyValueSpecification","valueRequired":true,"valueName":"search_term_string"}}],"inLanguage":"fr-FR"},{"@type":"Person","@id":"https:\/\/chateausuau.com\/fr\/#\/schema\/person\/37c68d4e2095ad423ee465eee93d4c40","name":"Lydia (Nowmadz)","image":{"@type":"ImageObject","inLanguage":"fr-FR","@id":"https:\/\/chateausuau.com\/wp-content\/uploads\/2017\/06\/foto_Lydia-Rajteric_travel-100x100.jpg","url":"https:\/\/chateausuau.com\/wp-content\/uploads\/2017\/06\/foto_Lydia-Rajteric_travel-100x100.jpg","contentUrl":"https:\/\/chateausuau.com\/wp-content\/uploads\/2017\/06\/foto_Lydia-Rajteric_travel-100x100.jpg","caption":"Lydia (Nowmadz)"},"description":"Blogueuse \u00e9picurienne et voyageuse, Lydia a voyag\u00e9 autour du monde durant plusieurs mois avant de (re)poser ses valises en France. Elle voyage \u00e0 pr\u00e9sent en famille et retranscrit ses r\u00e9cits sur son blog Nowmadz.com.","sameAs":["https:\/\/nowmadz.com\/"]}]}},"_links":{"self":[{"href":"https:\/\/chateausuau.com\/fr\/wp-json\/wp\/v2\/posts\/3784","targetHints":{"allow":["GET"]}}],"collection":[{"href":"https:\/\/chateausuau.com\/fr\/wp-json\/wp\/v2\/posts"}],"about":[{"href":"https:\/\/chateausuau.com\/fr\/wp-json\/wp\/v2\/types\/post"}],"author":[{"embeddable":true,"href":"https:\/\/chateausuau.com\/fr\/wp-json\/wp\/v2\/users\/21"}],"replies":[{"embeddable":true,"href":"https:\/\/chateausuau.com\/fr\/wp-json\/wp\/v2\/comments?post=3784"}],"version-history":[{"count":0,"href":"https:\/\/chateausuau.com\/fr\/wp-json\/wp\/v2\/posts\/3784\/revisions"}],"wp:featuredmedia":[{"embeddable":true,"href":"https:\/\/chateausuau.com\/fr\/wp-json\/wp\/v2\/media\/3788"}],"wp:attachment":[{"href":"https:\/\/chateausuau.com\/fr\/wp-json\/wp\/v2\/media?parent=3784"}],"wp:term":[{"taxonomy":"category","embeddable":true,"href":"https:\/\/chateausuau.com\/fr\/wp-json\/wp\/v2\/categories?post=3784"},{"taxonomy":"post_tag","embeddable":true,"href":"https:\/\/chateausuau.com\/fr\/wp-json\/wp\/v2\/tags?post=3784"}],"curies":[{"name":"wp","href":"https:\/\/api.w.org\/{rel}","templated":true}]}}