{"id":3442,"date":"2017-09-14T07:00:16","date_gmt":"2017-09-14T05:00:16","guid":{"rendered":"http:\/\/chateausuau.com\/?p=3442"},"modified":"2020-01-28T08:52:09","modified_gmt":"2020-01-28T07:52:09","slug":"journees-patrimoine-2017","status":"publish","type":"post","link":"https:\/\/chateausuau.com\/fr\/journees-patrimoine-2017\/","title":{"rendered":"D\u00e9couvrez les sites insolites de Bordeaux lors des Journ\u00e9es du Patrimoine !"},"content":{"rendered":"<p><img loading=\"lazy\" decoding=\"async\" class=\"alignnone size-full wp-image-3446\" src=\"http:\/\/chateausuau.com\/wp-content\/uploads\/2017\/09\/journees-patrimoine-bordeaux-feature.jpg\" alt=\"journees patrimoine bordeaux feature\" width=\"1200\" height=\"800\" srcset=\"https:\/\/chateausuau.com\/wp-content\/uploads\/2017\/09\/journees-patrimoine-bordeaux-feature.jpg 1200w, https:\/\/chateausuau.com\/wp-content\/uploads\/2017\/09\/journees-patrimoine-bordeaux-feature-300x200.jpg 300w, https:\/\/chateausuau.com\/wp-content\/uploads\/2017\/09\/journees-patrimoine-bordeaux-feature-768x512.jpg 768w, https:\/\/chateausuau.com\/wp-content\/uploads\/2017\/09\/journees-patrimoine-bordeaux-feature-1024x683.jpg 1024w\" sizes=\"auto, (max-width: 1200px) 100vw, 1200px\" \/><\/p>\n<p>D\u00e9couvrez les \u00e9v\u00e8nements propos\u00e9s \u00e0 Bordeaux durant les Journ\u00e9es europ\u00e9ennes du Patrimoine, les 16 et 17 septembre prochain. Lieux insolites ou monuments embl\u00e9matiques, l\u2019offre bordelaise est immense si bien que pour mieux organiser votre week-end, nous avons s\u00e9lectionn\u00e9 les 7 meilleures visites \u00e0 ne rater sous aucun pr\u00e9texte !<\/p>\n<h2>Le Bunker Achard<\/h2>\n<div id=\"attachment_3444\" style=\"width: 1010px\" class=\"wp-caption alignnone\"><img loading=\"lazy\" decoding=\"async\" aria-describedby=\"caption-attachment-3444\" class=\"wp-image-3444 size-full\" title=\"journee du patrimoine bunker place des quinconces\" src=\"http:\/\/chateausuau.com\/wp-content\/uploads\/2017\/09\/journee-du-patrimoine-bunker-place-des-quinconces.jpg\" alt=\"journee du patrimoine bunker place des quinconces\" width=\"1000\" height=\"651\" srcset=\"https:\/\/chateausuau.com\/wp-content\/uploads\/2017\/09\/journee-du-patrimoine-bunker-place-des-quinconces.jpg 1000w, https:\/\/chateausuau.com\/wp-content\/uploads\/2017\/09\/journee-du-patrimoine-bunker-place-des-quinconces-300x195.jpg 300w, https:\/\/chateausuau.com\/wp-content\/uploads\/2017\/09\/journee-du-patrimoine-bunker-place-des-quinconces-768x500.jpg 768w\" sizes=\"auto, (max-width: 1000px) 100vw, 1000px\" \/><p id=\"caption-attachment-3444\" class=\"wp-caption-text\">Photo credit: Rue89 Bordeaux<\/p><\/div>\n<p>&nbsp;<\/p>\n<p>Et si vous partiez \u00e0 la d\u00e9couverte des vestiges de la Seconde Guerre mondiale, en plein c\u0153ur de Bordeaux\u2009? Explorez le bunker fran\u00e7ais qui se niche sous la place des Quinconces (lampe de poche obligatoire\u2009!) et admirez les v\u00e9hicules d\u2019\u00e9poque expos\u00e9s dans la rue Achard, samedi 16 septembre de 13h \u00e0 18h et dimanche 17 septembre de 10h \u00e0 17h. La promenade en jeep est payante, mais vous pouvez tout \u00e0 fait venir \u00e0 v\u00e9lo pour une visite gratuite de ce camp FFI reconstitu\u00e9.<\/p>\n<p><em>Adresse<\/em><em>\u00a0<\/em><em>: Bacalan<\/em> <em>110 rue Achard<\/em><em>\u00a0<\/em><em>&#8211;<\/em><em>\u2009 <\/em><em>33<\/em><em>\u2009<\/em><em>000 Bordeaux<\/em><\/p>\n<h2>Bordeaux Port Atlantique<\/h2>\n<p>Le septi\u00e8me port fran\u00e7ais ouvre ses portes au public \u00e0 l\u2019occasion des Journ\u00e9es europ\u00e9ennes du Patrimoine, ne manquez pas cette occasion unique de d\u00e9couvrir ses hangars, ses cargos et toutes les activit\u00e9s portuaires au cours de balades terrestres et fluviales.<\/p>\n<p><em>Adresse<\/em><em>\u00a0<\/em><em>: Bordeaux Port Atlantique<\/em> <em>152 quai Bacalan 33000 Bordeaux<\/em><\/p>\n<h2>Le Grand Th\u00e9\u00e2tre<\/h2>\n<div id=\"attachment_3447\" style=\"width: 1210px\" class=\"wp-caption alignnone\"><img loading=\"lazy\" decoding=\"async\" aria-describedby=\"caption-attachment-3447\" class=\"wp-image-3447 size-full\" title=\"Journees patrimoine Bordeaux Grand Theatre\" src=\"http:\/\/chateausuau.com\/wp-content\/uploads\/2017\/09\/Journees-patrimoine-Bordeaux-Grand-Theatre.jpg\" alt=\"Journees patrimoine Bordeaux Grand Theatre\" width=\"1200\" height=\"800\" srcset=\"https:\/\/chateausuau.com\/wp-content\/uploads\/2017\/09\/Journees-patrimoine-Bordeaux-Grand-Theatre.jpg 1200w, https:\/\/chateausuau.com\/wp-content\/uploads\/2017\/09\/Journees-patrimoine-Bordeaux-Grand-Theatre-300x200.jpg 300w, https:\/\/chateausuau.com\/wp-content\/uploads\/2017\/09\/Journees-patrimoine-Bordeaux-Grand-Theatre-768x512.jpg 768w, https:\/\/chateausuau.com\/wp-content\/uploads\/2017\/09\/Journees-patrimoine-Bordeaux-Grand-Theatre-1024x683.jpg 1024w\" sizes=\"auto, (max-width: 1200px) 100vw, 1200px\" \/><p id=\"caption-attachment-3447\" class=\"wp-caption-text\">Photo credit: <a href=\"https:\/\/www.flickr.com\/photos\/archer10\/15652149152\/\">archer10 (Dennis) 102M Views<\/a><\/p><\/div>\n<p>Inaugur\u00e9 en 1780, magnifiquement restaur\u00e9 en 1990, le Grand Th\u00e9\u00e2tre est certainement l\u2019un des plus beaux monuments de la cit\u00e9 bordelaise. Plus de 14\u2009000 personnes s\u2019y sont press\u00e9es l\u2019an dernier et pour cette 34\u00e8me \u00e9dition des Journ\u00e9es europ\u00e9ennes du Patrimoine, le Grand Th\u00e9\u00e2tre et l\u2019Auditorium ouvrent de nouveau leurs portes au public, un rendez-vous \u00e0 ne pas manquer\u2009!<\/p>\n<p><em>Adresse<\/em><em>\u00a0<\/em><em>: Place de la Com<\/em><em>\u00e9<\/em><em>die<\/em><em>\u00a0<\/em><em>33000 Bordeaux<\/em><\/p>\n<h2>Le Tribunal de grande instance<\/h2>\n<p>Les criminologues amateurs ont rendez-vous au Tribunal de Grande Instance, le samedi 16 septembre, de 10h \u00e0 14h. Assistez \u00e0 l\u2019occasion des Journ\u00e9es du Patrimoine \u00e0 une repr\u00e9sentation th\u00e9\u00e2trale reprenant les proc\u00e8s et les affaires judiciaires am\u00e9ricaines les plus c\u00e9l\u00e8bres dans les ann\u00e9es\u00a030, sous forme de po\u00e8mes\u2009!<\/p>\n<p><em>Adresse<\/em><em>\u00a0<\/em><em>: 30 rue des Fr<\/em><em>\u00e8<\/em><em>res Bonie<\/em><em>\u00a0<\/em><em>33000 Bordeaux<\/em><\/p>\n<h2>Les Galeries Lafayette<\/h2>\n<div id=\"attachment_3443\" style=\"width: 1210px\" class=\"wp-caption alignnone\"><img loading=\"lazy\" decoding=\"async\" aria-describedby=\"caption-attachment-3443\" class=\"wp-image-3443 size-full\" title=\"journee du patrimoine bordeaux galeries lafayette\" src=\"http:\/\/chateausuau.com\/wp-content\/uploads\/2017\/09\/journee-du-patrimoine-bordeaux-galeries-lafayette.jpg\" alt=\"journee du patrimoine bordeaux galeries lafayette\" width=\"1200\" height=\"800\" srcset=\"https:\/\/chateausuau.com\/wp-content\/uploads\/2017\/09\/journee-du-patrimoine-bordeaux-galeries-lafayette.jpg 1200w, https:\/\/chateausuau.com\/wp-content\/uploads\/2017\/09\/journee-du-patrimoine-bordeaux-galeries-lafayette-300x200.jpg 300w, https:\/\/chateausuau.com\/wp-content\/uploads\/2017\/09\/journee-du-patrimoine-bordeaux-galeries-lafayette-768x512.jpg 768w, https:\/\/chateausuau.com\/wp-content\/uploads\/2017\/09\/journee-du-patrimoine-bordeaux-galeries-lafayette-1024x683.jpg 1024w\" sizes=\"auto, (max-width: 1200px) 100vw, 1200px\" \/><p id=\"caption-attachment-3443\" class=\"wp-caption-text\">Photo credit: <a href=\"https:\/\/www.flickr.com\/photos\/129231073@N06\/27346776314\/\">corno.fulgur75<\/a><\/p><\/div>\n<p>Autre fleuron de l\u2019architecture bordelaise, le b\u00e2timent des Galeries Lafayette propose des visites guid\u00e9es in\u00e9dites qui r\u00e9v\u00e8leront tous les secrets et l\u2019histoire des grands magasins bordelais. Un d\u00e9part est pr\u00e9vu toutes les heures entre 10h et 18h, le samedi et le dimanche. Comptez 45 minutes \u00e0 1h pour la visite.<\/p>\n<p><em>Adresse<\/em><em>\u00a0<\/em><em>: Galeries Lafayette 1 rue Ste Catherine<\/em><em>\u00a0<\/em><em>33000 Bordeaux<\/em><\/p>\n<h2><strong>L<\/strong><strong>\u2019<\/strong><strong>Usine Jock<\/strong><\/h2>\n<p>Fortement ancr\u00e9e dans le paysage girondin et ch\u00e8re aux familles bordelaises, \u00a0<strong><a href=\"http:\/\/www.jock.fr\/\" target=\"_blank\" rel=\"noopener noreferrer\">Jock<\/a><\/strong>\u00a0ouvre comme chaque ann\u00e9e les portes de son usine au public \u00e0 l\u2019occasion des Journ\u00e9es europ\u00e9ennes du Patrimoine. Et cette ann\u00e9e, la marque bordelaise f\u00eate ses 80 ans\u2009! Petits et grands sont attendus pour d\u00e9couvrir les nouvelles gammes de p\u00e2tes \u00e0 g\u00e2teau et autre cr\u00e8me dessert d\u00e9licieuses\u2026 Visites guid\u00e9es de 10h \u00e0 18h, le samedi et le dimanche.<\/p>\n<p><em>Adresse<\/em><em>\u00a0<\/em><em>: 190 quai de Brazza<\/em><em>\u00a0<\/em><em>33000 Bordeaux<\/em><\/p>\n<h2><strong>Le mus<\/strong><strong>\u00e9<\/strong><strong>e des Arts d<\/strong><strong>\u00e9<\/strong><strong>coratifs et du Design<\/strong><\/h2>\n<div id=\"attachment_3445\" style=\"width: 1211px\" class=\"wp-caption alignnone\"><img loading=\"lazy\" decoding=\"async\" aria-describedby=\"caption-attachment-3445\" class=\"wp-image-3445 size-full\" title=\"journees du patrimoine bordeaux musee art decoratif\" src=\"http:\/\/chateausuau.com\/wp-content\/uploads\/2017\/09\/journees-du-patrimoine-bordeaux-musee-art-decoratif.jpg\" alt=\"journees du patrimoine bordeaux musee art decoratif\" width=\"1201\" height=\"800\" srcset=\"https:\/\/chateausuau.com\/wp-content\/uploads\/2017\/09\/journees-du-patrimoine-bordeaux-musee-art-decoratif.jpg 1201w, https:\/\/chateausuau.com\/wp-content\/uploads\/2017\/09\/journees-du-patrimoine-bordeaux-musee-art-decoratif-300x200.jpg 300w, https:\/\/chateausuau.com\/wp-content\/uploads\/2017\/09\/journees-du-patrimoine-bordeaux-musee-art-decoratif-768x512.jpg 768w, https:\/\/chateausuau.com\/wp-content\/uploads\/2017\/09\/journees-du-patrimoine-bordeaux-musee-art-decoratif-1024x682.jpg 1024w\" sizes=\"auto, (max-width: 1201px) 100vw, 1201px\" \/><p id=\"caption-attachment-3445\" class=\"wp-caption-text\">Photo credit: wikipedia<\/p><\/div>\n<p>&nbsp;<\/p>\n<p>Rachet\u00e9 en 1880 par la municipalit\u00e9, l\u2019h\u00f4tel Lalande est alors transform\u00e9 en h\u00f4tel de police et son jardin, en prison. Un premier mus\u00e9e ouvre en 1924, mais la prison reste en activit\u00e9 jusqu\u2019en 1960. R\u00e9am\u00e9nag\u00e9 dans les ann\u00e9es\u00a01980, l\u2019ancien h\u00f4tel de police accueille aujourd\u2019hui le <strong><a href=\"http:\/\/www.madd-bordeaux.fr\/accueil\" target=\"_blank\" rel=\"noopener noreferrer\">mus\u00e9e des Arts d\u00e9coratifs et du Design<\/a><\/strong>\u00a0et pour la premi\u00e8re fois cette ann\u00e9e, une exposition in\u00e9dite est install\u00e9e dans l\u2019ancienne prison, \u00e0 l\u2019arri\u00e8re du mus\u00e9e. Oh couleurs\u2009! une exposition \u00e0 d\u00e9couvrir d\u2019urgence (et gratuitement) \u00e0 l\u2019occasion des Journ\u00e9es europ\u00e9ennes du Patrimoine \u00e0 Bordeaux\u2009!<\/p>\n<p><em>Adresse<\/em><em>\u00a0<\/em><em>: 39 rue Bouffard<\/em><em>\u00a0<\/em><em>33000 Bordeaux <\/em><\/p>\n<p>Voici notre s\u00e9lection des 7 meilleurs sites \u00e0 voir \u00e0 Bordeaux \u00e0 l\u2019occasion des Journ\u00e9es Europ\u00e9ennes du Patrimoine. Bien s\u00fbr, il y en a tellement d\u2019autres qui m\u00e9ritent un d\u00e9tour. Bordeaux, Ville d\u2019art et d\u2019Histoire, compte plus de 350 \u00e9difices class\u00e9s ou inscrits au patrimoine de l\u2019UNESCO\u2009! Vous voulez en voir davantage\u2009? D\u00e9couvrez <strong><a href=\"http:\/\/chateausuau.com\/blog\/visiter-bordeaux\/\" target=\"_blank\" rel=\"noopener noreferrer\">6 bonnes raisons de visiter Bordeaux<\/a><\/strong> , arr\u00eatez-vous <strong><a href=\"http:\/\/chateausuau.com\/blog\/bar-tapas-bordeaux\/\" target=\"_blank\" rel=\"noopener noreferrer\">d\u00e9guster quelques tapas<\/a><\/strong> accompagn\u00e9es d\u2019un bon verre de vin, puis <strong><a href=\"http:\/\/chateausuau.com\/blog\/activites-bordeaux\/\" target=\"_blank\" rel=\"noopener noreferrer\">\u00e9vadez-vous pour explorer ses environs<\/a><\/strong>\u2009!<\/p>\n","protected":false},"excerpt":{"rendered":"<p>D\u00e9couvrez les \u00e9v\u00e8nements propos\u00e9s \u00e0 Bordeaux durant les Journ\u00e9es europ\u00e9ennes du Patrimoine, les 16 et 17 septembre prochain. Lieux insolites ou monuments embl\u00e9matiques, l\u2019offre bordelaise est immense si bien que pour mieux organiser votre week-end, nous avons s\u00e9lectionn\u00e9 les 7 meilleures visites \u00e0 ne rater sous aucun pr\u00e9texte ! Le Bunker Achard &nbsp; Et si [&hellip;]<\/p>\n","protected":false},"author":21,"featured_media":3446,"comment_status":"open","ping_status":"open","sticky":false,"template":"","format":"standard","meta":{"_acf_changed":false,"footnotes":""},"categories":[449],"tags":[49],"class_list":["post-3442","post","type-post","status-publish","format-standard","has-post-thumbnail","hentry","category-enotourisme","tag-bordeaux"],"acf":[],"yoast_head":"<!-- This site is optimized with the Yoast SEO plugin v28.3 - https:\/\/yoast.com\/product\/yoast-seo-wordpress\/ -->\n<title>Journ\u00e9es du Patrimoine 2017: d\u00e9couvrez Bordeaux<\/title>\n<meta name=\"description\" content=\"Une s\u00e9lection des lieux insolites \u00e0 d\u00e9couvrir \u00e0 Bordeaux les 16 et 17 septembre prochain \u00e0 l\u2019occasion des Journ\u00e9es du Patrimoine 2017.\" \/>\n<meta name=\"robots\" content=\"index, follow, max-snippet:-1, max-image-preview:large, max-video-preview:-1\" \/>\n<link rel=\"canonical\" href=\"https:\/\/chateausuau.com\/fr\/journees-patrimoine-2017\/\" \/>\n<meta property=\"og:locale\" content=\"fr_FR\" \/>\n<meta property=\"og:type\" content=\"article\" \/>\n<meta property=\"og:title\" content=\"Journ\u00e9es du Patrimoine 2017: d\u00e9couvrez Bordeaux\" \/>\n<meta property=\"og:description\" content=\"Une s\u00e9lection des lieux insolites \u00e0 d\u00e9couvrir \u00e0 Bordeaux les 16 et 17 septembre prochain \u00e0 l\u2019occasion des Journ\u00e9es du Patrimoine 2017.\" \/>\n<meta property=\"og:url\" content=\"https:\/\/chateausuau.com\/fr\/journees-patrimoine-2017\/\" \/>\n<meta property=\"og:site_name\" content=\"Chateau Suau\" \/>\n<meta property=\"article:published_time\" content=\"2017-09-14T05:00:16+00:00\" \/>\n<meta property=\"article:modified_time\" content=\"2020-01-28T07:52:09+00:00\" \/>\n<meta property=\"og:image\" content=\"https:\/\/chateausuau.com\/wp-content\/uploads\/2017\/09\/journees-patrimoine-bordeaux-feature.jpg\" \/>\n\t<meta property=\"og:image:width\" content=\"1200\" \/>\n\t<meta property=\"og:image:height\" content=\"800\" \/>\n\t<meta property=\"og:image:type\" content=\"image\/jpeg\" \/>\n<meta name=\"author\" content=\"Lydia (Nowmadz)\" \/>\n<meta name=\"twitter:label1\" content=\"\u00c9crit par\" \/>\n\t<meta name=\"twitter:data1\" content=\"Lydia (Nowmadz)\" \/>\n\t<meta name=\"twitter:label2\" content=\"Dur\u00e9e de lecture estim\u00e9e\" \/>\n\t<meta name=\"twitter:data2\" content=\"4 minutes\" \/>\n<script type=\"application\/ld+json\" class=\"yoast-schema-graph\">{\"@context\":\"https:\\\/\\\/schema.org\",\"@graph\":[{\"@type\":\"Article\",\"@id\":\"https:\\\/\\\/chateausuau.com\\\/fr\\\/journees-patrimoine-2017\\\/#article\",\"isPartOf\":{\"@id\":\"https:\\\/\\\/chateausuau.com\\\/fr\\\/journees-patrimoine-2017\\\/\"},\"author\":{\"name\":\"Lydia (Nowmadz)\",\"@id\":\"https:\\\/\\\/chateausuau.com\\\/fr\\\/#\\\/schema\\\/person\\\/37c68d4e2095ad423ee465eee93d4c40\"},\"headline\":\"D\u00e9couvrez les sites insolites de Bordeaux lors des Journ\u00e9es du Patrimoine !\",\"datePublished\":\"2017-09-14T05:00:16+00:00\",\"dateModified\":\"2020-01-28T07:52:09+00:00\",\"mainEntityOfPage\":{\"@id\":\"https:\\\/\\\/chateausuau.com\\\/fr\\\/journees-patrimoine-2017\\\/\"},\"wordCount\":763,\"commentCount\":0,\"image\":{\"@id\":\"https:\\\/\\\/chateausuau.com\\\/fr\\\/journees-patrimoine-2017\\\/#primaryimage\"},\"thumbnailUrl\":\"https:\\\/\\\/chateausuau.com\\\/wp-content\\\/uploads\\\/2017\\\/09\\\/journees-patrimoine-bordeaux-feature.jpg\",\"keywords\":[\"Bordeaux\"],\"articleSection\":[\"\u0152notourisme\"],\"inLanguage\":\"fr-FR\",\"potentialAction\":[{\"@type\":\"CommentAction\",\"name\":\"Comment\",\"target\":[\"https:\\\/\\\/chateausuau.com\\\/fr\\\/journees-patrimoine-2017\\\/#respond\"]}]},{\"@type\":\"WebPage\",\"@id\":\"https:\\\/\\\/chateausuau.com\\\/fr\\\/journees-patrimoine-2017\\\/\",\"url\":\"https:\\\/\\\/chateausuau.com\\\/fr\\\/journees-patrimoine-2017\\\/\",\"name\":\"Journ\u00e9es du Patrimoine 2017: d\u00e9couvrez Bordeaux\",\"isPartOf\":{\"@id\":\"https:\\\/\\\/chateausuau.com\\\/fr\\\/#website\"},\"primaryImageOfPage\":{\"@id\":\"https:\\\/\\\/chateausuau.com\\\/fr\\\/journees-patrimoine-2017\\\/#primaryimage\"},\"image\":{\"@id\":\"https:\\\/\\\/chateausuau.com\\\/fr\\\/journees-patrimoine-2017\\\/#primaryimage\"},\"thumbnailUrl\":\"https:\\\/\\\/chateausuau.com\\\/wp-content\\\/uploads\\\/2017\\\/09\\\/journees-patrimoine-bordeaux-feature.jpg\",\"datePublished\":\"2017-09-14T05:00:16+00:00\",\"dateModified\":\"2020-01-28T07:52:09+00:00\",\"author\":{\"@id\":\"https:\\\/\\\/chateausuau.com\\\/fr\\\/#\\\/schema\\\/person\\\/37c68d4e2095ad423ee465eee93d4c40\"},\"description\":\"Une s\u00e9lection des lieux insolites \u00e0 d\u00e9couvrir \u00e0 Bordeaux les 16 et 17 septembre prochain \u00e0 l\u2019occasion des Journ\u00e9es du Patrimoine 2017.\",\"breadcrumb\":{\"@id\":\"https:\\\/\\\/chateausuau.com\\\/fr\\\/journees-patrimoine-2017\\\/#breadcrumb\"},\"inLanguage\":\"fr-FR\",\"potentialAction\":[{\"@type\":\"ReadAction\",\"target\":[\"https:\\\/\\\/chateausuau.com\\\/fr\\\/journees-patrimoine-2017\\\/\"]}]},{\"@type\":\"ImageObject\",\"inLanguage\":\"fr-FR\",\"@id\":\"https:\\\/\\\/chateausuau.com\\\/fr\\\/journees-patrimoine-2017\\\/#primaryimage\",\"url\":\"https:\\\/\\\/chateausuau.com\\\/wp-content\\\/uploads\\\/2017\\\/09\\\/journees-patrimoine-bordeaux-feature.jpg\",\"contentUrl\":\"https:\\\/\\\/chateausuau.com\\\/wp-content\\\/uploads\\\/2017\\\/09\\\/journees-patrimoine-bordeaux-feature.jpg\",\"width\":1200,\"height\":800,\"caption\":\"journees patrimoine bordeaux feature\"},{\"@type\":\"BreadcrumbList\",\"@id\":\"https:\\\/\\\/chateausuau.com\\\/fr\\\/journees-patrimoine-2017\\\/#breadcrumb\",\"itemListElement\":[{\"@type\":\"ListItem\",\"position\":1,\"name\":\"Accueil\",\"item\":\"https:\\\/\\\/chateausuau.com\\\/fr\\\/\"},{\"@type\":\"ListItem\",\"position\":2,\"name\":\"D\u00e9couvrez les sites insolites de Bordeaux lors des Journ\u00e9es du Patrimoine !\"}]},{\"@type\":\"WebSite\",\"@id\":\"https:\\\/\\\/chateausuau.com\\\/fr\\\/#website\",\"url\":\"https:\\\/\\\/chateausuau.com\\\/fr\\\/\",\"name\":\"Chateau Suau\",\"description\":\"Chateau Suau Winery. Official Webiste\",\"potentialAction\":[{\"@type\":\"SearchAction\",\"target\":{\"@type\":\"EntryPoint\",\"urlTemplate\":\"https:\\\/\\\/chateausuau.com\\\/fr\\\/?s={search_term_string}\"},\"query-input\":{\"@type\":\"PropertyValueSpecification\",\"valueRequired\":true,\"valueName\":\"search_term_string\"}}],\"inLanguage\":\"fr-FR\"},{\"@type\":\"Person\",\"@id\":\"https:\\\/\\\/chateausuau.com\\\/fr\\\/#\\\/schema\\\/person\\\/37c68d4e2095ad423ee465eee93d4c40\",\"name\":\"Lydia (Nowmadz)\",\"image\":{\"@type\":\"ImageObject\",\"inLanguage\":\"fr-FR\",\"@id\":\"https:\\\/\\\/chateausuau.com\\\/wp-content\\\/uploads\\\/2017\\\/06\\\/foto_Lydia-Rajteric_travel-100x100.jpg\",\"url\":\"https:\\\/\\\/chateausuau.com\\\/wp-content\\\/uploads\\\/2017\\\/06\\\/foto_Lydia-Rajteric_travel-100x100.jpg\",\"contentUrl\":\"https:\\\/\\\/chateausuau.com\\\/wp-content\\\/uploads\\\/2017\\\/06\\\/foto_Lydia-Rajteric_travel-100x100.jpg\",\"caption\":\"Lydia (Nowmadz)\"},\"description\":\"Blogueuse \u00e9picurienne et voyageuse, Lydia a voyag\u00e9 autour du monde durant plusieurs mois avant de (re)poser ses valises en France. Elle voyage \u00e0 pr\u00e9sent en famille et retranscrit ses r\u00e9cits sur son blog Nowmadz.com.\",\"sameAs\":[\"https:\\\/\\\/nowmadz.com\\\/\"]}]}<\/script>\n<!-- \/ Yoast SEO plugin. -->","yoast_head_json":{"title":"Journ\u00e9es du Patrimoine 2017: d\u00e9couvrez Bordeaux","description":"Une s\u00e9lection des lieux insolites \u00e0 d\u00e9couvrir \u00e0 Bordeaux les 16 et 17 septembre prochain \u00e0 l\u2019occasion des Journ\u00e9es du Patrimoine 2017.","robots":{"index":"index","follow":"follow","max-snippet":"max-snippet:-1","max-image-preview":"max-image-preview:large","max-video-preview":"max-video-preview:-1"},"canonical":"https:\/\/chateausuau.com\/fr\/journees-patrimoine-2017\/","og_locale":"fr_FR","og_type":"article","og_title":"Journ\u00e9es du Patrimoine 2017: d\u00e9couvrez Bordeaux","og_description":"Une s\u00e9lection des lieux insolites \u00e0 d\u00e9couvrir \u00e0 Bordeaux les 16 et 17 septembre prochain \u00e0 l\u2019occasion des Journ\u00e9es du Patrimoine 2017.","og_url":"https:\/\/chateausuau.com\/fr\/journees-patrimoine-2017\/","og_site_name":"Chateau Suau","article_published_time":"2017-09-14T05:00:16+00:00","article_modified_time":"2020-01-28T07:52:09+00:00","og_image":[{"width":1200,"height":800,"url":"https:\/\/chateausuau.com\/wp-content\/uploads\/2017\/09\/journees-patrimoine-bordeaux-feature.jpg","type":"image\/jpeg"}],"author":"Lydia (Nowmadz)","twitter_misc":{"\u00c9crit par":"Lydia (Nowmadz)","Dur\u00e9e de lecture estim\u00e9e":"4 minutes"},"schema":{"@context":"https:\/\/schema.org","@graph":[{"@type":"Article","@id":"https:\/\/chateausuau.com\/fr\/journees-patrimoine-2017\/#article","isPartOf":{"@id":"https:\/\/chateausuau.com\/fr\/journees-patrimoine-2017\/"},"author":{"name":"Lydia (Nowmadz)","@id":"https:\/\/chateausuau.com\/fr\/#\/schema\/person\/37c68d4e2095ad423ee465eee93d4c40"},"headline":"D\u00e9couvrez les sites insolites de Bordeaux lors des Journ\u00e9es du Patrimoine !","datePublished":"2017-09-14T05:00:16+00:00","dateModified":"2020-01-28T07:52:09+00:00","mainEntityOfPage":{"@id":"https:\/\/chateausuau.com\/fr\/journees-patrimoine-2017\/"},"wordCount":763,"commentCount":0,"image":{"@id":"https:\/\/chateausuau.com\/fr\/journees-patrimoine-2017\/#primaryimage"},"thumbnailUrl":"https:\/\/chateausuau.com\/wp-content\/uploads\/2017\/09\/journees-patrimoine-bordeaux-feature.jpg","keywords":["Bordeaux"],"articleSection":["\u0152notourisme"],"inLanguage":"fr-FR","potentialAction":[{"@type":"CommentAction","name":"Comment","target":["https:\/\/chateausuau.com\/fr\/journees-patrimoine-2017\/#respond"]}]},{"@type":"WebPage","@id":"https:\/\/chateausuau.com\/fr\/journees-patrimoine-2017\/","url":"https:\/\/chateausuau.com\/fr\/journees-patrimoine-2017\/","name":"Journ\u00e9es du Patrimoine 2017: d\u00e9couvrez Bordeaux","isPartOf":{"@id":"https:\/\/chateausuau.com\/fr\/#website"},"primaryImageOfPage":{"@id":"https:\/\/chateausuau.com\/fr\/journees-patrimoine-2017\/#primaryimage"},"image":{"@id":"https:\/\/chateausuau.com\/fr\/journees-patrimoine-2017\/#primaryimage"},"thumbnailUrl":"https:\/\/chateausuau.com\/wp-content\/uploads\/2017\/09\/journees-patrimoine-bordeaux-feature.jpg","datePublished":"2017-09-14T05:00:16+00:00","dateModified":"2020-01-28T07:52:09+00:00","author":{"@id":"https:\/\/chateausuau.com\/fr\/#\/schema\/person\/37c68d4e2095ad423ee465eee93d4c40"},"description":"Une s\u00e9lection des lieux insolites \u00e0 d\u00e9couvrir \u00e0 Bordeaux les 16 et 17 septembre prochain \u00e0 l\u2019occasion des Journ\u00e9es du Patrimoine 2017.","breadcrumb":{"@id":"https:\/\/chateausuau.com\/fr\/journees-patrimoine-2017\/#breadcrumb"},"inLanguage":"fr-FR","potentialAction":[{"@type":"ReadAction","target":["https:\/\/chateausuau.com\/fr\/journees-patrimoine-2017\/"]}]},{"@type":"ImageObject","inLanguage":"fr-FR","@id":"https:\/\/chateausuau.com\/fr\/journees-patrimoine-2017\/#primaryimage","url":"https:\/\/chateausuau.com\/wp-content\/uploads\/2017\/09\/journees-patrimoine-bordeaux-feature.jpg","contentUrl":"https:\/\/chateausuau.com\/wp-content\/uploads\/2017\/09\/journees-patrimoine-bordeaux-feature.jpg","width":1200,"height":800,"caption":"journees patrimoine bordeaux feature"},{"@type":"BreadcrumbList","@id":"https:\/\/chateausuau.com\/fr\/journees-patrimoine-2017\/#breadcrumb","itemListElement":[{"@type":"ListItem","position":1,"name":"Accueil","item":"https:\/\/chateausuau.com\/fr\/"},{"@type":"ListItem","position":2,"name":"D\u00e9couvrez les sites insolites de Bordeaux lors des Journ\u00e9es du Patrimoine !"}]},{"@type":"WebSite","@id":"https:\/\/chateausuau.com\/fr\/#website","url":"https:\/\/chateausuau.com\/fr\/","name":"Chateau Suau","description":"Chateau Suau Winery. Official Webiste","potentialAction":[{"@type":"SearchAction","target":{"@type":"EntryPoint","urlTemplate":"https:\/\/chateausuau.com\/fr\/?s={search_term_string}"},"query-input":{"@type":"PropertyValueSpecification","valueRequired":true,"valueName":"search_term_string"}}],"inLanguage":"fr-FR"},{"@type":"Person","@id":"https:\/\/chateausuau.com\/fr\/#\/schema\/person\/37c68d4e2095ad423ee465eee93d4c40","name":"Lydia (Nowmadz)","image":{"@type":"ImageObject","inLanguage":"fr-FR","@id":"https:\/\/chateausuau.com\/wp-content\/uploads\/2017\/06\/foto_Lydia-Rajteric_travel-100x100.jpg","url":"https:\/\/chateausuau.com\/wp-content\/uploads\/2017\/06\/foto_Lydia-Rajteric_travel-100x100.jpg","contentUrl":"https:\/\/chateausuau.com\/wp-content\/uploads\/2017\/06\/foto_Lydia-Rajteric_travel-100x100.jpg","caption":"Lydia (Nowmadz)"},"description":"Blogueuse \u00e9picurienne et voyageuse, Lydia a voyag\u00e9 autour du monde durant plusieurs mois avant de (re)poser ses valises en France. Elle voyage \u00e0 pr\u00e9sent en famille et retranscrit ses r\u00e9cits sur son blog Nowmadz.com.","sameAs":["https:\/\/nowmadz.com\/"]}]}},"_links":{"self":[{"href":"https:\/\/chateausuau.com\/fr\/wp-json\/wp\/v2\/posts\/3442","targetHints":{"allow":["GET"]}}],"collection":[{"href":"https:\/\/chateausuau.com\/fr\/wp-json\/wp\/v2\/posts"}],"about":[{"href":"https:\/\/chateausuau.com\/fr\/wp-json\/wp\/v2\/types\/post"}],"author":[{"embeddable":true,"href":"https:\/\/chateausuau.com\/fr\/wp-json\/wp\/v2\/users\/21"}],"replies":[{"embeddable":true,"href":"https:\/\/chateausuau.com\/fr\/wp-json\/wp\/v2\/comments?post=3442"}],"version-history":[{"count":0,"href":"https:\/\/chateausuau.com\/fr\/wp-json\/wp\/v2\/posts\/3442\/revisions"}],"wp:featuredmedia":[{"embeddable":true,"href":"https:\/\/chateausuau.com\/fr\/wp-json\/wp\/v2\/media\/3446"}],"wp:attachment":[{"href":"https:\/\/chateausuau.com\/fr\/wp-json\/wp\/v2\/media?parent=3442"}],"wp:term":[{"taxonomy":"category","embeddable":true,"href":"https:\/\/chateausuau.com\/fr\/wp-json\/wp\/v2\/categories?post=3442"},{"taxonomy":"post_tag","embeddable":true,"href":"https:\/\/chateausuau.com\/fr\/wp-json\/wp\/v2\/tags?post=3442"}],"curies":[{"name":"wp","href":"https:\/\/api.w.org\/{rel}","templated":true}]}}