{"id":3431,"date":"2017-09-05T07:00:12","date_gmt":"2017-09-05T05:00:12","guid":{"rendered":"http:\/\/chateausuau.com\/?p=3431"},"modified":"2020-01-28T08:54:43","modified_gmt":"2020-01-28T07:54:43","slug":"date-des-vendanges","status":"publish","type":"post","link":"https:\/\/chateausuau.com\/fr\/date-des-vendanges\/","title":{"rendered":"Tout est pr\u00eat pour les vendanges au ch\u00e2teau !"},"content":{"rendered":"<p><img loading=\"lazy\" decoding=\"async\" class=\"aligncenter size-full wp-image-3432\" src=\"http:\/\/chateausuau.com\/wp-content\/uploads\/2017\/09\/dates-des-vendages.jpg\" alt=\"\" width=\"3264\" height=\"2448\" srcset=\"https:\/\/chateausuau.com\/wp-content\/uploads\/2017\/09\/dates-des-vendages.jpg 3264w, https:\/\/chateausuau.com\/wp-content\/uploads\/2017\/09\/dates-des-vendages-300x225.jpg 300w, https:\/\/chateausuau.com\/wp-content\/uploads\/2017\/09\/dates-des-vendages-768x576.jpg 768w, https:\/\/chateausuau.com\/wp-content\/uploads\/2017\/09\/dates-des-vendages-1024x768.jpg 1024w\" sizes=\"auto, (max-width: 3264px) 100vw, 3264px\" \/><\/p>\n<p><span style=\"font-weight: 400;\">Cette ann\u00e9e en Gironde,<strong> le mill\u00e9sime<\/strong> est annonc\u00e9 pr\u00e9coce. Une belle ann\u00e9e, chaude, avec un \u00e9tat sanitaire tr\u00e8s bon. La pluviom\u00e9trie a \u00e9t\u00e9 faible mais la pluie de la semaine derni\u00e8re a fait du bien. Seul les 30% qui ont gel\u00e9 vont r\u00e9duire la production. On s\u2019estime heureux ! <\/span><\/p>\n<p><span style=\"font-weight: 400;\">Les faibles pluies et les journ\u00e9es chaudes ont donc pr\u00e9cipit\u00e9<strong> la date des vendanges<\/strong> qui commence le 5 septembre, avec 10 jours d\u2019avance par rapport \u00e0 l\u2019ann\u00e9e derni\u00e8re. Ce sont les <strong>sauvignons<\/strong> qui entament le bal, puis les<strong> cabernets sauvignons<\/strong> pour faire le ros\u00e9 la semaine prochaine, suivis par les s\u00e9millons pour <strong><a href=\"http:\/\/chateausuau.com\/vins-bordeaux\/blanc-sec-aoc-bordeaux\/\">le blanc sec<\/a><\/strong>. Autour du 15 septembre, c\u2019est le merlot, \u00e9galement avec 10 jours d\u2019avance. L\u2019ordre de la r\u00e9colte est le m\u00eame g\u00e9n\u00e9ralement, car chaque c\u00e9page a un rythme propre. Vous comprendrez mieux tout \u00e7a en lisant notre article sur le <\/span><strong><a href=\"http:\/\/chateausuau.com\/blog\/calendrier-des-vendanges\/\" target=\"_blank\" rel=\"noopener noreferrer\">calendrier des vendanges<\/a><\/strong><span style=\"font-weight: 400;\">. <\/span><\/p>\n<p><span style=\"font-weight: 400;\"><strong>La date des vendanges<\/strong> se fait par des pr\u00e9l\u00e8vements 3 fois par semaines pour chaque c\u00e9page. C\u2019est l\u2019\u00e9quilibre sucre\/acidit\u00e9 qui nous pousse ensuite \u00e0 aller d\u00e9guster les baies dans les parcelles. Les oenologues-conseils nous suivent pour cette \u00e9tape cruciale. On peut d\u00e9finir la date exacte quelques jours avant, il faut donc une bonne r\u00e9activit\u00e9. D\u2019autres facteurs climatiques entrent en jeu, on sait par exemple qu\u2019on commence le 5 septembre car lundi 4 septembre il pleut, cela risquerait de diluer le jus.<\/span><\/p>\n<p><span style=\"font-weight: 400;\">Les vendanges s\u2019\u00e9tendent sur 3 semaines pour une soixantaine d\u2019hectares. Il faut ramasser <strong>les merlots<\/strong> en moins d\u2019une semaine car la r\u00e9colte est tr\u00e8s homog\u00e8ne. On compte aussi 3 \u00e0 4 jours pour <strong>les cabernets sauvignons<\/strong> puis le reste pour<strong> les blancs<\/strong>. Nous aurons donc certainement fini d\u00e9but octobre !<\/span><\/p>\n<p><span style=\"font-weight: 400;\">Les vendanges se font \u00e0 la machine de 8h00 \u00e0 18h00, le vignoble peut donc \u00eatre vendang\u00e9 au moment exact pour chaque parcelle et il est possible de faire jusqu\u2019\u00e0 4 hectares par jour. Si on sait qu\u2019il va pleuvoir la semaine d\u2019apr\u00e8s, on peut commencer d\u00e8s 4h00 du matin, mais difficilement avant car comme l\u2019homme, la machine a aussi besoin de repos. Dessus, un trieur et un \u00e9rafleur qui permettent \u00e0 la vendange d\u2019arriver en forme. Cela n\u2019emp\u00eache pas d\u2019avoir une \u00e9quipe pour trier \u00e0 l\u2019arriv\u00e9e.<\/span><\/p>\n<p><span style=\"font-weight: 400;\"><strong>La veille des vendanges<\/strong>, on pr\u00e9pare le mat\u00e9riel, on nettoie, on s\u2019assure qu\u2019il ne manque rien pour les grandes journ\u00e9es \u00e0 venir. La vigne reste tranquille et on ne passe plus du tout dans les vignes pour \u00e9viter de blesser les raisins. Les grappes sont superbes, il faut juste attendre ! On \u00e9vite donc tous les risques. Ensuite seulement viendront les travaux de sol. <\/span><\/p>\n<p><span style=\"font-weight: 400;\">Le chai de vinification est impeccable, on le brosse dans les moindres recoins pour que \u00e7a soit parfait et qu\u2019il n\u2019y ait pas de risques de d\u00e9fauts dans le vin. La semaine derni\u00e8re c\u2019\u00e9tait les mises en bouteille qui animaient la propri\u00e9t\u00e9. Le chai \u00e0 barriques lui n\u2019est pas concern\u00e9 par les vendanges, il reste bien ferm\u00e9 \u00e0 clef. On attend le mois de janvier !<\/span><\/p>\n<p><span style=\"font-weight: 400;\">Bonne vendanges \u00e0 tous ! <\/span><\/p>\n","protected":false},"excerpt":{"rendered":"<p>Cette ann\u00e9e en Gironde, le mill\u00e9sime est annonc\u00e9 pr\u00e9coce. Une belle ann\u00e9e, chaude, avec un \u00e9tat sanitaire tr\u00e8s bon. La pluviom\u00e9trie a \u00e9t\u00e9 faible mais la pluie de la semaine derni\u00e8re a fait du bien. Seul les 30% qui ont gel\u00e9 vont r\u00e9duire la production. On s\u2019estime heureux ! Les faibles pluies et les journ\u00e9es [&hellip;]<\/p>\n","protected":false},"author":12,"featured_media":3432,"comment_status":"open","ping_status":"open","sticky":false,"template":"","format":"standard","meta":{"_acf_changed":false,"footnotes":""},"categories":[16],"tags":[43,113,462,459],"class_list":["post-3431","post","type-post","status-publish","format-standard","has-post-thumbnail","hentry","category-nouvelles-suau","tag-cepages","tag-oenologie","tag-tourisme","tag-viticulture"],"acf":[],"yoast_head":"<!-- This site is optimized with the Yoast SEO plugin v28.3 - https:\/\/yoast.com\/product\/yoast-seo-wordpress\/ -->\n<title>Tout est pr\u00eat pour les vendanges au chateau !<\/title>\n<meta name=\"description\" content=\"La date des vendanges approche au chateau Suau. Tout est en place et l&#039;ordre de r\u00e9colte pour chaque parcelle se pr\u00e9cise. Un peu plus dans cet article !\" \/>\n<meta name=\"robots\" content=\"index, follow, max-snippet:-1, max-image-preview:large, max-video-preview:-1\" \/>\n<link rel=\"canonical\" href=\"https:\/\/chateausuau.com\/fr\/date-des-vendanges\/\" \/>\n<meta property=\"og:locale\" content=\"fr_FR\" \/>\n<meta property=\"og:type\" content=\"article\" \/>\n<meta property=\"og:title\" content=\"Tout est pr\u00eat pour les vendanges au chateau !\" \/>\n<meta property=\"og:description\" content=\"La date des vendanges approche au chateau Suau. Tout est en place et l&#039;ordre de r\u00e9colte pour chaque parcelle se pr\u00e9cise. Un peu plus dans cet article !\" \/>\n<meta property=\"og:url\" content=\"https:\/\/chateausuau.com\/fr\/date-des-vendanges\/\" \/>\n<meta property=\"og:site_name\" content=\"Chateau Suau\" \/>\n<meta property=\"article:published_time\" content=\"2017-09-05T05:00:12+00:00\" \/>\n<meta property=\"article:modified_time\" content=\"2020-01-28T07:54:43+00:00\" \/>\n<meta property=\"og:image\" content=\"https:\/\/chateausuau.com\/wp-content\/uploads\/2017\/09\/dates-des-vendages.jpg\" \/>\n\t<meta property=\"og:image:width\" content=\"3264\" \/>\n\t<meta property=\"og:image:height\" content=\"2448\" \/>\n\t<meta property=\"og:image:type\" content=\"image\/jpeg\" \/>\n<meta name=\"author\" content=\"Valeria\" \/>\n<meta name=\"twitter:label1\" content=\"\u00c9crit par\" \/>\n\t<meta name=\"twitter:data1\" content=\"Valeria\" \/>\n\t<meta name=\"twitter:label2\" content=\"Dur\u00e9e de lecture estim\u00e9e\" \/>\n\t<meta name=\"twitter:data2\" content=\"3 minutes\" \/>\n<script type=\"application\/ld+json\" class=\"yoast-schema-graph\">{\"@context\":\"https:\\\/\\\/schema.org\",\"@graph\":[{\"@type\":\"Article\",\"@id\":\"https:\\\/\\\/chateausuau.com\\\/fr\\\/date-des-vendanges\\\/#article\",\"isPartOf\":{\"@id\":\"https:\\\/\\\/chateausuau.com\\\/fr\\\/date-des-vendanges\\\/\"},\"author\":{\"name\":\"Valeria\",\"@id\":\"https:\\\/\\\/chateausuau.com\\\/fr\\\/#\\\/schema\\\/person\\\/b55d3e2ac798fb835932110fa72e9590\"},\"headline\":\"Tout est pr\u00eat pour les vendanges au ch\u00e2teau !\",\"datePublished\":\"2017-09-05T05:00:12+00:00\",\"dateModified\":\"2020-01-28T07:54:43+00:00\",\"mainEntityOfPage\":{\"@id\":\"https:\\\/\\\/chateausuau.com\\\/fr\\\/date-des-vendanges\\\/\"},\"wordCount\":545,\"commentCount\":0,\"image\":{\"@id\":\"https:\\\/\\\/chateausuau.com\\\/fr\\\/date-des-vendanges\\\/#primaryimage\"},\"thumbnailUrl\":\"https:\\\/\\\/chateausuau.com\\\/wp-content\\\/uploads\\\/2017\\\/09\\\/dates-des-vendages.jpg\",\"keywords\":[\"C\u00e9pages\",\"Oenologie\",\"tourisme\",\"viticulture\"],\"articleSection\":[\"La vie \u00e0 Suau\"],\"inLanguage\":\"fr-FR\",\"potentialAction\":[{\"@type\":\"CommentAction\",\"name\":\"Comment\",\"target\":[\"https:\\\/\\\/chateausuau.com\\\/fr\\\/date-des-vendanges\\\/#respond\"]}]},{\"@type\":\"WebPage\",\"@id\":\"https:\\\/\\\/chateausuau.com\\\/fr\\\/date-des-vendanges\\\/\",\"url\":\"https:\\\/\\\/chateausuau.com\\\/fr\\\/date-des-vendanges\\\/\",\"name\":\"Tout est pr\u00eat pour les vendanges au chateau !\",\"isPartOf\":{\"@id\":\"https:\\\/\\\/chateausuau.com\\\/fr\\\/#website\"},\"primaryImageOfPage\":{\"@id\":\"https:\\\/\\\/chateausuau.com\\\/fr\\\/date-des-vendanges\\\/#primaryimage\"},\"image\":{\"@id\":\"https:\\\/\\\/chateausuau.com\\\/fr\\\/date-des-vendanges\\\/#primaryimage\"},\"thumbnailUrl\":\"https:\\\/\\\/chateausuau.com\\\/wp-content\\\/uploads\\\/2017\\\/09\\\/dates-des-vendages.jpg\",\"datePublished\":\"2017-09-05T05:00:12+00:00\",\"dateModified\":\"2020-01-28T07:54:43+00:00\",\"author\":{\"@id\":\"https:\\\/\\\/chateausuau.com\\\/fr\\\/#\\\/schema\\\/person\\\/b55d3e2ac798fb835932110fa72e9590\"},\"description\":\"La date des vendanges approche au chateau Suau. Tout est en place et l'ordre de r\u00e9colte pour chaque parcelle se pr\u00e9cise. Un peu plus dans cet article !\",\"breadcrumb\":{\"@id\":\"https:\\\/\\\/chateausuau.com\\\/fr\\\/date-des-vendanges\\\/#breadcrumb\"},\"inLanguage\":\"fr-FR\",\"potentialAction\":[{\"@type\":\"ReadAction\",\"target\":[\"https:\\\/\\\/chateausuau.com\\\/fr\\\/date-des-vendanges\\\/\"]}]},{\"@type\":\"ImageObject\",\"inLanguage\":\"fr-FR\",\"@id\":\"https:\\\/\\\/chateausuau.com\\\/fr\\\/date-des-vendanges\\\/#primaryimage\",\"url\":\"https:\\\/\\\/chateausuau.com\\\/wp-content\\\/uploads\\\/2017\\\/09\\\/dates-des-vendages.jpg\",\"contentUrl\":\"https:\\\/\\\/chateausuau.com\\\/wp-content\\\/uploads\\\/2017\\\/09\\\/dates-des-vendages.jpg\",\"width\":3264,\"height\":2448},{\"@type\":\"BreadcrumbList\",\"@id\":\"https:\\\/\\\/chateausuau.com\\\/fr\\\/date-des-vendanges\\\/#breadcrumb\",\"itemListElement\":[{\"@type\":\"ListItem\",\"position\":1,\"name\":\"Accueil\",\"item\":\"https:\\\/\\\/chateausuau.com\\\/fr\\\/\"},{\"@type\":\"ListItem\",\"position\":2,\"name\":\"Tout est pr\u00eat pour les vendanges au ch\u00e2teau !\"}]},{\"@type\":\"WebSite\",\"@id\":\"https:\\\/\\\/chateausuau.com\\\/fr\\\/#website\",\"url\":\"https:\\\/\\\/chateausuau.com\\\/fr\\\/\",\"name\":\"Chateau Suau\",\"description\":\"Chateau Suau Winery. Official Webiste\",\"potentialAction\":[{\"@type\":\"SearchAction\",\"target\":{\"@type\":\"EntryPoint\",\"urlTemplate\":\"https:\\\/\\\/chateausuau.com\\\/fr\\\/?s={search_term_string}\"},\"query-input\":{\"@type\":\"PropertyValueSpecification\",\"valueRequired\":true,\"valueName\":\"search_term_string\"}}],\"inLanguage\":\"fr-FR\"},{\"@type\":\"Person\",\"@id\":\"https:\\\/\\\/chateausuau.com\\\/fr\\\/#\\\/schema\\\/person\\\/b55d3e2ac798fb835932110fa72e9590\",\"name\":\"Valeria\",\"image\":{\"@type\":\"ImageObject\",\"inLanguage\":\"fr-FR\",\"@id\":\"https:\\\/\\\/secure.gravatar.com\\\/avatar\\\/59b79bc3a18cce0a89668ad76760a6c681a80747fe406c23a2a306dee8dacc21?s=96&d=mm&r=g\",\"url\":\"https:\\\/\\\/secure.gravatar.com\\\/avatar\\\/59b79bc3a18cce0a89668ad76760a6c681a80747fe406c23a2a306dee8dacc21?s=96&d=mm&r=g\",\"contentUrl\":\"https:\\\/\\\/secure.gravatar.com\\\/avatar\\\/59b79bc3a18cce0a89668ad76760a6c681a80747fe406c23a2a306dee8dacc21?s=96&d=mm&r=g\",\"caption\":\"Valeria\"}}]}<\/script>\n<!-- \/ Yoast SEO plugin. -->","yoast_head_json":{"title":"Tout est pr\u00eat pour les vendanges au chateau !","description":"La date des vendanges approche au chateau Suau. Tout est en place et l'ordre de r\u00e9colte pour chaque parcelle se pr\u00e9cise. Un peu plus dans cet article !","robots":{"index":"index","follow":"follow","max-snippet":"max-snippet:-1","max-image-preview":"max-image-preview:large","max-video-preview":"max-video-preview:-1"},"canonical":"https:\/\/chateausuau.com\/fr\/date-des-vendanges\/","og_locale":"fr_FR","og_type":"article","og_title":"Tout est pr\u00eat pour les vendanges au chateau !","og_description":"La date des vendanges approche au chateau Suau. Tout est en place et l'ordre de r\u00e9colte pour chaque parcelle se pr\u00e9cise. Un peu plus dans cet article !","og_url":"https:\/\/chateausuau.com\/fr\/date-des-vendanges\/","og_site_name":"Chateau Suau","article_published_time":"2017-09-05T05:00:12+00:00","article_modified_time":"2020-01-28T07:54:43+00:00","og_image":[{"width":3264,"height":2448,"url":"https:\/\/chateausuau.com\/wp-content\/uploads\/2017\/09\/dates-des-vendages.jpg","type":"image\/jpeg"}],"author":"Valeria","twitter_misc":{"\u00c9crit par":"Valeria","Dur\u00e9e de lecture estim\u00e9e":"3 minutes"},"schema":{"@context":"https:\/\/schema.org","@graph":[{"@type":"Article","@id":"https:\/\/chateausuau.com\/fr\/date-des-vendanges\/#article","isPartOf":{"@id":"https:\/\/chateausuau.com\/fr\/date-des-vendanges\/"},"author":{"name":"Valeria","@id":"https:\/\/chateausuau.com\/fr\/#\/schema\/person\/b55d3e2ac798fb835932110fa72e9590"},"headline":"Tout est pr\u00eat pour les vendanges au ch\u00e2teau !","datePublished":"2017-09-05T05:00:12+00:00","dateModified":"2020-01-28T07:54:43+00:00","mainEntityOfPage":{"@id":"https:\/\/chateausuau.com\/fr\/date-des-vendanges\/"},"wordCount":545,"commentCount":0,"image":{"@id":"https:\/\/chateausuau.com\/fr\/date-des-vendanges\/#primaryimage"},"thumbnailUrl":"https:\/\/chateausuau.com\/wp-content\/uploads\/2017\/09\/dates-des-vendages.jpg","keywords":["C\u00e9pages","Oenologie","tourisme","viticulture"],"articleSection":["La vie \u00e0 Suau"],"inLanguage":"fr-FR","potentialAction":[{"@type":"CommentAction","name":"Comment","target":["https:\/\/chateausuau.com\/fr\/date-des-vendanges\/#respond"]}]},{"@type":"WebPage","@id":"https:\/\/chateausuau.com\/fr\/date-des-vendanges\/","url":"https:\/\/chateausuau.com\/fr\/date-des-vendanges\/","name":"Tout est pr\u00eat pour les vendanges au chateau !","isPartOf":{"@id":"https:\/\/chateausuau.com\/fr\/#website"},"primaryImageOfPage":{"@id":"https:\/\/chateausuau.com\/fr\/date-des-vendanges\/#primaryimage"},"image":{"@id":"https:\/\/chateausuau.com\/fr\/date-des-vendanges\/#primaryimage"},"thumbnailUrl":"https:\/\/chateausuau.com\/wp-content\/uploads\/2017\/09\/dates-des-vendages.jpg","datePublished":"2017-09-05T05:00:12+00:00","dateModified":"2020-01-28T07:54:43+00:00","author":{"@id":"https:\/\/chateausuau.com\/fr\/#\/schema\/person\/b55d3e2ac798fb835932110fa72e9590"},"description":"La date des vendanges approche au chateau Suau. Tout est en place et l'ordre de r\u00e9colte pour chaque parcelle se pr\u00e9cise. Un peu plus dans cet article !","breadcrumb":{"@id":"https:\/\/chateausuau.com\/fr\/date-des-vendanges\/#breadcrumb"},"inLanguage":"fr-FR","potentialAction":[{"@type":"ReadAction","target":["https:\/\/chateausuau.com\/fr\/date-des-vendanges\/"]}]},{"@type":"ImageObject","inLanguage":"fr-FR","@id":"https:\/\/chateausuau.com\/fr\/date-des-vendanges\/#primaryimage","url":"https:\/\/chateausuau.com\/wp-content\/uploads\/2017\/09\/dates-des-vendages.jpg","contentUrl":"https:\/\/chateausuau.com\/wp-content\/uploads\/2017\/09\/dates-des-vendages.jpg","width":3264,"height":2448},{"@type":"BreadcrumbList","@id":"https:\/\/chateausuau.com\/fr\/date-des-vendanges\/#breadcrumb","itemListElement":[{"@type":"ListItem","position":1,"name":"Accueil","item":"https:\/\/chateausuau.com\/fr\/"},{"@type":"ListItem","position":2,"name":"Tout est pr\u00eat pour les vendanges au ch\u00e2teau !"}]},{"@type":"WebSite","@id":"https:\/\/chateausuau.com\/fr\/#website","url":"https:\/\/chateausuau.com\/fr\/","name":"Chateau Suau","description":"Chateau Suau Winery. Official Webiste","potentialAction":[{"@type":"SearchAction","target":{"@type":"EntryPoint","urlTemplate":"https:\/\/chateausuau.com\/fr\/?s={search_term_string}"},"query-input":{"@type":"PropertyValueSpecification","valueRequired":true,"valueName":"search_term_string"}}],"inLanguage":"fr-FR"},{"@type":"Person","@id":"https:\/\/chateausuau.com\/fr\/#\/schema\/person\/b55d3e2ac798fb835932110fa72e9590","name":"Valeria","image":{"@type":"ImageObject","inLanguage":"fr-FR","@id":"https:\/\/secure.gravatar.com\/avatar\/59b79bc3a18cce0a89668ad76760a6c681a80747fe406c23a2a306dee8dacc21?s=96&d=mm&r=g","url":"https:\/\/secure.gravatar.com\/avatar\/59b79bc3a18cce0a89668ad76760a6c681a80747fe406c23a2a306dee8dacc21?s=96&d=mm&r=g","contentUrl":"https:\/\/secure.gravatar.com\/avatar\/59b79bc3a18cce0a89668ad76760a6c681a80747fe406c23a2a306dee8dacc21?s=96&d=mm&r=g","caption":"Valeria"}}]}},"_links":{"self":[{"href":"https:\/\/chateausuau.com\/fr\/wp-json\/wp\/v2\/posts\/3431","targetHints":{"allow":["GET"]}}],"collection":[{"href":"https:\/\/chateausuau.com\/fr\/wp-json\/wp\/v2\/posts"}],"about":[{"href":"https:\/\/chateausuau.com\/fr\/wp-json\/wp\/v2\/types\/post"}],"author":[{"embeddable":true,"href":"https:\/\/chateausuau.com\/fr\/wp-json\/wp\/v2\/users\/12"}],"replies":[{"embeddable":true,"href":"https:\/\/chateausuau.com\/fr\/wp-json\/wp\/v2\/comments?post=3431"}],"version-history":[{"count":0,"href":"https:\/\/chateausuau.com\/fr\/wp-json\/wp\/v2\/posts\/3431\/revisions"}],"wp:featuredmedia":[{"embeddable":true,"href":"https:\/\/chateausuau.com\/fr\/wp-json\/wp\/v2\/media\/3432"}],"wp:attachment":[{"href":"https:\/\/chateausuau.com\/fr\/wp-json\/wp\/v2\/media?parent=3431"}],"wp:term":[{"taxonomy":"category","embeddable":true,"href":"https:\/\/chateausuau.com\/fr\/wp-json\/wp\/v2\/categories?post=3431"},{"taxonomy":"post_tag","embeddable":true,"href":"https:\/\/chateausuau.com\/fr\/wp-json\/wp\/v2\/tags?post=3431"}],"curies":[{"name":"wp","href":"https:\/\/api.w.org\/{rel}","templated":true}]}}