{"id":3191,"date":"2017-06-27T09:00:10","date_gmt":"2017-06-27T09:00:10","guid":{"rendered":"http:\/\/chateausuau.com\/?p=3191"},"modified":"2019-07-08T18:00:37","modified_gmt":"2019-07-08T16:00:37","slug":"tartes-ete","status":"publish","type":"post","link":"https:\/\/chateausuau.com\/fr\/tartes-ete\/","title":{"rendered":"Quiche estivale : la recette parfaite pour d\u00e9guster votre vin de saison !"},"content":{"rendered":"<div id=\"attachment_3192\" style=\"width: 1210px\" class=\"wp-caption aligncenter\"><img loading=\"lazy\" decoding=\"async\" aria-describedby=\"caption-attachment-3192\" class=\"size-full wp-image-3192\" src=\"http:\/\/chateausuau.com\/wp-content\/uploads\/2017\/06\/tartes-ete-quiche.jpg\" alt=\"Quiche - Tartes d'\u00e9te\" width=\"1200\" height=\"1056\" srcset=\"https:\/\/chateausuau.com\/wp-content\/uploads\/2017\/06\/tartes-ete-quiche.jpg 1200w, https:\/\/chateausuau.com\/wp-content\/uploads\/2017\/06\/tartes-ete-quiche-300x264.jpg 300w, https:\/\/chateausuau.com\/wp-content\/uploads\/2017\/06\/tartes-ete-quiche-768x676.jpg 768w, https:\/\/chateausuau.com\/wp-content\/uploads\/2017\/06\/tartes-ete-quiche-1024x901.jpg 1024w\" sizes=\"auto, (max-width: 1200px) 100vw, 1200px\" \/><p id=\"caption-attachment-3192\" class=\"wp-caption-text\">Cr\u00e9dits photo : Delphine Pocard<\/p><\/div>\n<p>Une quiche simple et go\u00fbteuse avec des produits de saison, \u00e7a vous dit ? D\u00e9coupez-la en petites parts ou en parts g\u00e9n\u00e9reuses, et <strong>d\u00e9gustez-la avec des amis autour d\u2019un bon vin !<\/strong> Au moment de l\u2019ap\u00e9ritif ou en plat principal accompagn\u00e9e d\u2019une salade verte, elle r\u00e9galera \u00e0 coup s\u00fbr vos convives.<\/p>\n<p>Profitez des herbes aromatiques que nous offre l\u2019\u00e9t\u00e9 pour <strong>ajouter g\u00e9n\u00e9reusement \u00e0 votre quiche un joli petit bouquet<\/strong>. Persil, coriandre, aneth, ciboulette, \u2026 le choix est vaste.<\/p>\n<p>C\u00f4t\u00e9 boisson, pour accompagner votre quiche, <strong>un vin l\u00e9ger est de rigueur<\/strong>. Un vin blanc sec sera id\u00e9al. Essayer le <strong><a href=\"http:\/\/chateausuau.com\/vins-bordeaux\/blanc-sec-aoc-bordeaux\/\" target=\"_blank\" rel=\"noopener noreferrer\">vin blanc AOC Ch\u00e2teau Suau<\/a><\/strong>, tr\u00e8s aromatique. Evitez absolument les vins tr\u00e8s sucr\u00e9s et liquoreux.<\/p>\n<p>Si vous \u00eates plut\u00f4t vin rouge, choisissez-le bien fruit\u00e9. <strong>Evitez les boissons trop tanniques<\/strong> qui auront tendance \u00e0 couvrir la saveur des l\u00e9gumes. Cela vaut \u00e9galement si vous optez pour un vin ros\u00e9. Prenez-le l\u00e9ger.<\/p>\n<p>C\u00f4t\u00e9 temp\u00e9rature, buvez <strong>un vin frais mais pas glac\u00e9<\/strong> afin d\u2019en faire profiter au maximum vos papilles.<\/p>\n<p><img loading=\"lazy\" decoding=\"async\" class=\"aligncenter size-full wp-image-3193\" src=\"http:\/\/chateausuau.com\/wp-content\/uploads\/2017\/06\/vin-tartes.jpg\" alt=\"Vin\" width=\"960\" height=\"640\" srcset=\"https:\/\/chateausuau.com\/wp-content\/uploads\/2017\/06\/vin-tartes.jpg 960w, https:\/\/chateausuau.com\/wp-content\/uploads\/2017\/06\/vin-tartes-300x200.jpg 300w, https:\/\/chateausuau.com\/wp-content\/uploads\/2017\/06\/vin-tartes-768x512.jpg 768w\" sizes=\"auto, (max-width: 960px) 100vw, 960px\" \/><\/p>\n<p style=\"text-align: center;\">Maintenant, \u00e0 vos fourneaux !<\/p>\n<h2><strong>Quiche estivale, champignons et petits pois<\/strong><\/h2>\n<p><strong>Pr\u00e9paration : 10 minutes<\/strong><br \/>\n<strong> Cuisson : 35 minutes<\/strong><\/p>\n<p><strong>Pour 6 \u00e0 8 parts :<\/strong><\/p>\n<ul>\n<li>1 petit oignon rouge<\/li>\n<li>1 cuil \u00e0 soupe d&rsquo;huile d&rsquo;olive<\/li>\n<li>180 g de petits pois frais ou surgel\u00e9s<\/li>\n<li>100 g de lardons fum\u00e9s (facultatif)<\/li>\n<li>100 g de champignons \u00e9minc\u00e9s (un m\u00e9lange ou de Paris)<\/li>\n<li>1 p\u00e2te feuillet\u00e9e<\/li>\n<li>3 \u0153ufs<\/li>\n<li>20 cl de lait de coco<\/li>\n<li>60 g de parmesan r\u00e2p\u00e9 (\u00e0 d\u00e9faut, de Grana Padano)<\/li>\n<li>30 g d&#8217;emmental r\u00e2p\u00e9<\/li>\n<li>sel, poivre<\/li>\n<li>petit bouquet d\u2019herbes aromatiques : persil, coriandre, ciboulette, menthe, basilic, au choix\u2026<\/li>\n<\/ul>\n<p><strong>La pr\u00e9paration :<\/strong><\/p>\n<p>Pr\u00e9chauffer le four \u00e0 200\u00b0. Faire revenir l&rsquo;oignon rouge pr\u00e9alablement \u00e9pluch\u00e9 et \u00e9minc\u00e9 dans un filet d&rsquo;huile le temps qu\u2019il devienne transparent. Ajouter les petits pois, les lardons \u00e9ventuellement et les champignons, continuer la cuisson 5 minutes et retirer du feu. R\u00e9server.<\/p>\n<p>Etaler la p\u00e2te feuillet\u00e9e dans un moule \u00e0 tarte. Battre les 3 \u0153ufs dans un grand bol. Ajouter le lait de coco, le parmesan et l&#8217;emmental, deux belles pinc\u00e9es de sel et du poivre. Incorporer les l\u00e9gumes pr\u00e9par\u00e9s et les herbes fra\u00eeches cisel\u00e9es.<\/p>\n<p>Verser le tout dans la p\u00e2te, \u00e9taler puis enfourner pour 30 minutes.<\/p>\n<p>Servir votre quiche avec une salade, chaude ou froide.<\/p>\n<p>N.B : On peut remplacer le lait de coco par de la cr\u00e8me fra\u00eeche de vache.<\/p>\n<p style=\"text-align: center;\">Alors, cette quiche fera t-elle le menu de l&rsquo;une de vos soir\u00e9es d&rsquo;\u00e9t\u00e9 ?<\/p>\n","protected":false},"excerpt":{"rendered":"<p>Une quiche simple et go\u00fbteuse avec des produits de saison, \u00e7a vous dit ? D\u00e9coupez-la en petites parts ou en parts g\u00e9n\u00e9reuses, et d\u00e9gustez-la avec des amis autour d\u2019un bon vin ! Au moment de l\u2019ap\u00e9ritif ou en plat principal accompagn\u00e9e d\u2019une salade verte, elle r\u00e9galera \u00e0 coup s\u00fbr vos convives. Profitez des herbes aromatiques [&hellip;]<\/p>\n","protected":false},"author":22,"featured_media":3192,"comment_status":"open","ping_status":"open","sticky":false,"template":"","format":"standard","meta":{"_acf_changed":false,"footnotes":""},"categories":[1],"tags":[96],"class_list":["post-3191","post","type-post","status-publish","format-standard","has-post-thumbnail","hentry","category-mariage","tag-cuisine"],"acf":[],"yoast_head":"<!-- This site is optimized with the Yoast SEO plugin v28.3 - https:\/\/yoast.com\/product\/yoast-seo-wordpress\/ -->\n<title>Quiche estivale: la recette parfaite d&#039;une tarte d&#039;\u00e9t\u00e9 pour d\u00e9guster votre vin de saison !<\/title>\n<meta name=\"description\" content=\"Apprenez \u00e1 r\u00e9aliser une quiche qui annonce le d\u00e9but de l&#039;\u00e9t\u00e9 et \u00e0 l&#039;accorder \u00e0 un bon vin ! Ne ratez pas cette recette rapide de tarte qui est d\u00e9licieuse !\" \/>\n<meta name=\"robots\" content=\"index, follow, max-snippet:-1, max-image-preview:large, max-video-preview:-1\" \/>\n<link rel=\"canonical\" href=\"https:\/\/chateausuau.com\/fr\/tartes-ete\/\" \/>\n<meta property=\"og:locale\" content=\"fr_FR\" \/>\n<meta property=\"og:type\" content=\"article\" \/>\n<meta property=\"og:title\" content=\"Quiche estivale: la recette parfaite d&#039;une tarte d&#039;\u00e9t\u00e9 pour d\u00e9guster votre vin de saison !\" \/>\n<meta property=\"og:description\" content=\"Apprenez \u00e1 r\u00e9aliser une quiche qui annonce le d\u00e9but de l&#039;\u00e9t\u00e9 et \u00e0 l&#039;accorder \u00e0 un bon vin ! Ne ratez pas cette recette rapide de tarte qui est d\u00e9licieuse !\" \/>\n<meta property=\"og:url\" content=\"https:\/\/chateausuau.com\/fr\/tartes-ete\/\" \/>\n<meta property=\"og:site_name\" content=\"Chateau Suau\" \/>\n<meta property=\"article:published_time\" content=\"2017-06-27T09:00:10+00:00\" \/>\n<meta property=\"article:modified_time\" content=\"2019-07-08T16:00:37+00:00\" \/>\n<meta property=\"og:image\" content=\"https:\/\/chateausuau.com\/wp-content\/uploads\/2017\/06\/tartes-ete-quiche.jpg\" \/>\n\t<meta property=\"og:image:width\" content=\"1200\" \/>\n\t<meta property=\"og:image:height\" content=\"1056\" \/>\n\t<meta property=\"og:image:type\" content=\"image\/jpeg\" \/>\n<meta name=\"author\" content=\"Delphine Pocard\" \/>\n<meta name=\"twitter:label1\" content=\"\u00c9crit par\" \/>\n\t<meta name=\"twitter:data1\" content=\"Delphine Pocard\" \/>\n\t<meta name=\"twitter:label2\" content=\"Dur\u00e9e de lecture estim\u00e9e\" \/>\n\t<meta name=\"twitter:data2\" content=\"2 minutes\" \/>\n<script type=\"application\/ld+json\" class=\"yoast-schema-graph\">{\"@context\":\"https:\\\/\\\/schema.org\",\"@graph\":[{\"@type\":\"Article\",\"@id\":\"https:\\\/\\\/chateausuau.com\\\/fr\\\/tartes-ete\\\/#article\",\"isPartOf\":{\"@id\":\"https:\\\/\\\/chateausuau.com\\\/fr\\\/tartes-ete\\\/\"},\"author\":{\"name\":\"Delphine Pocard\",\"@id\":\"https:\\\/\\\/chateausuau.com\\\/fr\\\/#\\\/schema\\\/person\\\/63580fd9d6311d85bfe8ebdc5d3bb684\"},\"headline\":\"Quiche estivale : la recette parfaite pour d\u00e9guster votre vin de saison !\",\"datePublished\":\"2017-06-27T09:00:10+00:00\",\"dateModified\":\"2019-07-08T16:00:37+00:00\",\"mainEntityOfPage\":{\"@id\":\"https:\\\/\\\/chateausuau.com\\\/fr\\\/tartes-ete\\\/\"},\"wordCount\":453,\"commentCount\":0,\"image\":{\"@id\":\"https:\\\/\\\/chateausuau.com\\\/fr\\\/tartes-ete\\\/#primaryimage\"},\"thumbnailUrl\":\"https:\\\/\\\/chateausuau.com\\\/wp-content\\\/uploads\\\/2017\\\/06\\\/tartes-ete-quiche.jpg\",\"keywords\":[\"Cuisine\"],\"articleSection\":[\"Accords mets-vins\"],\"inLanguage\":\"fr-FR\",\"potentialAction\":[{\"@type\":\"CommentAction\",\"name\":\"Comment\",\"target\":[\"https:\\\/\\\/chateausuau.com\\\/fr\\\/tartes-ete\\\/#respond\"]}]},{\"@type\":\"WebPage\",\"@id\":\"https:\\\/\\\/chateausuau.com\\\/fr\\\/tartes-ete\\\/\",\"url\":\"https:\\\/\\\/chateausuau.com\\\/fr\\\/tartes-ete\\\/\",\"name\":\"Quiche estivale: la recette parfaite d'une tarte d'\u00e9t\u00e9 pour d\u00e9guster votre vin de saison !\",\"isPartOf\":{\"@id\":\"https:\\\/\\\/chateausuau.com\\\/fr\\\/#website\"},\"primaryImageOfPage\":{\"@id\":\"https:\\\/\\\/chateausuau.com\\\/fr\\\/tartes-ete\\\/#primaryimage\"},\"image\":{\"@id\":\"https:\\\/\\\/chateausuau.com\\\/fr\\\/tartes-ete\\\/#primaryimage\"},\"thumbnailUrl\":\"https:\\\/\\\/chateausuau.com\\\/wp-content\\\/uploads\\\/2017\\\/06\\\/tartes-ete-quiche.jpg\",\"datePublished\":\"2017-06-27T09:00:10+00:00\",\"dateModified\":\"2019-07-08T16:00:37+00:00\",\"author\":{\"@id\":\"https:\\\/\\\/chateausuau.com\\\/fr\\\/#\\\/schema\\\/person\\\/63580fd9d6311d85bfe8ebdc5d3bb684\"},\"description\":\"Apprenez \u00e1 r\u00e9aliser une quiche qui annonce le d\u00e9but de l'\u00e9t\u00e9 et \u00e0 l'accorder \u00e0 un bon vin ! Ne ratez pas cette recette rapide de tarte qui est d\u00e9licieuse !\",\"breadcrumb\":{\"@id\":\"https:\\\/\\\/chateausuau.com\\\/fr\\\/tartes-ete\\\/#breadcrumb\"},\"inLanguage\":\"fr-FR\",\"potentialAction\":[{\"@type\":\"ReadAction\",\"target\":[\"https:\\\/\\\/chateausuau.com\\\/fr\\\/tartes-ete\\\/\"]}]},{\"@type\":\"ImageObject\",\"inLanguage\":\"fr-FR\",\"@id\":\"https:\\\/\\\/chateausuau.com\\\/fr\\\/tartes-ete\\\/#primaryimage\",\"url\":\"https:\\\/\\\/chateausuau.com\\\/wp-content\\\/uploads\\\/2017\\\/06\\\/tartes-ete-quiche.jpg\",\"contentUrl\":\"https:\\\/\\\/chateausuau.com\\\/wp-content\\\/uploads\\\/2017\\\/06\\\/tartes-ete-quiche.jpg\",\"width\":1200,\"height\":1056,\"caption\":\"Cr\u00e9dits photo : Delphine Pocard\"},{\"@type\":\"BreadcrumbList\",\"@id\":\"https:\\\/\\\/chateausuau.com\\\/fr\\\/tartes-ete\\\/#breadcrumb\",\"itemListElement\":[{\"@type\":\"ListItem\",\"position\":1,\"name\":\"Accueil\",\"item\":\"https:\\\/\\\/chateausuau.com\\\/fr\\\/\"},{\"@type\":\"ListItem\",\"position\":2,\"name\":\"Quiche estivale : la recette parfaite pour d\u00e9guster votre vin de saison !\"}]},{\"@type\":\"WebSite\",\"@id\":\"https:\\\/\\\/chateausuau.com\\\/fr\\\/#website\",\"url\":\"https:\\\/\\\/chateausuau.com\\\/fr\\\/\",\"name\":\"Chateau Suau\",\"description\":\"Chateau Suau Winery. Official Webiste\",\"potentialAction\":[{\"@type\":\"SearchAction\",\"target\":{\"@type\":\"EntryPoint\",\"urlTemplate\":\"https:\\\/\\\/chateausuau.com\\\/fr\\\/?s={search_term_string}\"},\"query-input\":{\"@type\":\"PropertyValueSpecification\",\"valueRequired\":true,\"valueName\":\"search_term_string\"}}],\"inLanguage\":\"fr-FR\"},{\"@type\":\"Person\",\"@id\":\"https:\\\/\\\/chateausuau.com\\\/fr\\\/#\\\/schema\\\/person\\\/63580fd9d6311d85bfe8ebdc5d3bb684\",\"name\":\"Delphine Pocard\",\"image\":{\"@type\":\"ImageObject\",\"inLanguage\":\"fr-FR\",\"@id\":\"https:\\\/\\\/chateausuau.com\\\/wp-content\\\/uploads\\\/2017\\\/06\\\/foto_Delphine-Pocard_bio-100x100.jpg\",\"url\":\"https:\\\/\\\/chateausuau.com\\\/wp-content\\\/uploads\\\/2017\\\/06\\\/foto_Delphine-Pocard_bio-100x100.jpg\",\"contentUrl\":\"https:\\\/\\\/chateausuau.com\\\/wp-content\\\/uploads\\\/2017\\\/06\\\/foto_Delphine-Pocard_bio-100x100.jpg\",\"caption\":\"Delphine Pocard\"},\"description\":\"Blogueuse, auteure et photographe culinaire, Delphine POCARD a toujours baign\u00e9 dans un univers o\u00f9 la cuisine saine est essentielle. Elle partage sa passion depuis plus de trois ans et toujours avec autant d'enthousiasme sur son blog cuisipat.com.\",\"sameAs\":[\"http:\\\/\\\/cuisipat.com\\\/\"]}]}<\/script>\n<!-- \/ Yoast SEO plugin. -->","yoast_head_json":{"title":"Quiche estivale: la recette parfaite d'une tarte d'\u00e9t\u00e9 pour d\u00e9guster votre vin de saison !","description":"Apprenez \u00e1 r\u00e9aliser une quiche qui annonce le d\u00e9but de l'\u00e9t\u00e9 et \u00e0 l'accorder \u00e0 un bon vin ! Ne ratez pas cette recette rapide de tarte qui est d\u00e9licieuse !","robots":{"index":"index","follow":"follow","max-snippet":"max-snippet:-1","max-image-preview":"max-image-preview:large","max-video-preview":"max-video-preview:-1"},"canonical":"https:\/\/chateausuau.com\/fr\/tartes-ete\/","og_locale":"fr_FR","og_type":"article","og_title":"Quiche estivale: la recette parfaite d'une tarte d'\u00e9t\u00e9 pour d\u00e9guster votre vin de saison !","og_description":"Apprenez \u00e1 r\u00e9aliser une quiche qui annonce le d\u00e9but de l'\u00e9t\u00e9 et \u00e0 l'accorder \u00e0 un bon vin ! Ne ratez pas cette recette rapide de tarte qui est d\u00e9licieuse !","og_url":"https:\/\/chateausuau.com\/fr\/tartes-ete\/","og_site_name":"Chateau Suau","article_published_time":"2017-06-27T09:00:10+00:00","article_modified_time":"2019-07-08T16:00:37+00:00","og_image":[{"width":1200,"height":1056,"url":"https:\/\/chateausuau.com\/wp-content\/uploads\/2017\/06\/tartes-ete-quiche.jpg","type":"image\/jpeg"}],"author":"Delphine Pocard","twitter_misc":{"\u00c9crit par":"Delphine Pocard","Dur\u00e9e de lecture estim\u00e9e":"2 minutes"},"schema":{"@context":"https:\/\/schema.org","@graph":[{"@type":"Article","@id":"https:\/\/chateausuau.com\/fr\/tartes-ete\/#article","isPartOf":{"@id":"https:\/\/chateausuau.com\/fr\/tartes-ete\/"},"author":{"name":"Delphine Pocard","@id":"https:\/\/chateausuau.com\/fr\/#\/schema\/person\/63580fd9d6311d85bfe8ebdc5d3bb684"},"headline":"Quiche estivale : la recette parfaite pour d\u00e9guster votre vin de saison !","datePublished":"2017-06-27T09:00:10+00:00","dateModified":"2019-07-08T16:00:37+00:00","mainEntityOfPage":{"@id":"https:\/\/chateausuau.com\/fr\/tartes-ete\/"},"wordCount":453,"commentCount":0,"image":{"@id":"https:\/\/chateausuau.com\/fr\/tartes-ete\/#primaryimage"},"thumbnailUrl":"https:\/\/chateausuau.com\/wp-content\/uploads\/2017\/06\/tartes-ete-quiche.jpg","keywords":["Cuisine"],"articleSection":["Accords mets-vins"],"inLanguage":"fr-FR","potentialAction":[{"@type":"CommentAction","name":"Comment","target":["https:\/\/chateausuau.com\/fr\/tartes-ete\/#respond"]}]},{"@type":"WebPage","@id":"https:\/\/chateausuau.com\/fr\/tartes-ete\/","url":"https:\/\/chateausuau.com\/fr\/tartes-ete\/","name":"Quiche estivale: la recette parfaite d'une tarte d'\u00e9t\u00e9 pour d\u00e9guster votre vin de saison !","isPartOf":{"@id":"https:\/\/chateausuau.com\/fr\/#website"},"primaryImageOfPage":{"@id":"https:\/\/chateausuau.com\/fr\/tartes-ete\/#primaryimage"},"image":{"@id":"https:\/\/chateausuau.com\/fr\/tartes-ete\/#primaryimage"},"thumbnailUrl":"https:\/\/chateausuau.com\/wp-content\/uploads\/2017\/06\/tartes-ete-quiche.jpg","datePublished":"2017-06-27T09:00:10+00:00","dateModified":"2019-07-08T16:00:37+00:00","author":{"@id":"https:\/\/chateausuau.com\/fr\/#\/schema\/person\/63580fd9d6311d85bfe8ebdc5d3bb684"},"description":"Apprenez \u00e1 r\u00e9aliser une quiche qui annonce le d\u00e9but de l'\u00e9t\u00e9 et \u00e0 l'accorder \u00e0 un bon vin ! Ne ratez pas cette recette rapide de tarte qui est d\u00e9licieuse !","breadcrumb":{"@id":"https:\/\/chateausuau.com\/fr\/tartes-ete\/#breadcrumb"},"inLanguage":"fr-FR","potentialAction":[{"@type":"ReadAction","target":["https:\/\/chateausuau.com\/fr\/tartes-ete\/"]}]},{"@type":"ImageObject","inLanguage":"fr-FR","@id":"https:\/\/chateausuau.com\/fr\/tartes-ete\/#primaryimage","url":"https:\/\/chateausuau.com\/wp-content\/uploads\/2017\/06\/tartes-ete-quiche.jpg","contentUrl":"https:\/\/chateausuau.com\/wp-content\/uploads\/2017\/06\/tartes-ete-quiche.jpg","width":1200,"height":1056,"caption":"Cr\u00e9dits photo : Delphine Pocard"},{"@type":"BreadcrumbList","@id":"https:\/\/chateausuau.com\/fr\/tartes-ete\/#breadcrumb","itemListElement":[{"@type":"ListItem","position":1,"name":"Accueil","item":"https:\/\/chateausuau.com\/fr\/"},{"@type":"ListItem","position":2,"name":"Quiche estivale : la recette parfaite pour d\u00e9guster votre vin de saison !"}]},{"@type":"WebSite","@id":"https:\/\/chateausuau.com\/fr\/#website","url":"https:\/\/chateausuau.com\/fr\/","name":"Chateau Suau","description":"Chateau Suau Winery. Official Webiste","potentialAction":[{"@type":"SearchAction","target":{"@type":"EntryPoint","urlTemplate":"https:\/\/chateausuau.com\/fr\/?s={search_term_string}"},"query-input":{"@type":"PropertyValueSpecification","valueRequired":true,"valueName":"search_term_string"}}],"inLanguage":"fr-FR"},{"@type":"Person","@id":"https:\/\/chateausuau.com\/fr\/#\/schema\/person\/63580fd9d6311d85bfe8ebdc5d3bb684","name":"Delphine Pocard","image":{"@type":"ImageObject","inLanguage":"fr-FR","@id":"https:\/\/chateausuau.com\/wp-content\/uploads\/2017\/06\/foto_Delphine-Pocard_bio-100x100.jpg","url":"https:\/\/chateausuau.com\/wp-content\/uploads\/2017\/06\/foto_Delphine-Pocard_bio-100x100.jpg","contentUrl":"https:\/\/chateausuau.com\/wp-content\/uploads\/2017\/06\/foto_Delphine-Pocard_bio-100x100.jpg","caption":"Delphine Pocard"},"description":"Blogueuse, auteure et photographe culinaire, Delphine POCARD a toujours baign\u00e9 dans un univers o\u00f9 la cuisine saine est essentielle. Elle partage sa passion depuis plus de trois ans et toujours avec autant d'enthousiasme sur son blog cuisipat.com.","sameAs":["http:\/\/cuisipat.com\/"]}]}},"_links":{"self":[{"href":"https:\/\/chateausuau.com\/fr\/wp-json\/wp\/v2\/posts\/3191","targetHints":{"allow":["GET"]}}],"collection":[{"href":"https:\/\/chateausuau.com\/fr\/wp-json\/wp\/v2\/posts"}],"about":[{"href":"https:\/\/chateausuau.com\/fr\/wp-json\/wp\/v2\/types\/post"}],"author":[{"embeddable":true,"href":"https:\/\/chateausuau.com\/fr\/wp-json\/wp\/v2\/users\/22"}],"replies":[{"embeddable":true,"href":"https:\/\/chateausuau.com\/fr\/wp-json\/wp\/v2\/comments?post=3191"}],"version-history":[{"count":0,"href":"https:\/\/chateausuau.com\/fr\/wp-json\/wp\/v2\/posts\/3191\/revisions"}],"wp:featuredmedia":[{"embeddable":true,"href":"https:\/\/chateausuau.com\/fr\/wp-json\/wp\/v2\/media\/3192"}],"wp:attachment":[{"href":"https:\/\/chateausuau.com\/fr\/wp-json\/wp\/v2\/media?parent=3191"}],"wp:term":[{"taxonomy":"category","embeddable":true,"href":"https:\/\/chateausuau.com\/fr\/wp-json\/wp\/v2\/categories?post=3191"},{"taxonomy":"post_tag","embeddable":true,"href":"https:\/\/chateausuau.com\/fr\/wp-json\/wp\/v2\/tags?post=3191"}],"curies":[{"name":"wp","href":"https:\/\/api.w.org\/{rel}","templated":true}]}}