{"id":3072,"date":"2018-03-21T10:03:44","date_gmt":"2018-03-21T10:03:44","guid":{"rendered":"http:\/\/chateausuau.com\/?p=3072"},"modified":"2019-07-08T18:01:10","modified_gmt":"2019-07-08T16:01:10","slug":"prowein-2018-avec-les-vignerons-bios","status":"publish","type":"post","link":"https:\/\/chateausuau.com\/fr\/prowein-2018-avec-les-vignerons-bios\/","title":{"rendered":"Prowein 2018 avec les vignerons bios"},"content":{"rendered":"<p><img loading=\"lazy\" decoding=\"async\" class=\"aligncenter wp-image-4208 size-large\" src=\"http:\/\/chateausuau.com\/wp-content\/uploads\/2017\/03\/directeur-civb-et-monique-bonnet-768x1024.jpg\" alt=\"\" width=\"750\" height=\"1000\" srcset=\"https:\/\/chateausuau.com\/wp-content\/uploads\/2017\/03\/directeur-civb-et-monique-bonnet-768x1024.jpg 768w, https:\/\/chateausuau.com\/wp-content\/uploads\/2017\/03\/directeur-civb-et-monique-bonnet-225x300.jpg 225w, https:\/\/chateausuau.com\/wp-content\/uploads\/2017\/03\/directeur-civb-et-monique-bonnet.jpg 1536w\" sizes=\"auto, (max-width: 750px) 100vw, 750px\" \/><\/p>\n<p><span style=\"font-weight: 400;\">Prowein (Allemagne), le premier salon des vins et spiritueux est un incontournable dans le monde du vin. C\u2019est bien pr\u00e9par\u00e9s que nous avons embarqu\u00e9 pour D\u00fcsseldorf au mois de mars dernier pour rejoindre les 300 r\u00e9gions viticoles pr\u00e9sentes. Imaginez des halls avec au total plus de 6500 exposants venus de 60 pays ! Les acheteurs du monde entier ont aussi fait le d\u00e9placement, repr\u00e9sentant un total de pr\u00e8s de 60 000 visiteurs. <\/span><\/p>\n<p><span style=\"font-weight: 400;\">Le ch\u00e2teau Suau est l\u00e0 tous les ans avec <\/span><a href=\"http:\/\/www.vigneronsbionouvelleaquitaine.fr\/agendas-des-vignerons-bio\/prowein-french-organic-wines\/\"><span style=\"font-weight: 400;\">les Vignerons Bio de Nouvelle-Aquitaine<\/span><\/a><span style=\"font-weight: 400;\"> au coeur du pavillon France avec 30 vignerons de l\u2019hexagone. C\u2019est l\u2019occasion pour nous de voir nos clients : les am\u00e9ricains, les russes, les acheteurs d\u2019europe du nord et m\u00eame certains fran\u00e7ais !<\/span><\/p>\n<p>&nbsp;<\/p>\n<h2><span style=\"font-weight: 400;\">Un challenge<\/span><\/h2>\n<p><span style=\"font-weight: 400;\">Imaginez D\u00fcsseldorf au mois de mars, cette ann\u00e9e sous la neige. C\u2019est un salon tr\u00e8s studieux o\u00f9 l\u2019on se focalise sur le travail. Le temps des visiteurs est compt\u00e9, et il s\u2019agit de se d\u00e9marquer. Chaque ann\u00e9e, \u00e7a reste un vrai challenge !<\/span><\/p>\n<p>&nbsp;<\/p>\n<h2><span style=\"font-weight: 400;\">Les vins du monde entier et Bordeaux<\/span><\/h2>\n<p><img loading=\"lazy\" decoding=\"async\" class=\"aligncenter size-full wp-image-4209\" src=\"http:\/\/chateausuau.com\/wp-content\/uploads\/2017\/03\/ecole-du-vin-de-bordeaux.jpg\" alt=\"\" width=\"2048\" height=\"1536\" srcset=\"https:\/\/chateausuau.com\/wp-content\/uploads\/2017\/03\/ecole-du-vin-de-bordeaux.jpg 2048w, https:\/\/chateausuau.com\/wp-content\/uploads\/2017\/03\/ecole-du-vin-de-bordeaux-300x225.jpg 300w, https:\/\/chateausuau.com\/wp-content\/uploads\/2017\/03\/ecole-du-vin-de-bordeaux-768x576.jpg 768w, https:\/\/chateausuau.com\/wp-content\/uploads\/2017\/03\/ecole-du-vin-de-bordeaux-1024x768.jpg 1024w\" sizes=\"auto, (max-width: 2048px) 100vw, 2048px\" \/><\/p>\n<p><span style=\"font-weight: 400;\">Non loin des vins du nouveau monde, qui repr\u00e9sentent une partie du salon, les vins de Bordeaux gardent leur place et sont souvent un passage oblig\u00e9 dans le planning de visite des acheteurs.<\/span><\/p>\n<p><span style=\"font-weight: 400;\">Cette ann\u00e9e encore, nos vins \u00e9taient pr\u00e9sents sur l\u2019<\/span><a href=\"https:\/\/www.bordeaux.com\/wschool\/fr\/ecoleduvin\"><span style=\"font-weight: 400;\">Ecole du Vin de Bordeaux<\/span><\/a><span style=\"font-weight: 400;\"> pour repr\u00e9senter certaines cat\u00e9gories. Nous avons eu l\u2019honneur de repr\u00e9senter les vins bios \u00e0 la masterclass <\/span><i><span style=\"font-weight: 400;\">\u201cBordeaux goes green\u201d<\/span><\/i><span style=\"font-weight: 400;\"> avec notre Cadillac C\u00f4tes de Bordeaux. Notre cuv\u00e9e Semper Viva (sans soufre ajout\u00e9) a eu sa place dans la pr\u00e9sentation sur <\/span><i><span style=\"font-weight: 400;\">\u201cLes Rouges contemporains pour les go\u00fbts d\u2019aujourd\u2019hui\u201d<\/span><\/i><span style=\"font-weight: 400;\"> alors que notre Bordeaux blanc est all\u00e9 rejoindre la masterclass sur les blancs secs de Bordeaux. Un grand succ\u00e8s !<\/span><\/p>\n<p>&nbsp;<\/p>\n<h2><span style=\"font-weight: 400;\">Une demande importante en bio<\/span><\/h2>\n<p><span style=\"font-weight: 400;\">Les clients sont int\u00e9ress\u00e9s par le bio, la demande \u00e9tant particuli\u00e8rement dynamique en Europe mais l\u2019important avant tout, c\u2019est que le vin soit bon ! Nous avons l\u2019avantage d\u2019avoir une gamme large pour r\u00e9pondre aux diff\u00e9rents besoins des clients. Ceux-ci appr\u00e9cient aussi la rigueur de notre \u00e9quipe technique et notre fiabilit\u00e9 logistique.<\/span><\/p>\n<p><span style=\"font-weight: 400;\">Pour ceux qui s\u2019int\u00e9ressent de pr\u00e8s \u00e0 la progression des vins bios, <\/span><a href=\"https:\/\/www.prowein.fr\/cgi-bin\/md_prowein\/lib\/pub\/tt.cgi\/ProWein_2018_%E2%80%93_un_programme_encadrant_prestigieux_en_tant_que_source_d%E2%80%99information_pour_les_pros_du_vin_et_des_spiritueux.html?oid=34262&amp;lang=3&amp;ticket=g_u_e_s_t\"><span style=\"font-weight: 400;\">une dizaine de pr\u00e9sentations permettaient d\u2019approfondir le sujet<\/span><\/a><span style=\"font-weight: 400;\"> comme par exemple sur le stand de Demeter : le bio, pour les \u00e9lites ou pour la masse ?<\/span><\/p>\n<p><img loading=\"lazy\" decoding=\"async\" class=\"aligncenter wp-image-4210 size-large\" src=\"http:\/\/chateausuau.com\/wp-content\/uploads\/2017\/03\/Laure-at-Suau-576x1024.jpg\" alt=\"\" width=\"576\" height=\"1024\" srcset=\"https:\/\/chateausuau.com\/wp-content\/uploads\/2017\/03\/Laure-at-Suau-576x1024.jpg 576w, https:\/\/chateausuau.com\/wp-content\/uploads\/2017\/03\/Laure-at-Suau-169x300.jpg 169w, https:\/\/chateausuau.com\/wp-content\/uploads\/2017\/03\/Laure-at-Suau-768x1365.jpg 768w, https:\/\/chateausuau.com\/wp-content\/uploads\/2017\/03\/Laure-at-Suau.jpg 774w\" sizes=\"auto, (max-width: 576px) 100vw, 576px\" \/><\/p>\n<p>&nbsp;<\/p>\n","protected":false},"excerpt":{"rendered":"<p>Prowein (Allemagne), le premier salon des vins et spiritueux est un incontournable dans le monde du vin. C\u2019est bien pr\u00e9par\u00e9s que nous avons embarqu\u00e9 pour D\u00fcsseldorf au mois de mars dernier pour rejoindre les 300 r\u00e9gions viticoles pr\u00e9sentes. Imaginez des halls avec au total plus de 6500 exposants venus de 60 pays ! Les acheteurs [&hellip;]<\/p>\n","protected":false},"author":20,"featured_media":4208,"comment_status":"open","ping_status":"open","sticky":false,"template":"","format":"standard","meta":{"_acf_changed":false,"footnotes":""},"categories":[16],"tags":[113,654,655],"class_list":["post-3072","post","type-post","status-publish","format-standard","has-post-thumbnail","hentry","category-nouvelles-suau","tag-oenologie","tag-prowein","tag-salon"],"acf":[],"yoast_head":"<!-- This site is optimized with the Yoast SEO plugin v28.3 - https:\/\/yoast.com\/product\/yoast-seo-wordpress\/ -->\n<title>ProWein 2018 : Salon International de Vin en Allemagne<\/title>\n<meta name=\"description\" content=\"Petit reportage de notre venue \u00e0 Prowein 2018, salon international du vin en Allemagne. Nous avons eu l&#039;occasion de mettre en avant nos vins.\" \/>\n<meta name=\"robots\" content=\"index, follow, max-snippet:-1, max-image-preview:large, max-video-preview:-1\" \/>\n<link rel=\"canonical\" href=\"https:\/\/chateausuau.com\/fr\/prowein-2018-avec-les-vignerons-bios\/\" \/>\n<meta property=\"og:locale\" content=\"fr_FR\" \/>\n<meta property=\"og:type\" content=\"article\" \/>\n<meta property=\"og:title\" content=\"ProWein 2018 : Salon International de Vin en Allemagne\" \/>\n<meta property=\"og:description\" content=\"Petit reportage de notre venue \u00e0 Prowein 2018, salon international du vin en Allemagne. Nous avons eu l&#039;occasion de mettre en avant nos vins.\" \/>\n<meta property=\"og:url\" content=\"https:\/\/chateausuau.com\/fr\/prowein-2018-avec-les-vignerons-bios\/\" \/>\n<meta property=\"og:site_name\" content=\"Chateau Suau\" \/>\n<meta property=\"article:published_time\" content=\"2018-03-21T10:03:44+00:00\" \/>\n<meta property=\"article:modified_time\" content=\"2019-07-08T16:01:10+00:00\" \/>\n<meta property=\"og:image\" content=\"https:\/\/chateausuau.com\/wp-content\/uploads\/2017\/03\/directeur-civb-et-monique-bonnet.jpg\" \/>\n\t<meta property=\"og:image:width\" content=\"1536\" \/>\n\t<meta property=\"og:image:height\" content=\"2048\" \/>\n\t<meta property=\"og:image:type\" content=\"image\/jpeg\" \/>\n<meta name=\"author\" content=\"Ch\u00e2teau Suau\" \/>\n<meta name=\"twitter:label1\" content=\"\u00c9crit par\" \/>\n\t<meta name=\"twitter:data1\" content=\"Ch\u00e2teau Suau\" \/>\n\t<meta name=\"twitter:label2\" content=\"Dur\u00e9e de lecture estim\u00e9e\" \/>\n\t<meta name=\"twitter:data2\" content=\"2 minutes\" \/>\n<script type=\"application\/ld+json\" class=\"yoast-schema-graph\">{\"@context\":\"https:\\\/\\\/schema.org\",\"@graph\":[{\"@type\":\"Article\",\"@id\":\"https:\\\/\\\/chateausuau.com\\\/fr\\\/prowein-2018-avec-les-vignerons-bios\\\/#article\",\"isPartOf\":{\"@id\":\"https:\\\/\\\/chateausuau.com\\\/fr\\\/prowein-2018-avec-les-vignerons-bios\\\/\"},\"author\":{\"name\":\"Ch\u00e2teau Suau\",\"@id\":\"https:\\\/\\\/chateausuau.com\\\/fr\\\/#\\\/schema\\\/person\\\/c36f588105d6c70cb54d4a7a964c8f97\"},\"headline\":\"Prowein 2018 avec les vignerons bios\",\"datePublished\":\"2018-03-21T10:03:44+00:00\",\"dateModified\":\"2019-07-08T16:01:10+00:00\",\"mainEntityOfPage\":{\"@id\":\"https:\\\/\\\/chateausuau.com\\\/fr\\\/prowein-2018-avec-les-vignerons-bios\\\/\"},\"wordCount\":428,\"commentCount\":0,\"image\":{\"@id\":\"https:\\\/\\\/chateausuau.com\\\/fr\\\/prowein-2018-avec-les-vignerons-bios\\\/#primaryimage\"},\"thumbnailUrl\":\"https:\\\/\\\/chateausuau.com\\\/wp-content\\\/uploads\\\/2017\\\/03\\\/directeur-civb-et-monique-bonnet.jpg\",\"keywords\":[\"Oenologie\",\"prowein\",\"salon\"],\"articleSection\":[\"La vie \u00e0 Suau\"],\"inLanguage\":\"fr-FR\",\"potentialAction\":[{\"@type\":\"CommentAction\",\"name\":\"Comment\",\"target\":[\"https:\\\/\\\/chateausuau.com\\\/fr\\\/prowein-2018-avec-les-vignerons-bios\\\/#respond\"]}]},{\"@type\":\"WebPage\",\"@id\":\"https:\\\/\\\/chateausuau.com\\\/fr\\\/prowein-2018-avec-les-vignerons-bios\\\/\",\"url\":\"https:\\\/\\\/chateausuau.com\\\/fr\\\/prowein-2018-avec-les-vignerons-bios\\\/\",\"name\":\"ProWein 2018 : Salon International de Vin en Allemagne\",\"isPartOf\":{\"@id\":\"https:\\\/\\\/chateausuau.com\\\/fr\\\/#website\"},\"primaryImageOfPage\":{\"@id\":\"https:\\\/\\\/chateausuau.com\\\/fr\\\/prowein-2018-avec-les-vignerons-bios\\\/#primaryimage\"},\"image\":{\"@id\":\"https:\\\/\\\/chateausuau.com\\\/fr\\\/prowein-2018-avec-les-vignerons-bios\\\/#primaryimage\"},\"thumbnailUrl\":\"https:\\\/\\\/chateausuau.com\\\/wp-content\\\/uploads\\\/2017\\\/03\\\/directeur-civb-et-monique-bonnet.jpg\",\"datePublished\":\"2018-03-21T10:03:44+00:00\",\"dateModified\":\"2019-07-08T16:01:10+00:00\",\"author\":{\"@id\":\"https:\\\/\\\/chateausuau.com\\\/fr\\\/#\\\/schema\\\/person\\\/c36f588105d6c70cb54d4a7a964c8f97\"},\"description\":\"Petit reportage de notre venue \u00e0 Prowein 2018, salon international du vin en Allemagne. Nous avons eu l'occasion de mettre en avant nos vins.\",\"breadcrumb\":{\"@id\":\"https:\\\/\\\/chateausuau.com\\\/fr\\\/prowein-2018-avec-les-vignerons-bios\\\/#breadcrumb\"},\"inLanguage\":\"fr-FR\",\"potentialAction\":[{\"@type\":\"ReadAction\",\"target\":[\"https:\\\/\\\/chateausuau.com\\\/fr\\\/prowein-2018-avec-les-vignerons-bios\\\/\"]}]},{\"@type\":\"ImageObject\",\"inLanguage\":\"fr-FR\",\"@id\":\"https:\\\/\\\/chateausuau.com\\\/fr\\\/prowein-2018-avec-les-vignerons-bios\\\/#primaryimage\",\"url\":\"https:\\\/\\\/chateausuau.com\\\/wp-content\\\/uploads\\\/2017\\\/03\\\/directeur-civb-et-monique-bonnet.jpg\",\"contentUrl\":\"https:\\\/\\\/chateausuau.com\\\/wp-content\\\/uploads\\\/2017\\\/03\\\/directeur-civb-et-monique-bonnet.jpg\",\"width\":1536,\"height\":2048},{\"@type\":\"BreadcrumbList\",\"@id\":\"https:\\\/\\\/chateausuau.com\\\/fr\\\/prowein-2018-avec-les-vignerons-bios\\\/#breadcrumb\",\"itemListElement\":[{\"@type\":\"ListItem\",\"position\":1,\"name\":\"Accueil\",\"item\":\"https:\\\/\\\/chateausuau.com\\\/fr\\\/\"},{\"@type\":\"ListItem\",\"position\":2,\"name\":\"Prowein 2018 avec les vignerons bios\"}]},{\"@type\":\"WebSite\",\"@id\":\"https:\\\/\\\/chateausuau.com\\\/fr\\\/#website\",\"url\":\"https:\\\/\\\/chateausuau.com\\\/fr\\\/\",\"name\":\"Chateau Suau\",\"description\":\"Chateau Suau Winery. Official Webiste\",\"potentialAction\":[{\"@type\":\"SearchAction\",\"target\":{\"@type\":\"EntryPoint\",\"urlTemplate\":\"https:\\\/\\\/chateausuau.com\\\/fr\\\/?s={search_term_string}\"},\"query-input\":{\"@type\":\"PropertyValueSpecification\",\"valueRequired\":true,\"valueName\":\"search_term_string\"}}],\"inLanguage\":\"fr-FR\"},{\"@type\":\"Person\",\"@id\":\"https:\\\/\\\/chateausuau.com\\\/fr\\\/#\\\/schema\\\/person\\\/c36f588105d6c70cb54d4a7a964c8f97\",\"name\":\"Ch\u00e2teau Suau\",\"image\":{\"@type\":\"ImageObject\",\"inLanguage\":\"fr-FR\",\"@id\":\"https:\\\/\\\/secure.gravatar.com\\\/avatar\\\/76cd212bea0162cb81cf25ee86329167739e1c04ffdc2757aeddd8f6569f66bc?s=96&d=mm&r=g\",\"url\":\"https:\\\/\\\/secure.gravatar.com\\\/avatar\\\/76cd212bea0162cb81cf25ee86329167739e1c04ffdc2757aeddd8f6569f66bc?s=96&d=mm&r=g\",\"contentUrl\":\"https:\\\/\\\/secure.gravatar.com\\\/avatar\\\/76cd212bea0162cb81cf25ee86329167739e1c04ffdc2757aeddd8f6569f66bc?s=96&d=mm&r=g\",\"caption\":\"Ch\u00e2teau Suau\"}}]}<\/script>\n<!-- \/ Yoast SEO plugin. -->","yoast_head_json":{"title":"ProWein 2018 : Salon International de Vin en Allemagne","description":"Petit reportage de notre venue \u00e0 Prowein 2018, salon international du vin en Allemagne. Nous avons eu l'occasion de mettre en avant nos vins.","robots":{"index":"index","follow":"follow","max-snippet":"max-snippet:-1","max-image-preview":"max-image-preview:large","max-video-preview":"max-video-preview:-1"},"canonical":"https:\/\/chateausuau.com\/fr\/prowein-2018-avec-les-vignerons-bios\/","og_locale":"fr_FR","og_type":"article","og_title":"ProWein 2018 : Salon International de Vin en Allemagne","og_description":"Petit reportage de notre venue \u00e0 Prowein 2018, salon international du vin en Allemagne. Nous avons eu l'occasion de mettre en avant nos vins.","og_url":"https:\/\/chateausuau.com\/fr\/prowein-2018-avec-les-vignerons-bios\/","og_site_name":"Chateau Suau","article_published_time":"2018-03-21T10:03:44+00:00","article_modified_time":"2019-07-08T16:01:10+00:00","og_image":[{"width":1536,"height":2048,"url":"https:\/\/chateausuau.com\/wp-content\/uploads\/2017\/03\/directeur-civb-et-monique-bonnet.jpg","type":"image\/jpeg"}],"author":"Ch\u00e2teau Suau","twitter_misc":{"\u00c9crit par":"Ch\u00e2teau Suau","Dur\u00e9e de lecture estim\u00e9e":"2 minutes"},"schema":{"@context":"https:\/\/schema.org","@graph":[{"@type":"Article","@id":"https:\/\/chateausuau.com\/fr\/prowein-2018-avec-les-vignerons-bios\/#article","isPartOf":{"@id":"https:\/\/chateausuau.com\/fr\/prowein-2018-avec-les-vignerons-bios\/"},"author":{"name":"Ch\u00e2teau Suau","@id":"https:\/\/chateausuau.com\/fr\/#\/schema\/person\/c36f588105d6c70cb54d4a7a964c8f97"},"headline":"Prowein 2018 avec les vignerons bios","datePublished":"2018-03-21T10:03:44+00:00","dateModified":"2019-07-08T16:01:10+00:00","mainEntityOfPage":{"@id":"https:\/\/chateausuau.com\/fr\/prowein-2018-avec-les-vignerons-bios\/"},"wordCount":428,"commentCount":0,"image":{"@id":"https:\/\/chateausuau.com\/fr\/prowein-2018-avec-les-vignerons-bios\/#primaryimage"},"thumbnailUrl":"https:\/\/chateausuau.com\/wp-content\/uploads\/2017\/03\/directeur-civb-et-monique-bonnet.jpg","keywords":["Oenologie","prowein","salon"],"articleSection":["La vie \u00e0 Suau"],"inLanguage":"fr-FR","potentialAction":[{"@type":"CommentAction","name":"Comment","target":["https:\/\/chateausuau.com\/fr\/prowein-2018-avec-les-vignerons-bios\/#respond"]}]},{"@type":"WebPage","@id":"https:\/\/chateausuau.com\/fr\/prowein-2018-avec-les-vignerons-bios\/","url":"https:\/\/chateausuau.com\/fr\/prowein-2018-avec-les-vignerons-bios\/","name":"ProWein 2018 : Salon International de Vin en Allemagne","isPartOf":{"@id":"https:\/\/chateausuau.com\/fr\/#website"},"primaryImageOfPage":{"@id":"https:\/\/chateausuau.com\/fr\/prowein-2018-avec-les-vignerons-bios\/#primaryimage"},"image":{"@id":"https:\/\/chateausuau.com\/fr\/prowein-2018-avec-les-vignerons-bios\/#primaryimage"},"thumbnailUrl":"https:\/\/chateausuau.com\/wp-content\/uploads\/2017\/03\/directeur-civb-et-monique-bonnet.jpg","datePublished":"2018-03-21T10:03:44+00:00","dateModified":"2019-07-08T16:01:10+00:00","author":{"@id":"https:\/\/chateausuau.com\/fr\/#\/schema\/person\/c36f588105d6c70cb54d4a7a964c8f97"},"description":"Petit reportage de notre venue \u00e0 Prowein 2018, salon international du vin en Allemagne. Nous avons eu l'occasion de mettre en avant nos vins.","breadcrumb":{"@id":"https:\/\/chateausuau.com\/fr\/prowein-2018-avec-les-vignerons-bios\/#breadcrumb"},"inLanguage":"fr-FR","potentialAction":[{"@type":"ReadAction","target":["https:\/\/chateausuau.com\/fr\/prowein-2018-avec-les-vignerons-bios\/"]}]},{"@type":"ImageObject","inLanguage":"fr-FR","@id":"https:\/\/chateausuau.com\/fr\/prowein-2018-avec-les-vignerons-bios\/#primaryimage","url":"https:\/\/chateausuau.com\/wp-content\/uploads\/2017\/03\/directeur-civb-et-monique-bonnet.jpg","contentUrl":"https:\/\/chateausuau.com\/wp-content\/uploads\/2017\/03\/directeur-civb-et-monique-bonnet.jpg","width":1536,"height":2048},{"@type":"BreadcrumbList","@id":"https:\/\/chateausuau.com\/fr\/prowein-2018-avec-les-vignerons-bios\/#breadcrumb","itemListElement":[{"@type":"ListItem","position":1,"name":"Accueil","item":"https:\/\/chateausuau.com\/fr\/"},{"@type":"ListItem","position":2,"name":"Prowein 2018 avec les vignerons bios"}]},{"@type":"WebSite","@id":"https:\/\/chateausuau.com\/fr\/#website","url":"https:\/\/chateausuau.com\/fr\/","name":"Chateau Suau","description":"Chateau Suau Winery. Official Webiste","potentialAction":[{"@type":"SearchAction","target":{"@type":"EntryPoint","urlTemplate":"https:\/\/chateausuau.com\/fr\/?s={search_term_string}"},"query-input":{"@type":"PropertyValueSpecification","valueRequired":true,"valueName":"search_term_string"}}],"inLanguage":"fr-FR"},{"@type":"Person","@id":"https:\/\/chateausuau.com\/fr\/#\/schema\/person\/c36f588105d6c70cb54d4a7a964c8f97","name":"Ch\u00e2teau Suau","image":{"@type":"ImageObject","inLanguage":"fr-FR","@id":"https:\/\/secure.gravatar.com\/avatar\/76cd212bea0162cb81cf25ee86329167739e1c04ffdc2757aeddd8f6569f66bc?s=96&d=mm&r=g","url":"https:\/\/secure.gravatar.com\/avatar\/76cd212bea0162cb81cf25ee86329167739e1c04ffdc2757aeddd8f6569f66bc?s=96&d=mm&r=g","contentUrl":"https:\/\/secure.gravatar.com\/avatar\/76cd212bea0162cb81cf25ee86329167739e1c04ffdc2757aeddd8f6569f66bc?s=96&d=mm&r=g","caption":"Ch\u00e2teau Suau"}}]}},"_links":{"self":[{"href":"https:\/\/chateausuau.com\/fr\/wp-json\/wp\/v2\/posts\/3072","targetHints":{"allow":["GET"]}}],"collection":[{"href":"https:\/\/chateausuau.com\/fr\/wp-json\/wp\/v2\/posts"}],"about":[{"href":"https:\/\/chateausuau.com\/fr\/wp-json\/wp\/v2\/types\/post"}],"author":[{"embeddable":true,"href":"https:\/\/chateausuau.com\/fr\/wp-json\/wp\/v2\/users\/20"}],"replies":[{"embeddable":true,"href":"https:\/\/chateausuau.com\/fr\/wp-json\/wp\/v2\/comments?post=3072"}],"version-history":[{"count":0,"href":"https:\/\/chateausuau.com\/fr\/wp-json\/wp\/v2\/posts\/3072\/revisions"}],"wp:featuredmedia":[{"embeddable":true,"href":"https:\/\/chateausuau.com\/fr\/wp-json\/wp\/v2\/media\/4208"}],"wp:attachment":[{"href":"https:\/\/chateausuau.com\/fr\/wp-json\/wp\/v2\/media?parent=3072"}],"wp:term":[{"taxonomy":"category","embeddable":true,"href":"https:\/\/chateausuau.com\/fr\/wp-json\/wp\/v2\/categories?post=3072"},{"taxonomy":"post_tag","embeddable":true,"href":"https:\/\/chateausuau.com\/fr\/wp-json\/wp\/v2\/tags?post=3072"}],"curies":[{"name":"wp","href":"https:\/\/api.w.org\/{rel}","templated":true}]}}