{"id":2620,"date":"2016-09-23T16:43:24","date_gmt":"2016-09-23T14:43:24","guid":{"rendered":"http:\/\/chateausuau.com\/?p=2620"},"modified":"2020-01-28T11:07:10","modified_gmt":"2020-01-28T10:07:10","slug":"calendrier-des-vendanges","status":"publish","type":"post","link":"https:\/\/chateausuau.com\/fr\/calendrier-des-vendanges\/","title":{"rendered":"Le calendrier des vendanges, c\u00e9page par c\u00e9page"},"content":{"rendered":"<p><img loading=\"lazy\" decoding=\"async\" class=\"alignnone size-full wp-image-2623\" src=\"http:\/\/chateausuau.com\/wp-content\/uploads\/2016\/09\/calendrier-des-vendanges.jpg\" alt=\"calendrier des vendanges\" width=\"847\" height=\"517\" srcset=\"https:\/\/chateausuau.com\/wp-content\/uploads\/2016\/09\/calendrier-des-vendanges.jpg 847w, https:\/\/chateausuau.com\/wp-content\/uploads\/2016\/09\/calendrier-des-vendanges-300x183.jpg 300w, https:\/\/chateausuau.com\/wp-content\/uploads\/2016\/09\/calendrier-des-vendanges-768x469.jpg 768w\" sizes=\"auto, (max-width: 847px) 100vw, 847px\" \/><\/p>\n<p><span style=\"font-weight: 400;\">Septembre rime avec vendanges ! Comme chaque ann\u00e9e, <strong>cette p\u00e9riode entre l\u2019automne et l\u2019\u00e9t\u00e9 est symbole de la r\u00e9colte dans les vignes<\/strong>. \u201cQu&rsquo;en septembre il tonne, La vendange est bonne.\u201d Comme le dit ce proverbe, peut importe le temps, il faut ramasser le raisin. Mais il faut dire que nous sommes bien lotis ces derni\u00e8res ann\u00e9es, car la m\u00e9t\u00e9o fut plut\u00f4t cl\u00e9mente et nous permet d\u2019avoir <\/span><a href=\"http:\/\/chateausuau.com\/blog\/millesime-2015-bordeaux\/\"><span style=\"font-weight: 400;\">des mill\u00e9simes de grande qualit\u00e9<\/span><\/a><span style=\"font-weight: 400;\"> ! <strong>Cette ann\u00e9e 2016 ne devrait pas d\u00e9roger \u00e0 la r\u00e8gle<\/strong>, malgr\u00e9 un printemps difficile : l\u2019\u00e9t\u00e9 fut beau et cela a fortement jou\u00e9 sur la qualit\u00e9 du raisin. <\/span><\/p>\n<p><span style=\"font-weight: 400;\">Mais il faut savoir que, comme dans notre vignoble, <strong>diff\u00e9rents c\u00e9pages sont plant\u00e9s et arrivent \u00e0 des maturit\u00e9s diff\u00e9rentes<\/strong>. Il s\u2019agit donc de ramasser le fruit au summum de son \u00e9panouissement. Un v\u00e9ritable jeu d\u2019\u00e9quilibriste, qui demande une connaissance parfaite de son vignoble, pour le vigneron. Voyons ensemble le calendrier des vendanges pour le Ch\u00e2teau Suau, qui compte trois c\u00e9pages de rouge et deux de blanc.<\/span><\/p>\n<h2><span style=\"font-weight: 400;\">Merlot, Cabernet Sauvignon, Cabernet Franc : la vendange des c\u00e9pages rouges<\/span><\/h2>\n<p><span style=\"font-weight: 400;\">En ce qui concerne nos vins rouges, les c\u00e9pages ne sont pas \u00e9gaux. <strong>Le Merlot jouit d\u2019une maturit\u00e9 de premi\u00e8re \u00e9poque<\/strong>, c\u2019est \u00e0 dire qu\u2019il est un des premiers \u00e0 se ramasser dans le vignoble de Bordeaux. Il jouit du risque faible d\u2019\u00eatre ramass\u00e9 en sous-maturit\u00e9, ce qui \u00e9vite les mauvais ar\u00f4mes. <strong>Ce qui n\u2019est pas forc\u00e9ment le cas du Cabernet Sauvignon<\/strong>, avec lequel il faut \u00eatre tr\u00e8s vigilant. Ce dernier est un c\u00e9page qui m\u00fbrit tardivement, il faut donc le vendanger \u00e0 la bonne p\u00e9riode tout en restant attentif au pourrissement de ses baies. Pour ce qui est du <strong>Cabernet Franc, son apog\u00e9e se situe entre les deux premiers cit\u00e9s<\/strong>. Ces trois c\u00e9pages occupent donc \u00e0 eux seuls, une bonne partie des vendanges. Il faut ensuite les vinifier. Qui a dit que le m\u00e9tier de vigneron \u00e9tait facile ?<\/span><\/p>\n<h2><span style=\"font-weight: 400;\">S\u00e9millon, Sauvignon Blanc : la vendange des c\u00e9pages blancs<\/span><\/h2>\n<p><span style=\"font-weight: 400;\">Le c\u00e9page blanc chez nous a deux fonctions : il sert \u00e0 produire du vin liquoreux, notre <\/span><a href=\"http:\/\/chateausuau.com\/nos-vins\/cadillac\/\"><span style=\"font-weight: 400;\">Cadillac<\/span><\/a><span style=\"font-weight: 400;\"> et pour ceci,<strong> le S\u00e9millon et le Sauvignon Blanc doivent g\u00e9n\u00e9rer de la pourriture noble<\/strong> appel\u00e9 <\/span><a href=\"http:\/\/chateausuau.com\/blog\/5-choses-a-savoir-sur-la-vigne\/\"><span style=\"font-weight: 400;\">botrytis cinerea<\/span><\/a><span style=\"font-weight: 400;\">. Le raisin est en sur-maturation et doit b\u00e9n\u00e9ficier de conditions m\u00e9t\u00e9orologiques tr\u00e8s pr\u00e9cises pour se trouver dans ces conditions. La vendange se fait \u00e0 la main, en plusieurs fois, afin de s\u00e9lectionner chaque grain. Un travail de longue haleine. C\u2019est pour cela que nous ne produisons pas de liquoreux chaque ann\u00e9e. Dans un souci de qualit\u00e9, le mill\u00e9sime 2016 ne verra pas la naissance de ce breuvage. Mais rassurez-vous, vous pouvez tout de m\u00eame d\u00e9guster le mill\u00e9sime 2010 ! Le 2015 sera bient\u00f4t sur vos tables.<\/span><\/p>\n<p><span style=\"font-weight: 400;\">Le Sauvignon et le S\u00e9millon ont aussi un autre r\u00f4le \u00e0 jouer : celui de <strong>produire notre <\/strong><\/span><strong><a href=\"http:\/\/chateausuau.com\/nos-vins\/chateau-suau-blanc-sec-aoc-bordeaux-2015\/\">vin blanc sec en AOC Bordeaux<\/a><\/strong><span style=\"font-weight: 400;\">. La maturit\u00e9 est bien plus avanc\u00e9e que celle du liquoreux et il est le premier \u00e0 \u00eatre vendang\u00e9, dans tout notre vignoble. Pour l\u2019ann\u00e9e 2016, c\u2019est autour du 15 septembre qu\u2019a d\u00e9marr\u00e9 la r\u00e9colte.<\/span><\/p>\n<p><span style=\"font-weight: 400;\">Voil\u00e0, vous comprenez qu\u2019il faut du temps pour ramasser une r\u00e9colte. Ensuite, les travaux continue avec tout ce qui a trait \u00e0 la vinification. le vigneron est en pleine effervescence \u00e0 cette \u00e9poque\u2026 et pour un bon moment ! <\/span><\/p>\n","protected":false},"excerpt":{"rendered":"<p>Septembre rime avec vendanges ! Comme chaque ann\u00e9e, cette p\u00e9riode entre l\u2019automne et l\u2019\u00e9t\u00e9 est symbole de la r\u00e9colte dans les vignes. \u201cQu&rsquo;en septembre il tonne, La vendange est bonne.\u201d Comme le dit ce proverbe, peut importe le temps, il faut ramasser le raisin. Mais il faut dire que nous sommes bien lotis ces derni\u00e8res [&hellip;]<\/p>\n","protected":false},"author":15,"featured_media":2623,"comment_status":"open","ping_status":"open","sticky":false,"template":"","format":"standard","meta":{"_acf_changed":false,"footnotes":""},"categories":[16],"tags":[43,70],"class_list":["post-2620","post","type-post","status-publish","format-standard","has-post-thumbnail","hentry","category-nouvelles-suau","tag-cepages","tag-vendanges"],"acf":[],"yoast_head":"<!-- This site is optimized with the Yoast SEO plugin v28.3 - https:\/\/yoast.com\/product\/yoast-seo-wordpress\/ -->\n<title>\u00a0Le calendrier des vendanges, c\u00e9page par c\u00e9page<\/title>\n<meta name=\"description\" content=\"Merlot, Cabernet Sauvignon ou Franc, Sauvignon Blanc, S\u00e9millon : le calendrier des vendanges est charg\u00e9 au Ch\u00e2teau Suau !\u00a0\" \/>\n<meta name=\"robots\" content=\"index, follow, max-snippet:-1, max-image-preview:large, max-video-preview:-1\" \/>\n<link rel=\"canonical\" href=\"https:\/\/chateausuau.com\/fr\/calendrier-des-vendanges\/\" \/>\n<meta property=\"og:locale\" content=\"fr_FR\" \/>\n<meta property=\"og:type\" content=\"article\" \/>\n<meta property=\"og:title\" content=\"\u00a0Le calendrier des vendanges, c\u00e9page par c\u00e9page\" \/>\n<meta property=\"og:description\" content=\"Merlot, Cabernet Sauvignon ou Franc, Sauvignon Blanc, S\u00e9millon : le calendrier des vendanges est charg\u00e9 au Ch\u00e2teau Suau !\u00a0\" \/>\n<meta property=\"og:url\" content=\"https:\/\/chateausuau.com\/fr\/calendrier-des-vendanges\/\" \/>\n<meta property=\"og:site_name\" content=\"Chateau Suau\" \/>\n<meta property=\"article:published_time\" content=\"2016-09-23T14:43:24+00:00\" \/>\n<meta property=\"article:modified_time\" content=\"2020-01-28T10:07:10+00:00\" \/>\n<meta property=\"og:image\" content=\"https:\/\/chateausuau.com\/wp-content\/uploads\/2016\/09\/calendrier-des-vendanges.jpg\" \/>\n\t<meta property=\"og:image:width\" content=\"847\" \/>\n\t<meta property=\"og:image:height\" content=\"517\" \/>\n\t<meta property=\"og:image:type\" content=\"image\/jpeg\" \/>\n<meta name=\"author\" content=\"Matthieu\" \/>\n<meta name=\"twitter:label1\" content=\"\u00c9crit par\" \/>\n\t<meta name=\"twitter:data1\" content=\"Matthieu\" \/>\n\t<meta name=\"twitter:label2\" content=\"Dur\u00e9e de lecture estim\u00e9e\" \/>\n\t<meta name=\"twitter:data2\" content=\"3 minutes\" \/>\n<script type=\"application\/ld+json\" class=\"yoast-schema-graph\">{\"@context\":\"https:\\\/\\\/schema.org\",\"@graph\":[{\"@type\":\"Article\",\"@id\":\"https:\\\/\\\/chateausuau.com\\\/fr\\\/calendrier-des-vendanges\\\/#article\",\"isPartOf\":{\"@id\":\"https:\\\/\\\/chateausuau.com\\\/fr\\\/calendrier-des-vendanges\\\/\"},\"author\":{\"name\":\"Matthieu\",\"@id\":\"https:\\\/\\\/chateausuau.com\\\/fr\\\/#\\\/schema\\\/person\\\/a961e91ba8f7c4de482a79b01d18f220\"},\"headline\":\"Le calendrier des vendanges, c\u00e9page par c\u00e9page\",\"datePublished\":\"2016-09-23T14:43:24+00:00\",\"dateModified\":\"2020-01-28T10:07:10+00:00\",\"mainEntityOfPage\":{\"@id\":\"https:\\\/\\\/chateausuau.com\\\/fr\\\/calendrier-des-vendanges\\\/\"},\"wordCount\":602,\"commentCount\":0,\"image\":{\"@id\":\"https:\\\/\\\/chateausuau.com\\\/fr\\\/calendrier-des-vendanges\\\/#primaryimage\"},\"thumbnailUrl\":\"https:\\\/\\\/chateausuau.com\\\/wp-content\\\/uploads\\\/2016\\\/09\\\/calendrier-des-vendanges.jpg\",\"keywords\":[\"C\u00e9pages\",\"Vendanges\"],\"articleSection\":[\"La vie \u00e0 Suau\"],\"inLanguage\":\"fr-FR\",\"potentialAction\":[{\"@type\":\"CommentAction\",\"name\":\"Comment\",\"target\":[\"https:\\\/\\\/chateausuau.com\\\/fr\\\/calendrier-des-vendanges\\\/#respond\"]}]},{\"@type\":\"WebPage\",\"@id\":\"https:\\\/\\\/chateausuau.com\\\/fr\\\/calendrier-des-vendanges\\\/\",\"url\":\"https:\\\/\\\/chateausuau.com\\\/fr\\\/calendrier-des-vendanges\\\/\",\"name\":\"\u00a0Le calendrier des vendanges, c\u00e9page par c\u00e9page\",\"isPartOf\":{\"@id\":\"https:\\\/\\\/chateausuau.com\\\/fr\\\/#website\"},\"primaryImageOfPage\":{\"@id\":\"https:\\\/\\\/chateausuau.com\\\/fr\\\/calendrier-des-vendanges\\\/#primaryimage\"},\"image\":{\"@id\":\"https:\\\/\\\/chateausuau.com\\\/fr\\\/calendrier-des-vendanges\\\/#primaryimage\"},\"thumbnailUrl\":\"https:\\\/\\\/chateausuau.com\\\/wp-content\\\/uploads\\\/2016\\\/09\\\/calendrier-des-vendanges.jpg\",\"datePublished\":\"2016-09-23T14:43:24+00:00\",\"dateModified\":\"2020-01-28T10:07:10+00:00\",\"author\":{\"@id\":\"https:\\\/\\\/chateausuau.com\\\/fr\\\/#\\\/schema\\\/person\\\/a961e91ba8f7c4de482a79b01d18f220\"},\"description\":\"Merlot, Cabernet Sauvignon ou Franc, Sauvignon Blanc, S\u00e9millon : le calendrier des vendanges est charg\u00e9 au Ch\u00e2teau Suau !\u00a0\",\"breadcrumb\":{\"@id\":\"https:\\\/\\\/chateausuau.com\\\/fr\\\/calendrier-des-vendanges\\\/#breadcrumb\"},\"inLanguage\":\"fr-FR\",\"potentialAction\":[{\"@type\":\"ReadAction\",\"target\":[\"https:\\\/\\\/chateausuau.com\\\/fr\\\/calendrier-des-vendanges\\\/\"]}]},{\"@type\":\"ImageObject\",\"inLanguage\":\"fr-FR\",\"@id\":\"https:\\\/\\\/chateausuau.com\\\/fr\\\/calendrier-des-vendanges\\\/#primaryimage\",\"url\":\"https:\\\/\\\/chateausuau.com\\\/wp-content\\\/uploads\\\/2016\\\/09\\\/calendrier-des-vendanges.jpg\",\"contentUrl\":\"https:\\\/\\\/chateausuau.com\\\/wp-content\\\/uploads\\\/2016\\\/09\\\/calendrier-des-vendanges.jpg\",\"width\":847,\"height\":517,\"caption\":\"calendrier des vendanges\"},{\"@type\":\"BreadcrumbList\",\"@id\":\"https:\\\/\\\/chateausuau.com\\\/fr\\\/calendrier-des-vendanges\\\/#breadcrumb\",\"itemListElement\":[{\"@type\":\"ListItem\",\"position\":1,\"name\":\"Accueil\",\"item\":\"https:\\\/\\\/chateausuau.com\\\/fr\\\/\"},{\"@type\":\"ListItem\",\"position\":2,\"name\":\"Le calendrier des vendanges, c\u00e9page par c\u00e9page\"}]},{\"@type\":\"WebSite\",\"@id\":\"https:\\\/\\\/chateausuau.com\\\/fr\\\/#website\",\"url\":\"https:\\\/\\\/chateausuau.com\\\/fr\\\/\",\"name\":\"Chateau Suau\",\"description\":\"Chateau Suau Winery. Official Webiste\",\"potentialAction\":[{\"@type\":\"SearchAction\",\"target\":{\"@type\":\"EntryPoint\",\"urlTemplate\":\"https:\\\/\\\/chateausuau.com\\\/fr\\\/?s={search_term_string}\"},\"query-input\":{\"@type\":\"PropertyValueSpecification\",\"valueRequired\":true,\"valueName\":\"search_term_string\"}}],\"inLanguage\":\"fr-FR\"},{\"@type\":\"Person\",\"@id\":\"https:\\\/\\\/chateausuau.com\\\/fr\\\/#\\\/schema\\\/person\\\/a961e91ba8f7c4de482a79b01d18f220\",\"name\":\"Matthieu\",\"image\":{\"@type\":\"ImageObject\",\"inLanguage\":\"fr-FR\",\"@id\":\"https:\\\/\\\/secure.gravatar.com\\\/avatar\\\/115a27531ae884eb997c76a9b6a0de7cb81d7fdbad767193514ecda4396b158f?s=96&d=mm&r=g\",\"url\":\"https:\\\/\\\/secure.gravatar.com\\\/avatar\\\/115a27531ae884eb997c76a9b6a0de7cb81d7fdbad767193514ecda4396b158f?s=96&d=mm&r=g\",\"contentUrl\":\"https:\\\/\\\/secure.gravatar.com\\\/avatar\\\/115a27531ae884eb997c76a9b6a0de7cb81d7fdbad767193514ecda4396b158f?s=96&d=mm&r=g\",\"caption\":\"Matthieu\"}}]}<\/script>\n<!-- \/ Yoast SEO plugin. -->","yoast_head_json":{"title":"\u00a0Le calendrier des vendanges, c\u00e9page par c\u00e9page","description":"Merlot, Cabernet Sauvignon ou Franc, Sauvignon Blanc, S\u00e9millon : le calendrier des vendanges est charg\u00e9 au Ch\u00e2teau Suau !\u00a0","robots":{"index":"index","follow":"follow","max-snippet":"max-snippet:-1","max-image-preview":"max-image-preview:large","max-video-preview":"max-video-preview:-1"},"canonical":"https:\/\/chateausuau.com\/fr\/calendrier-des-vendanges\/","og_locale":"fr_FR","og_type":"article","og_title":"\u00a0Le calendrier des vendanges, c\u00e9page par c\u00e9page","og_description":"Merlot, Cabernet Sauvignon ou Franc, Sauvignon Blanc, S\u00e9millon : le calendrier des vendanges est charg\u00e9 au Ch\u00e2teau Suau !\u00a0","og_url":"https:\/\/chateausuau.com\/fr\/calendrier-des-vendanges\/","og_site_name":"Chateau Suau","article_published_time":"2016-09-23T14:43:24+00:00","article_modified_time":"2020-01-28T10:07:10+00:00","og_image":[{"width":847,"height":517,"url":"https:\/\/chateausuau.com\/wp-content\/uploads\/2016\/09\/calendrier-des-vendanges.jpg","type":"image\/jpeg"}],"author":"Matthieu","twitter_misc":{"\u00c9crit par":"Matthieu","Dur\u00e9e de lecture estim\u00e9e":"3 minutes"},"schema":{"@context":"https:\/\/schema.org","@graph":[{"@type":"Article","@id":"https:\/\/chateausuau.com\/fr\/calendrier-des-vendanges\/#article","isPartOf":{"@id":"https:\/\/chateausuau.com\/fr\/calendrier-des-vendanges\/"},"author":{"name":"Matthieu","@id":"https:\/\/chateausuau.com\/fr\/#\/schema\/person\/a961e91ba8f7c4de482a79b01d18f220"},"headline":"Le calendrier des vendanges, c\u00e9page par c\u00e9page","datePublished":"2016-09-23T14:43:24+00:00","dateModified":"2020-01-28T10:07:10+00:00","mainEntityOfPage":{"@id":"https:\/\/chateausuau.com\/fr\/calendrier-des-vendanges\/"},"wordCount":602,"commentCount":0,"image":{"@id":"https:\/\/chateausuau.com\/fr\/calendrier-des-vendanges\/#primaryimage"},"thumbnailUrl":"https:\/\/chateausuau.com\/wp-content\/uploads\/2016\/09\/calendrier-des-vendanges.jpg","keywords":["C\u00e9pages","Vendanges"],"articleSection":["La vie \u00e0 Suau"],"inLanguage":"fr-FR","potentialAction":[{"@type":"CommentAction","name":"Comment","target":["https:\/\/chateausuau.com\/fr\/calendrier-des-vendanges\/#respond"]}]},{"@type":"WebPage","@id":"https:\/\/chateausuau.com\/fr\/calendrier-des-vendanges\/","url":"https:\/\/chateausuau.com\/fr\/calendrier-des-vendanges\/","name":"\u00a0Le calendrier des vendanges, c\u00e9page par c\u00e9page","isPartOf":{"@id":"https:\/\/chateausuau.com\/fr\/#website"},"primaryImageOfPage":{"@id":"https:\/\/chateausuau.com\/fr\/calendrier-des-vendanges\/#primaryimage"},"image":{"@id":"https:\/\/chateausuau.com\/fr\/calendrier-des-vendanges\/#primaryimage"},"thumbnailUrl":"https:\/\/chateausuau.com\/wp-content\/uploads\/2016\/09\/calendrier-des-vendanges.jpg","datePublished":"2016-09-23T14:43:24+00:00","dateModified":"2020-01-28T10:07:10+00:00","author":{"@id":"https:\/\/chateausuau.com\/fr\/#\/schema\/person\/a961e91ba8f7c4de482a79b01d18f220"},"description":"Merlot, Cabernet Sauvignon ou Franc, Sauvignon Blanc, S\u00e9millon : le calendrier des vendanges est charg\u00e9 au Ch\u00e2teau Suau !\u00a0","breadcrumb":{"@id":"https:\/\/chateausuau.com\/fr\/calendrier-des-vendanges\/#breadcrumb"},"inLanguage":"fr-FR","potentialAction":[{"@type":"ReadAction","target":["https:\/\/chateausuau.com\/fr\/calendrier-des-vendanges\/"]}]},{"@type":"ImageObject","inLanguage":"fr-FR","@id":"https:\/\/chateausuau.com\/fr\/calendrier-des-vendanges\/#primaryimage","url":"https:\/\/chateausuau.com\/wp-content\/uploads\/2016\/09\/calendrier-des-vendanges.jpg","contentUrl":"https:\/\/chateausuau.com\/wp-content\/uploads\/2016\/09\/calendrier-des-vendanges.jpg","width":847,"height":517,"caption":"calendrier des vendanges"},{"@type":"BreadcrumbList","@id":"https:\/\/chateausuau.com\/fr\/calendrier-des-vendanges\/#breadcrumb","itemListElement":[{"@type":"ListItem","position":1,"name":"Accueil","item":"https:\/\/chateausuau.com\/fr\/"},{"@type":"ListItem","position":2,"name":"Le calendrier des vendanges, c\u00e9page par c\u00e9page"}]},{"@type":"WebSite","@id":"https:\/\/chateausuau.com\/fr\/#website","url":"https:\/\/chateausuau.com\/fr\/","name":"Chateau Suau","description":"Chateau Suau Winery. Official Webiste","potentialAction":[{"@type":"SearchAction","target":{"@type":"EntryPoint","urlTemplate":"https:\/\/chateausuau.com\/fr\/?s={search_term_string}"},"query-input":{"@type":"PropertyValueSpecification","valueRequired":true,"valueName":"search_term_string"}}],"inLanguage":"fr-FR"},{"@type":"Person","@id":"https:\/\/chateausuau.com\/fr\/#\/schema\/person\/a961e91ba8f7c4de482a79b01d18f220","name":"Matthieu","image":{"@type":"ImageObject","inLanguage":"fr-FR","@id":"https:\/\/secure.gravatar.com\/avatar\/115a27531ae884eb997c76a9b6a0de7cb81d7fdbad767193514ecda4396b158f?s=96&d=mm&r=g","url":"https:\/\/secure.gravatar.com\/avatar\/115a27531ae884eb997c76a9b6a0de7cb81d7fdbad767193514ecda4396b158f?s=96&d=mm&r=g","contentUrl":"https:\/\/secure.gravatar.com\/avatar\/115a27531ae884eb997c76a9b6a0de7cb81d7fdbad767193514ecda4396b158f?s=96&d=mm&r=g","caption":"Matthieu"}}]}},"_links":{"self":[{"href":"https:\/\/chateausuau.com\/fr\/wp-json\/wp\/v2\/posts\/2620","targetHints":{"allow":["GET"]}}],"collection":[{"href":"https:\/\/chateausuau.com\/fr\/wp-json\/wp\/v2\/posts"}],"about":[{"href":"https:\/\/chateausuau.com\/fr\/wp-json\/wp\/v2\/types\/post"}],"author":[{"embeddable":true,"href":"https:\/\/chateausuau.com\/fr\/wp-json\/wp\/v2\/users\/15"}],"replies":[{"embeddable":true,"href":"https:\/\/chateausuau.com\/fr\/wp-json\/wp\/v2\/comments?post=2620"}],"version-history":[{"count":0,"href":"https:\/\/chateausuau.com\/fr\/wp-json\/wp\/v2\/posts\/2620\/revisions"}],"wp:featuredmedia":[{"embeddable":true,"href":"https:\/\/chateausuau.com\/fr\/wp-json\/wp\/v2\/media\/2623"}],"wp:attachment":[{"href":"https:\/\/chateausuau.com\/fr\/wp-json\/wp\/v2\/media?parent=2620"}],"wp:term":[{"taxonomy":"category","embeddable":true,"href":"https:\/\/chateausuau.com\/fr\/wp-json\/wp\/v2\/categories?post=2620"},{"taxonomy":"post_tag","embeddable":true,"href":"https:\/\/chateausuau.com\/fr\/wp-json\/wp\/v2\/tags?post=2620"}],"curies":[{"name":"wp","href":"https:\/\/api.w.org\/{rel}","templated":true}]}}