{"id":2545,"date":"2016-08-31T09:48:19","date_gmt":"2016-08-31T09:48:19","guid":{"rendered":"http:\/\/chateausuau.com\/?p=2545"},"modified":"2019-07-08T18:00:08","modified_gmt":"2019-07-08T16:00:08","slug":"les-4-plus-belles-plages-de-france","status":"publish","type":"post","link":"https:\/\/chateausuau.com\/fr\/les-4-plus-belles-plages-de-france\/","title":{"rendered":"Les 4 plus belles plages (des \u00eeles) de France"},"content":{"rendered":"<p><img loading=\"lazy\" decoding=\"async\" class=\"alignnone size-full wp-image-2548\" src=\"http:\/\/chateausuau.com\/wp-content\/uploads\/2016\/08\/plages-des---les-de-France.jpg\" alt=\"plages de \u00eeles\" width=\"847\" height=\"498\" srcset=\"https:\/\/chateausuau.com\/wp-content\/uploads\/2016\/08\/plages-des---les-de-France.jpg 847w, https:\/\/chateausuau.com\/wp-content\/uploads\/2016\/08\/plages-des---les-de-France-300x176.jpg 300w, https:\/\/chateausuau.com\/wp-content\/uploads\/2016\/08\/plages-des---les-de-France-768x452.jpg 768w\" sizes=\"auto, (max-width: 847px) 100vw, 847px\" \/><\/p>\n<p><span style=\"font-weight: 400;\">Ao\u00fbt se termine et pourtant<strong> le soleil continue de nous gratifier de sa douceur<\/strong>. Il faut dire que l\u2019\u00e9t\u00e9 n\u2019est pas encore officiellement fini puisqu\u2019il c\u00e9dera sa place \u00e0 l\u2019automne le 21 septembre. Ce qui est g\u00e9nial avec cette p\u00e9riode est sans conteste le d\u00e9part des touristes : si vous avez la chance de vous trouver en vacances \u00e0 ce moment, vous pourrez profiter pleinement des plages pour vous tout seul ! Apr\u00e8s une s\u00e9lection des <\/span><a href=\"http:\/\/chateausuau.com\/blog\/les-meilleures-plage-pres-de-bordeaux\/\"><span style=\"font-weight: 400;\">meilleures plages de Gironde<\/span><\/a><span style=\"font-weight: 400;\"> et de <\/span><a href=\"http:\/\/chateausuau.com\/blog\/les-meilleures-plages-de-la-cote-dazur\/\"><span style=\"font-weight: 400;\">la C\u00f4te d\u2019Azur<\/span><\/a><span style=\"font-weight: 400;\">, il est temps de vous donner notre <strong>top des meilleures plages de France<\/strong> ! Et puisque le ton est au calme, nous allons nous focaliser sur <strong>les plages des \u00eeles qui c\u00f4toient la France<\/strong> ! <\/span><\/p>\n<h2><span style=\"font-weight: 400;\">Direction l\u2019\u00cele de Beaut\u00e9 <\/span><\/h2>\n<p><span style=\"font-weight: 400;\">La plus belle et la plus grande,<strong> la Corse est un petit bout de paradis en soi<\/strong> ! Elle offre une vari\u00e9t\u00e9 de paysages \u00e9poustouflants, ce qui permet une foule d\u2019activit\u00e9s. Ses plages ne font pas exception \u00e0 ce charme, principalement celles de Corse du Sud.<\/span><\/p>\n<p><span style=\"font-weight: 400;\">La <strong>plage de Palombaggia<\/strong> offre un d\u00e9paysement total pour le touriste. L\u2019eau est turquoise, cristalline et le sable tr\u00e8s fin. Elle s\u00e9duit par son c\u00f4t\u00e9 naturel, surtout en hors saison. Les plus sensibles au soleil pourront se r\u00e9fugier sous les nombreux pins maritimes qui offriront un ombrage bienvenue. Une impression de Cara\u00efbes \u00e0 une heure de France seulement !<\/span><\/p>\n<p><span style=\"font-weight: 400;\">Toujours en Corse du Sud, la <strong>plage de Campomoro<\/strong> vous accueille tr\u00e8s difficilement en pleine saison, car les parkings sont vite bond\u00e9s. Mais en septembre, pas de probl\u00e8me ! M\u00eame d\u00e9cor que la plage de Palombaggia &#8211; sable fin, eau limpide et chaude &#8211; mais un charme en plus puisque le lieu est quasiment d\u00e9sert. Ici, pas de village baln\u00e9aire, mais des petites maisons \u00e9parses ici et l\u00e0. L\u2019exaltation est \u00e0 son comble gr\u00e2ce \u00e0 la route magnifique qui vous m\u00e8ne jusqu\u2019\u00e0 la plage, offrant <strong>de nombreux points de vues<\/strong>. Attention, il n\u2019est pas rare d\u2019y croiser sangliers et moutons. Vous vouliez de la nature, vous \u00eates servis !<\/span><\/p>\n<h2><span style=\"font-weight: 400;\">Ol\u00e9ron, l\u2019\u00cele de Lumi\u00e8re<\/span><\/h2>\n<p><span style=\"font-weight: 400;\"><strong>L\u2019\u00eele d\u2019Ol\u00e9ron<\/strong> est un endroit tr\u00e8s pris\u00e9 durant la haute-saison et donc difficilement abordable \u00e0 cette p\u00e9riode. En fin d\u2019\u00e9t\u00e9, la question ne se pose plus ! <strong>La plage des Huttes \u00e0 Saint Denis d\u2019Ol\u00e9ron<\/strong> se situe \u00e0 la pointe de l\u2019\u00eele et fait face \u00e0 l\u2019oc\u00e9an atlantique. Si le surf est votre dada, vous pourrez vous en donner \u00e0 c\u0153ur joie, puisque les vagues sont assez agit\u00e9es par moment. Longue de 5 kilom\u00e8tres, vous ne risquez pas de vous retrouver entass\u00e9s ! Et n\u2019oubliez pas, un restaurant de fruit de mer se situe tr\u00e8s certainement \u00e0 proximit\u00e9 de vous. <\/span><\/p>\n<h2><span style=\"font-weight: 400;\"> En route pour la Bretagne<\/span><\/h2>\n<p><span style=\"font-weight: 400;\">Derni\u00e8re invit\u00e9e de notre s\u00e9lection, une plage sur <strong>l\u2019\u00cele de Groix situ\u00e9e en Bretagne, dans le Morbihan<\/strong>. La plage des Grands Sables est \u00e0 ne pas rater, puisqu\u2019il s\u2019agit de la seule plage convexe de toute l\u2019Europe ! Le vent peut y souffler fort parfois ce qui a pour effet de d\u00e9placer la plage au fil des ann\u00e9es. Une raison de plus pour y retourner fr\u00e9quemment ! L\u2019\u00eele offre en outre une superbe r\u00e9serve naturelle ainsi que des villages typiques qu&rsquo;il vous faut absolument visiter !<\/span><\/p>\n","protected":false},"excerpt":{"rendered":"<p>Ao\u00fbt se termine et pourtant le soleil continue de nous gratifier de sa douceur. Il faut dire que l\u2019\u00e9t\u00e9 n\u2019est pas encore officiellement fini puisqu\u2019il c\u00e9dera sa place \u00e0 l\u2019automne le 21 septembre. Ce qui est g\u00e9nial avec cette p\u00e9riode est sans conteste le d\u00e9part des touristes : si vous avez la chance de vous [&hellip;]<\/p>\n","protected":false},"author":15,"featured_media":2548,"comment_status":"open","ping_status":"open","sticky":false,"template":"","format":"standard","meta":{"_acf_changed":false,"footnotes":""},"categories":[449],"tags":[560,586,559,462],"class_list":["post-2545","post","type-post","status-publish","format-standard","has-post-thumbnail","hentry","category-enotourisme","tag-ete","tag-plage","tag-sortir","tag-tourisme"],"acf":[],"yoast_head":"<!-- This site is optimized with the Yoast SEO plugin v28.3 - https:\/\/yoast.com\/product\/yoast-seo-wordpress\/ -->\n<title>Les 4 plus belles plages des \u00eeles qui longent la France<\/title>\n<meta name=\"description\" content=\"\u00cel d&#039;Ol\u00e9ron, \u00eele de Groix ou encore bien \u00e9videmment la Corse : les plages des \u00eeles vous offrent bien souvent des paysages uniques, m\u00eame en basse saison !\" \/>\n<meta name=\"robots\" content=\"index, follow, max-snippet:-1, max-image-preview:large, max-video-preview:-1\" \/>\n<link rel=\"canonical\" href=\"https:\/\/chateausuau.com\/fr\/les-4-plus-belles-plages-de-france\/\" \/>\n<meta property=\"og:locale\" content=\"fr_FR\" \/>\n<meta property=\"og:type\" content=\"article\" \/>\n<meta property=\"og:title\" content=\"Les 4 plus belles plages des \u00eeles qui longent la France\" \/>\n<meta property=\"og:description\" content=\"\u00cel d&#039;Ol\u00e9ron, \u00eele de Groix ou encore bien \u00e9videmment la Corse : les plages des \u00eeles vous offrent bien souvent des paysages uniques, m\u00eame en basse saison !\" \/>\n<meta property=\"og:url\" content=\"https:\/\/chateausuau.com\/fr\/les-4-plus-belles-plages-de-france\/\" \/>\n<meta property=\"og:site_name\" content=\"Chateau Suau\" \/>\n<meta property=\"article:published_time\" content=\"2016-08-31T09:48:19+00:00\" \/>\n<meta property=\"article:modified_time\" content=\"2019-07-08T16:00:08+00:00\" \/>\n<meta property=\"og:image\" content=\"https:\/\/chateausuau.com\/wp-content\/uploads\/2016\/08\/plages-des---les-de-France.jpg\" \/>\n\t<meta property=\"og:image:width\" content=\"847\" \/>\n\t<meta property=\"og:image:height\" content=\"498\" \/>\n\t<meta property=\"og:image:type\" content=\"image\/jpeg\" \/>\n<meta name=\"author\" content=\"Matthieu\" \/>\n<meta name=\"twitter:label1\" content=\"\u00c9crit par\" \/>\n\t<meta name=\"twitter:data1\" content=\"Matthieu\" \/>\n\t<meta name=\"twitter:label2\" content=\"Dur\u00e9e de lecture estim\u00e9e\" \/>\n\t<meta name=\"twitter:data2\" content=\"3 minutes\" \/>\n<script type=\"application\/ld+json\" class=\"yoast-schema-graph\">{\"@context\":\"https:\\\/\\\/schema.org\",\"@graph\":[{\"@type\":\"Article\",\"@id\":\"https:\\\/\\\/chateausuau.com\\\/fr\\\/les-4-plus-belles-plages-de-france\\\/#article\",\"isPartOf\":{\"@id\":\"https:\\\/\\\/chateausuau.com\\\/fr\\\/les-4-plus-belles-plages-de-france\\\/\"},\"author\":{\"name\":\"Matthieu\",\"@id\":\"https:\\\/\\\/chateausuau.com\\\/fr\\\/#\\\/schema\\\/person\\\/a961e91ba8f7c4de482a79b01d18f220\"},\"headline\":\"Les 4 plus belles plages (des \u00eeles) de France\",\"datePublished\":\"2016-08-31T09:48:19+00:00\",\"dateModified\":\"2019-07-08T16:00:08+00:00\",\"mainEntityOfPage\":{\"@id\":\"https:\\\/\\\/chateausuau.com\\\/fr\\\/les-4-plus-belles-plages-de-france\\\/\"},\"wordCount\":584,\"commentCount\":0,\"image\":{\"@id\":\"https:\\\/\\\/chateausuau.com\\\/fr\\\/les-4-plus-belles-plages-de-france\\\/#primaryimage\"},\"thumbnailUrl\":\"https:\\\/\\\/chateausuau.com\\\/wp-content\\\/uploads\\\/2016\\\/08\\\/plages-des---les-de-France.jpg\",\"keywords\":[\"\u00e9t\u00e9\",\"plage\",\"sortir\",\"tourisme\"],\"articleSection\":[\"\u0152notourisme\"],\"inLanguage\":\"fr-FR\",\"potentialAction\":[{\"@type\":\"CommentAction\",\"name\":\"Comment\",\"target\":[\"https:\\\/\\\/chateausuau.com\\\/fr\\\/les-4-plus-belles-plages-de-france\\\/#respond\"]}]},{\"@type\":\"WebPage\",\"@id\":\"https:\\\/\\\/chateausuau.com\\\/fr\\\/les-4-plus-belles-plages-de-france\\\/\",\"url\":\"https:\\\/\\\/chateausuau.com\\\/fr\\\/les-4-plus-belles-plages-de-france\\\/\",\"name\":\"Les 4 plus belles plages des \u00eeles qui longent la France\",\"isPartOf\":{\"@id\":\"https:\\\/\\\/chateausuau.com\\\/fr\\\/#website\"},\"primaryImageOfPage\":{\"@id\":\"https:\\\/\\\/chateausuau.com\\\/fr\\\/les-4-plus-belles-plages-de-france\\\/#primaryimage\"},\"image\":{\"@id\":\"https:\\\/\\\/chateausuau.com\\\/fr\\\/les-4-plus-belles-plages-de-france\\\/#primaryimage\"},\"thumbnailUrl\":\"https:\\\/\\\/chateausuau.com\\\/wp-content\\\/uploads\\\/2016\\\/08\\\/plages-des---les-de-France.jpg\",\"datePublished\":\"2016-08-31T09:48:19+00:00\",\"dateModified\":\"2019-07-08T16:00:08+00:00\",\"author\":{\"@id\":\"https:\\\/\\\/chateausuau.com\\\/fr\\\/#\\\/schema\\\/person\\\/a961e91ba8f7c4de482a79b01d18f220\"},\"description\":\"\u00cel d'Ol\u00e9ron, \u00eele de Groix ou encore bien \u00e9videmment la Corse : les plages des \u00eeles vous offrent bien souvent des paysages uniques, m\u00eame en basse saison !\",\"breadcrumb\":{\"@id\":\"https:\\\/\\\/chateausuau.com\\\/fr\\\/les-4-plus-belles-plages-de-france\\\/#breadcrumb\"},\"inLanguage\":\"fr-FR\",\"potentialAction\":[{\"@type\":\"ReadAction\",\"target\":[\"https:\\\/\\\/chateausuau.com\\\/fr\\\/les-4-plus-belles-plages-de-france\\\/\"]}]},{\"@type\":\"ImageObject\",\"inLanguage\":\"fr-FR\",\"@id\":\"https:\\\/\\\/chateausuau.com\\\/fr\\\/les-4-plus-belles-plages-de-france\\\/#primaryimage\",\"url\":\"https:\\\/\\\/chateausuau.com\\\/wp-content\\\/uploads\\\/2016\\\/08\\\/plages-des---les-de-France.jpg\",\"contentUrl\":\"https:\\\/\\\/chateausuau.com\\\/wp-content\\\/uploads\\\/2016\\\/08\\\/plages-des---les-de-France.jpg\",\"width\":847,\"height\":498,\"caption\":\"plages de \u00eeles\"},{\"@type\":\"BreadcrumbList\",\"@id\":\"https:\\\/\\\/chateausuau.com\\\/fr\\\/les-4-plus-belles-plages-de-france\\\/#breadcrumb\",\"itemListElement\":[{\"@type\":\"ListItem\",\"position\":1,\"name\":\"Accueil\",\"item\":\"https:\\\/\\\/chateausuau.com\\\/fr\\\/\"},{\"@type\":\"ListItem\",\"position\":2,\"name\":\"Les 4 plus belles plages (des \u00eeles) de France\"}]},{\"@type\":\"WebSite\",\"@id\":\"https:\\\/\\\/chateausuau.com\\\/fr\\\/#website\",\"url\":\"https:\\\/\\\/chateausuau.com\\\/fr\\\/\",\"name\":\"Chateau Suau\",\"description\":\"Chateau Suau Winery. Official Webiste\",\"potentialAction\":[{\"@type\":\"SearchAction\",\"target\":{\"@type\":\"EntryPoint\",\"urlTemplate\":\"https:\\\/\\\/chateausuau.com\\\/fr\\\/?s={search_term_string}\"},\"query-input\":{\"@type\":\"PropertyValueSpecification\",\"valueRequired\":true,\"valueName\":\"search_term_string\"}}],\"inLanguage\":\"fr-FR\"},{\"@type\":\"Person\",\"@id\":\"https:\\\/\\\/chateausuau.com\\\/fr\\\/#\\\/schema\\\/person\\\/a961e91ba8f7c4de482a79b01d18f220\",\"name\":\"Matthieu\",\"image\":{\"@type\":\"ImageObject\",\"inLanguage\":\"fr-FR\",\"@id\":\"https:\\\/\\\/secure.gravatar.com\\\/avatar\\\/115a27531ae884eb997c76a9b6a0de7cb81d7fdbad767193514ecda4396b158f?s=96&d=mm&r=g\",\"url\":\"https:\\\/\\\/secure.gravatar.com\\\/avatar\\\/115a27531ae884eb997c76a9b6a0de7cb81d7fdbad767193514ecda4396b158f?s=96&d=mm&r=g\",\"contentUrl\":\"https:\\\/\\\/secure.gravatar.com\\\/avatar\\\/115a27531ae884eb997c76a9b6a0de7cb81d7fdbad767193514ecda4396b158f?s=96&d=mm&r=g\",\"caption\":\"Matthieu\"}}]}<\/script>\n<!-- \/ Yoast SEO plugin. -->","yoast_head_json":{"title":"Les 4 plus belles plages des \u00eeles qui longent la France","description":"\u00cel d'Ol\u00e9ron, \u00eele de Groix ou encore bien \u00e9videmment la Corse : les plages des \u00eeles vous offrent bien souvent des paysages uniques, m\u00eame en basse saison !","robots":{"index":"index","follow":"follow","max-snippet":"max-snippet:-1","max-image-preview":"max-image-preview:large","max-video-preview":"max-video-preview:-1"},"canonical":"https:\/\/chateausuau.com\/fr\/les-4-plus-belles-plages-de-france\/","og_locale":"fr_FR","og_type":"article","og_title":"Les 4 plus belles plages des \u00eeles qui longent la France","og_description":"\u00cel d'Ol\u00e9ron, \u00eele de Groix ou encore bien \u00e9videmment la Corse : les plages des \u00eeles vous offrent bien souvent des paysages uniques, m\u00eame en basse saison !","og_url":"https:\/\/chateausuau.com\/fr\/les-4-plus-belles-plages-de-france\/","og_site_name":"Chateau Suau","article_published_time":"2016-08-31T09:48:19+00:00","article_modified_time":"2019-07-08T16:00:08+00:00","og_image":[{"width":847,"height":498,"url":"https:\/\/chateausuau.com\/wp-content\/uploads\/2016\/08\/plages-des---les-de-France.jpg","type":"image\/jpeg"}],"author":"Matthieu","twitter_misc":{"\u00c9crit par":"Matthieu","Dur\u00e9e de lecture estim\u00e9e":"3 minutes"},"schema":{"@context":"https:\/\/schema.org","@graph":[{"@type":"Article","@id":"https:\/\/chateausuau.com\/fr\/les-4-plus-belles-plages-de-france\/#article","isPartOf":{"@id":"https:\/\/chateausuau.com\/fr\/les-4-plus-belles-plages-de-france\/"},"author":{"name":"Matthieu","@id":"https:\/\/chateausuau.com\/fr\/#\/schema\/person\/a961e91ba8f7c4de482a79b01d18f220"},"headline":"Les 4 plus belles plages (des \u00eeles) de France","datePublished":"2016-08-31T09:48:19+00:00","dateModified":"2019-07-08T16:00:08+00:00","mainEntityOfPage":{"@id":"https:\/\/chateausuau.com\/fr\/les-4-plus-belles-plages-de-france\/"},"wordCount":584,"commentCount":0,"image":{"@id":"https:\/\/chateausuau.com\/fr\/les-4-plus-belles-plages-de-france\/#primaryimage"},"thumbnailUrl":"https:\/\/chateausuau.com\/wp-content\/uploads\/2016\/08\/plages-des---les-de-France.jpg","keywords":["\u00e9t\u00e9","plage","sortir","tourisme"],"articleSection":["\u0152notourisme"],"inLanguage":"fr-FR","potentialAction":[{"@type":"CommentAction","name":"Comment","target":["https:\/\/chateausuau.com\/fr\/les-4-plus-belles-plages-de-france\/#respond"]}]},{"@type":"WebPage","@id":"https:\/\/chateausuau.com\/fr\/les-4-plus-belles-plages-de-france\/","url":"https:\/\/chateausuau.com\/fr\/les-4-plus-belles-plages-de-france\/","name":"Les 4 plus belles plages des \u00eeles qui longent la France","isPartOf":{"@id":"https:\/\/chateausuau.com\/fr\/#website"},"primaryImageOfPage":{"@id":"https:\/\/chateausuau.com\/fr\/les-4-plus-belles-plages-de-france\/#primaryimage"},"image":{"@id":"https:\/\/chateausuau.com\/fr\/les-4-plus-belles-plages-de-france\/#primaryimage"},"thumbnailUrl":"https:\/\/chateausuau.com\/wp-content\/uploads\/2016\/08\/plages-des---les-de-France.jpg","datePublished":"2016-08-31T09:48:19+00:00","dateModified":"2019-07-08T16:00:08+00:00","author":{"@id":"https:\/\/chateausuau.com\/fr\/#\/schema\/person\/a961e91ba8f7c4de482a79b01d18f220"},"description":"\u00cel d'Ol\u00e9ron, \u00eele de Groix ou encore bien \u00e9videmment la Corse : les plages des \u00eeles vous offrent bien souvent des paysages uniques, m\u00eame en basse saison !","breadcrumb":{"@id":"https:\/\/chateausuau.com\/fr\/les-4-plus-belles-plages-de-france\/#breadcrumb"},"inLanguage":"fr-FR","potentialAction":[{"@type":"ReadAction","target":["https:\/\/chateausuau.com\/fr\/les-4-plus-belles-plages-de-france\/"]}]},{"@type":"ImageObject","inLanguage":"fr-FR","@id":"https:\/\/chateausuau.com\/fr\/les-4-plus-belles-plages-de-france\/#primaryimage","url":"https:\/\/chateausuau.com\/wp-content\/uploads\/2016\/08\/plages-des---les-de-France.jpg","contentUrl":"https:\/\/chateausuau.com\/wp-content\/uploads\/2016\/08\/plages-des---les-de-France.jpg","width":847,"height":498,"caption":"plages de \u00eeles"},{"@type":"BreadcrumbList","@id":"https:\/\/chateausuau.com\/fr\/les-4-plus-belles-plages-de-france\/#breadcrumb","itemListElement":[{"@type":"ListItem","position":1,"name":"Accueil","item":"https:\/\/chateausuau.com\/fr\/"},{"@type":"ListItem","position":2,"name":"Les 4 plus belles plages (des \u00eeles) de France"}]},{"@type":"WebSite","@id":"https:\/\/chateausuau.com\/fr\/#website","url":"https:\/\/chateausuau.com\/fr\/","name":"Chateau Suau","description":"Chateau Suau Winery. Official Webiste","potentialAction":[{"@type":"SearchAction","target":{"@type":"EntryPoint","urlTemplate":"https:\/\/chateausuau.com\/fr\/?s={search_term_string}"},"query-input":{"@type":"PropertyValueSpecification","valueRequired":true,"valueName":"search_term_string"}}],"inLanguage":"fr-FR"},{"@type":"Person","@id":"https:\/\/chateausuau.com\/fr\/#\/schema\/person\/a961e91ba8f7c4de482a79b01d18f220","name":"Matthieu","image":{"@type":"ImageObject","inLanguage":"fr-FR","@id":"https:\/\/secure.gravatar.com\/avatar\/115a27531ae884eb997c76a9b6a0de7cb81d7fdbad767193514ecda4396b158f?s=96&d=mm&r=g","url":"https:\/\/secure.gravatar.com\/avatar\/115a27531ae884eb997c76a9b6a0de7cb81d7fdbad767193514ecda4396b158f?s=96&d=mm&r=g","contentUrl":"https:\/\/secure.gravatar.com\/avatar\/115a27531ae884eb997c76a9b6a0de7cb81d7fdbad767193514ecda4396b158f?s=96&d=mm&r=g","caption":"Matthieu"}}]}},"_links":{"self":[{"href":"https:\/\/chateausuau.com\/fr\/wp-json\/wp\/v2\/posts\/2545","targetHints":{"allow":["GET"]}}],"collection":[{"href":"https:\/\/chateausuau.com\/fr\/wp-json\/wp\/v2\/posts"}],"about":[{"href":"https:\/\/chateausuau.com\/fr\/wp-json\/wp\/v2\/types\/post"}],"author":[{"embeddable":true,"href":"https:\/\/chateausuau.com\/fr\/wp-json\/wp\/v2\/users\/15"}],"replies":[{"embeddable":true,"href":"https:\/\/chateausuau.com\/fr\/wp-json\/wp\/v2\/comments?post=2545"}],"version-history":[{"count":0,"href":"https:\/\/chateausuau.com\/fr\/wp-json\/wp\/v2\/posts\/2545\/revisions"}],"wp:featuredmedia":[{"embeddable":true,"href":"https:\/\/chateausuau.com\/fr\/wp-json\/wp\/v2\/media\/2548"}],"wp:attachment":[{"href":"https:\/\/chateausuau.com\/fr\/wp-json\/wp\/v2\/media?parent=2545"}],"wp:term":[{"taxonomy":"category","embeddable":true,"href":"https:\/\/chateausuau.com\/fr\/wp-json\/wp\/v2\/categories?post=2545"},{"taxonomy":"post_tag","embeddable":true,"href":"https:\/\/chateausuau.com\/fr\/wp-json\/wp\/v2\/tags?post=2545"}],"curies":[{"name":"wp","href":"https:\/\/api.w.org\/{rel}","templated":true}]}}