{"id":2309,"date":"2016-07-17T18:22:13","date_gmt":"2016-07-17T18:22:13","guid":{"rendered":"http:\/\/chateausuau.com\/?p=2309"},"modified":"2019-07-08T18:00:02","modified_gmt":"2019-07-08T16:00:02","slug":"quel-accords-mets-vins-avec-la-cuisine-vegetarienne","status":"publish","type":"post","link":"https:\/\/chateausuau.com\/fr\/quel-accords-mets-vins-avec-la-cuisine-vegetarienne\/","title":{"rendered":"Quel accords mets-vins avec la cuisine v\u00e9g\u00e9tarienne ?"},"content":{"rendered":"<p><img loading=\"lazy\" decoding=\"async\" class=\"alignnone size-full wp-image-2312\" src=\"http:\/\/chateausuau.com\/wp-content\/uploads\/2016\/07\/Bruschettas.jpg\" alt=\"cuisine v\u00e9g\u00e9tarienne\" width=\"847\" height=\"564\" srcset=\"https:\/\/chateausuau.com\/wp-content\/uploads\/2016\/07\/Bruschettas.jpg 847w, https:\/\/chateausuau.com\/wp-content\/uploads\/2016\/07\/Bruschettas-300x200.jpg 300w, https:\/\/chateausuau.com\/wp-content\/uploads\/2016\/07\/Bruschettas-768x511.jpg 768w\" sizes=\"auto, (max-width: 847px) 100vw, 847px\" \/><\/p>\n<p><span style=\"font-weight: 400;\">Ce n\u2019est pas parce qu\u2019on est v\u00e9g\u00e9tarien que l\u2019on n\u2019aime pas le vin ! Au contraire, il n\u2019y aucune raison de se priver, d\u2019autant plus lorsque <\/span><a href=\"http:\/\/chateausuau.com\/blog\/vins-bio\/\"><span style=\"font-weight: 400;\">le vin est bio<\/span><\/a><span style=\"font-weight: 400;\">. S\u2019il n\u2019est pas toujours ais\u00e9 de marier les l\u00e9gumes tels que les asperges ou les artichauts,<strong> la cuisine v\u00e9g\u00e9tarienne<\/strong> <strong>peut totalement se pr\u00eater aux accords mets-vins<\/strong>. Ces mariages peuvent m\u00eame \u00eatre fabuleux car cette cuisine est tr\u00e8s inventive et associe souvent de <strong>nombreuses \u00e9pices<\/strong> qui peuvent \u00eatre soulev\u00e9es par le vin. Car, rappelons-le, il existe deux types d\u2019accords mets-vins : ceux qui viennent renforcer une saveur et ceux qui la compl\u00e8te. Voyons ensemble quelques exemples de recettes d\u2019\u00e9t\u00e9 et <\/span><a href=\"http:\/\/chateausuau.com\/nos-vins\/\"><span style=\"font-weight: 400;\">les vins de notre Ch\u00e2teau<\/span><\/a><span style=\"font-weight: 400;\"> qui peuvent s\u2019y associer.<\/span><\/p>\n<h2><span style=\"font-weight: 400;\">Brushettas tomates ch\u00e8vre<\/span><\/h2>\n<p><span style=\"font-weight: 400;\">C\u2019est simple \u00e0 faire mais c\u2019est tr\u00e8s bon. C\u2019est parfois ici que ce trouve la cl\u00e9 du bonheur. Et en plus, si cela am\u00e8ne de la<strong> fra\u00eecheur<\/strong> en ces longues et douces soir\u00e9es d\u2019\u00e9t\u00e9, le paradis n\u2019est plus tr\u00e8s loin ! <\/span><\/p>\n<p><span style=\"font-weight: 400;\">Il vous faut savoir que la brushetta est un hors d\u2019oeuvre italien, souvent<strong> servi \u00e0 l\u2019ap\u00e9ritivo,<\/strong> leur ap\u00e9ritif \u00e0 eux. Il se consomme facilement et conviendra parfaitement \u00e0 une d\u00e9gustation accompagn\u00e9e d\u2019un bon verre de vin. Ici, nous optons pour une recette mi-italienne mi-fran\u00e7aise, puisque le fromage utilis\u00e9 \u00a0pour notre brushetta n\u2019est pas de la mozzarella, mais du ch\u00e8vre. Disposez de la tomate en rondelles sur des tranches de pain et ajoutez-y dessus le formage lui aussi en rondelle. Pour plus de saveur, arrosez le tout d\u2019une cuill\u00e8re \u00e0 caf\u00e9 de miel et passez le tout quelques minutes au four ! Servez chaud et d\u00e9gustez avec un <\/span><a href=\"http:\/\/chateausuau.com\/produit\/chateau-suau-blanc-sec-aoc-bordeaux-2014\/\"><span style=\"font-weight: 400;\">vin blanc tr\u00e8s sec<\/span><\/a><span style=\"font-weight: 400;\">, qui va apporter de la fra\u00eecheur \u00e0 votre plat.<\/span><\/p>\n<h2><span style=\"font-weight: 400;\">Cake aux \u00e9pices<\/span><\/h2>\n<p><span style=\"font-weight: 400;\">Les cakes sont les grandes stars de la cuisine sans viande ni poisson. Pourquoi ? Car ils sont <strong>d\u00e9licieux et tr\u00e8s faciles \u00e0 r\u00e9aliser<\/strong>. Ce qui est g\u00e9nial c\u2019est qu\u2019il est possible d\u2019y ajouter une multitude d\u2019\u00e9pices. Ici, nous allons vous proposer une recette o\u00f9 vous n\u2019aurez besoin de rien d\u2019autre que de : 3 oeufs, 150g de farine, un sachet de levure, un peu d\u2019huile de tournesol, de lait, 100g de gruy\u00e8re rapp\u00e9, de gingembre, de curry et d\u2019un peu de poivre. <\/span><\/p>\n<p><span style=\"font-weight: 400;\">M\u00e9langez ensemble les \u0153ufs, la farine, le poivre, la levure et incorporez peu \u00e0 peu l\u2019huile de tournesol ainsi que le lait. Vous n\u2019avez plus qu\u2019\u00e0 y ajouter les \u00e9pices, le gruy\u00e8re rapp\u00e9 et de verser tout ceci dans un plat \u00e0 cake. Faites cuire \u00e0 thermostat 6 pendant 45. Le tour est jou\u00e9. <strong>A d\u00e9guster encore ti\u00e8de<\/strong> accompagn\u00e9 d\u2019un vin qui sera soutenir les \u00e9pices, tels qu\u2019un <\/span><a href=\"http:\/\/chateausuau.com\/produit\/chateau-suau-cotes-de-bordeaux-2010\/\"><span style=\"font-weight: 400;\">C\u00f4tes de Bordeaux rouge<\/span><\/a><span style=\"font-weight: 400;\">.<\/span><\/p>\n<h2><span style=\"font-weight: 400;\">Terrine Aubergine-Courgettes<\/span><\/h2>\n<p><span style=\"font-weight: 400;\">Et si pour continuer, vous optiez pour une <strong>terrine de l\u00e9gumes<\/strong> ? Elle peut se d\u00e9guster seule, mais bien entendu toujours accompagn\u00e9e de vin ! Pour r\u00e9aliser ce vin, munissez-vous de 4 aubergines, de 4 \u00a0courgettes, de c\u00e9leri branche, une t\u00eate de fenouil, 4 tomates, une pomme, du sel, du poivre, de l\u2019huile d\u2019olive et si possible de la menthe !<\/span><\/p>\n<p><span style=\"font-weight: 400;\">Epluchez tous les l\u00e9gumes, coupez le fenouil et le c\u00e9leri en morceaux, les aubergines et les courgettes en lani\u00e8res dans le sens de la longueur. Coupez les tomates et la pomme en rondelles. Ciselez les herbes. Pr\u00e9chauffez le four \u00e0 230\u00b0C, thermostat 7.Faites blanchir les morceaux de c\u00e9leri et de fenouil dans de l\u2019eau bouillante sal\u00e9e. Pendant ce temps, dans une po\u00eale, faites revenir les lani\u00e8res d\u2019aubergines et de courgettes dans de l\u2019huile d\u2019olive. \u00c9gouttez-les sur du papier absorbant. Dans une terrine, disposez une couche de tomates, une de pomme, salez et poivrez et une pinc\u00e9e de f\u00e8ve de Tonka, une peu de m\u00e9lisse cisel\u00e9e, puis courgettes, fenouil, aubergines, c\u00e9leri, salez, poivrez et saupoudrez de f\u00e8ve de tonka et de m\u00e9lisse et ceci jusqu\u2019\u00e0 \u00e9puisement des ingr\u00e9dients. Faites cuire 25 minutes au four. A manger ti\u00e8de, accompagn\u00e9 d\u2019un <strong>verre de vin rouge<\/strong>, tel que notre <\/span><a href=\"http:\/\/chateausuau.com\/produit\/chateau-maubert-2011-2\/\"><span style=\"font-weight: 400;\">Ch\u00e2teau Maubert<\/span><\/a><span style=\"font-weight: 400;\">.<\/span><\/p>\n","protected":false},"excerpt":{"rendered":"<p>Ce n\u2019est pas parce qu\u2019on est v\u00e9g\u00e9tarien que l\u2019on n\u2019aime pas le vin ! Au contraire, il n\u2019y aucune raison de se priver, d\u2019autant plus lorsque le vin est bio. S\u2019il n\u2019est pas toujours ais\u00e9 de marier les l\u00e9gumes tels que les asperges ou les artichauts, la cuisine v\u00e9g\u00e9tarienne peut totalement se pr\u00eater aux accords [&hellip;]<\/p>\n","protected":false},"author":15,"featured_media":2312,"comment_status":"open","ping_status":"open","sticky":false,"template":"","format":"standard","meta":{"_acf_changed":false,"footnotes":""},"categories":[1],"tags":[339,96,572,571],"class_list":["post-2309","post","type-post","status-publish","format-standard","has-post-thumbnail","hentry","category-mariage","tag-accords-mets-vins","tag-cuisine","tag-legumes","tag-vegetarien"],"acf":[],"yoast_head":"<!-- This site is optimized with the Yoast SEO plugin v28.3 - https:\/\/yoast.com\/product\/yoast-seo-wordpress\/ -->\n<title>Quels accords mets-vins avec la cuisine v\u00e9g\u00e9tarienne ?<\/title>\n<meta name=\"description\" content=\"Ce n&#039;est pas pas parce qu&#039;on pratique la cuisine v\u00e9g\u00e9tarienne que l&#039;on n&#039;aime pas le vin ! D&#039;ailleurs les \u00e9pices se compl\u00e8tent tr\u00e8s bien avec le vin !\" \/>\n<meta name=\"robots\" content=\"index, follow, max-snippet:-1, max-image-preview:large, max-video-preview:-1\" \/>\n<link rel=\"canonical\" href=\"https:\/\/chateausuau.com\/fr\/quel-accords-mets-vins-avec-la-cuisine-vegetarienne\/\" \/>\n<meta property=\"og:locale\" content=\"fr_FR\" \/>\n<meta property=\"og:type\" content=\"article\" \/>\n<meta property=\"og:title\" content=\"Quels accords mets-vins avec la cuisine v\u00e9g\u00e9tarienne ?\" \/>\n<meta property=\"og:description\" content=\"Ce n&#039;est pas pas parce qu&#039;on pratique la cuisine v\u00e9g\u00e9tarienne que l&#039;on n&#039;aime pas le vin ! D&#039;ailleurs les \u00e9pices se compl\u00e8tent tr\u00e8s bien avec le vin !\" \/>\n<meta property=\"og:url\" content=\"https:\/\/chateausuau.com\/fr\/quel-accords-mets-vins-avec-la-cuisine-vegetarienne\/\" \/>\n<meta property=\"og:site_name\" content=\"Chateau Suau\" \/>\n<meta property=\"article:published_time\" content=\"2016-07-17T18:22:13+00:00\" \/>\n<meta property=\"article:modified_time\" content=\"2019-07-08T16:00:02+00:00\" \/>\n<meta property=\"og:image\" content=\"https:\/\/chateausuau.com\/wp-content\/uploads\/2016\/07\/Bruschettas.jpg\" \/>\n\t<meta property=\"og:image:width\" content=\"847\" \/>\n\t<meta property=\"og:image:height\" content=\"564\" \/>\n\t<meta property=\"og:image:type\" content=\"image\/jpeg\" \/>\n<meta name=\"author\" content=\"Matthieu\" \/>\n<meta name=\"twitter:label1\" content=\"\u00c9crit par\" \/>\n\t<meta name=\"twitter:data1\" content=\"Matthieu\" \/>\n\t<meta name=\"twitter:label2\" content=\"Dur\u00e9e de lecture estim\u00e9e\" \/>\n\t<meta name=\"twitter:data2\" content=\"4 minutes\" \/>\n<script type=\"application\/ld+json\" class=\"yoast-schema-graph\">{\"@context\":\"https:\\\/\\\/schema.org\",\"@graph\":[{\"@type\":\"Article\",\"@id\":\"https:\\\/\\\/chateausuau.com\\\/fr\\\/quel-accords-mets-vins-avec-la-cuisine-vegetarienne\\\/#article\",\"isPartOf\":{\"@id\":\"https:\\\/\\\/chateausuau.com\\\/fr\\\/quel-accords-mets-vins-avec-la-cuisine-vegetarienne\\\/\"},\"author\":{\"name\":\"Matthieu\",\"@id\":\"https:\\\/\\\/chateausuau.com\\\/fr\\\/#\\\/schema\\\/person\\\/a961e91ba8f7c4de482a79b01d18f220\"},\"headline\":\"Quel accords mets-vins avec la cuisine v\u00e9g\u00e9tarienne ?\",\"datePublished\":\"2016-07-17T18:22:13+00:00\",\"dateModified\":\"2019-07-08T16:00:02+00:00\",\"mainEntityOfPage\":{\"@id\":\"https:\\\/\\\/chateausuau.com\\\/fr\\\/quel-accords-mets-vins-avec-la-cuisine-vegetarienne\\\/\"},\"wordCount\":733,\"commentCount\":0,\"image\":{\"@id\":\"https:\\\/\\\/chateausuau.com\\\/fr\\\/quel-accords-mets-vins-avec-la-cuisine-vegetarienne\\\/#primaryimage\"},\"thumbnailUrl\":\"https:\\\/\\\/chateausuau.com\\\/wp-content\\\/uploads\\\/2016\\\/07\\\/Bruschettas.jpg\",\"keywords\":[\"Accords mets vins\",\"Cuisine\",\"l\u00e9gumes\",\"v\u00e9g\u00e9tarien\"],\"articleSection\":[\"Accords mets-vins\"],\"inLanguage\":\"fr-FR\",\"potentialAction\":[{\"@type\":\"CommentAction\",\"name\":\"Comment\",\"target\":[\"https:\\\/\\\/chateausuau.com\\\/fr\\\/quel-accords-mets-vins-avec-la-cuisine-vegetarienne\\\/#respond\"]}]},{\"@type\":\"WebPage\",\"@id\":\"https:\\\/\\\/chateausuau.com\\\/fr\\\/quel-accords-mets-vins-avec-la-cuisine-vegetarienne\\\/\",\"url\":\"https:\\\/\\\/chateausuau.com\\\/fr\\\/quel-accords-mets-vins-avec-la-cuisine-vegetarienne\\\/\",\"name\":\"Quels accords mets-vins avec la cuisine v\u00e9g\u00e9tarienne ?\",\"isPartOf\":{\"@id\":\"https:\\\/\\\/chateausuau.com\\\/fr\\\/#website\"},\"primaryImageOfPage\":{\"@id\":\"https:\\\/\\\/chateausuau.com\\\/fr\\\/quel-accords-mets-vins-avec-la-cuisine-vegetarienne\\\/#primaryimage\"},\"image\":{\"@id\":\"https:\\\/\\\/chateausuau.com\\\/fr\\\/quel-accords-mets-vins-avec-la-cuisine-vegetarienne\\\/#primaryimage\"},\"thumbnailUrl\":\"https:\\\/\\\/chateausuau.com\\\/wp-content\\\/uploads\\\/2016\\\/07\\\/Bruschettas.jpg\",\"datePublished\":\"2016-07-17T18:22:13+00:00\",\"dateModified\":\"2019-07-08T16:00:02+00:00\",\"author\":{\"@id\":\"https:\\\/\\\/chateausuau.com\\\/fr\\\/#\\\/schema\\\/person\\\/a961e91ba8f7c4de482a79b01d18f220\"},\"description\":\"Ce n'est pas pas parce qu'on pratique la cuisine v\u00e9g\u00e9tarienne que l'on n'aime pas le vin ! D'ailleurs les \u00e9pices se compl\u00e8tent tr\u00e8s bien avec le vin !\",\"breadcrumb\":{\"@id\":\"https:\\\/\\\/chateausuau.com\\\/fr\\\/quel-accords-mets-vins-avec-la-cuisine-vegetarienne\\\/#breadcrumb\"},\"inLanguage\":\"fr-FR\",\"potentialAction\":[{\"@type\":\"ReadAction\",\"target\":[\"https:\\\/\\\/chateausuau.com\\\/fr\\\/quel-accords-mets-vins-avec-la-cuisine-vegetarienne\\\/\"]}]},{\"@type\":\"ImageObject\",\"inLanguage\":\"fr-FR\",\"@id\":\"https:\\\/\\\/chateausuau.com\\\/fr\\\/quel-accords-mets-vins-avec-la-cuisine-vegetarienne\\\/#primaryimage\",\"url\":\"https:\\\/\\\/chateausuau.com\\\/wp-content\\\/uploads\\\/2016\\\/07\\\/Bruschettas.jpg\",\"contentUrl\":\"https:\\\/\\\/chateausuau.com\\\/wp-content\\\/uploads\\\/2016\\\/07\\\/Bruschettas.jpg\",\"width\":847,\"height\":564,\"caption\":\"cuisine v\u00e9g\u00e9tarienne\"},{\"@type\":\"BreadcrumbList\",\"@id\":\"https:\\\/\\\/chateausuau.com\\\/fr\\\/quel-accords-mets-vins-avec-la-cuisine-vegetarienne\\\/#breadcrumb\",\"itemListElement\":[{\"@type\":\"ListItem\",\"position\":1,\"name\":\"Accueil\",\"item\":\"https:\\\/\\\/chateausuau.com\\\/fr\\\/\"},{\"@type\":\"ListItem\",\"position\":2,\"name\":\"Quel accords mets-vins avec la cuisine v\u00e9g\u00e9tarienne ?\"}]},{\"@type\":\"WebSite\",\"@id\":\"https:\\\/\\\/chateausuau.com\\\/fr\\\/#website\",\"url\":\"https:\\\/\\\/chateausuau.com\\\/fr\\\/\",\"name\":\"Chateau Suau\",\"description\":\"Chateau Suau Winery. Official Webiste\",\"potentialAction\":[{\"@type\":\"SearchAction\",\"target\":{\"@type\":\"EntryPoint\",\"urlTemplate\":\"https:\\\/\\\/chateausuau.com\\\/fr\\\/?s={search_term_string}\"},\"query-input\":{\"@type\":\"PropertyValueSpecification\",\"valueRequired\":true,\"valueName\":\"search_term_string\"}}],\"inLanguage\":\"fr-FR\"},{\"@type\":\"Person\",\"@id\":\"https:\\\/\\\/chateausuau.com\\\/fr\\\/#\\\/schema\\\/person\\\/a961e91ba8f7c4de482a79b01d18f220\",\"name\":\"Matthieu\",\"image\":{\"@type\":\"ImageObject\",\"inLanguage\":\"fr-FR\",\"@id\":\"https:\\\/\\\/secure.gravatar.com\\\/avatar\\\/115a27531ae884eb997c76a9b6a0de7cb81d7fdbad767193514ecda4396b158f?s=96&d=mm&r=g\",\"url\":\"https:\\\/\\\/secure.gravatar.com\\\/avatar\\\/115a27531ae884eb997c76a9b6a0de7cb81d7fdbad767193514ecda4396b158f?s=96&d=mm&r=g\",\"contentUrl\":\"https:\\\/\\\/secure.gravatar.com\\\/avatar\\\/115a27531ae884eb997c76a9b6a0de7cb81d7fdbad767193514ecda4396b158f?s=96&d=mm&r=g\",\"caption\":\"Matthieu\"}}]}<\/script>\n<!-- \/ Yoast SEO plugin. -->","yoast_head_json":{"title":"Quels accords mets-vins avec la cuisine v\u00e9g\u00e9tarienne ?","description":"Ce n'est pas pas parce qu'on pratique la cuisine v\u00e9g\u00e9tarienne que l'on n'aime pas le vin ! D'ailleurs les \u00e9pices se compl\u00e8tent tr\u00e8s bien avec le vin !","robots":{"index":"index","follow":"follow","max-snippet":"max-snippet:-1","max-image-preview":"max-image-preview:large","max-video-preview":"max-video-preview:-1"},"canonical":"https:\/\/chateausuau.com\/fr\/quel-accords-mets-vins-avec-la-cuisine-vegetarienne\/","og_locale":"fr_FR","og_type":"article","og_title":"Quels accords mets-vins avec la cuisine v\u00e9g\u00e9tarienne ?","og_description":"Ce n'est pas pas parce qu'on pratique la cuisine v\u00e9g\u00e9tarienne que l'on n'aime pas le vin ! D'ailleurs les \u00e9pices se compl\u00e8tent tr\u00e8s bien avec le vin !","og_url":"https:\/\/chateausuau.com\/fr\/quel-accords-mets-vins-avec-la-cuisine-vegetarienne\/","og_site_name":"Chateau Suau","article_published_time":"2016-07-17T18:22:13+00:00","article_modified_time":"2019-07-08T16:00:02+00:00","og_image":[{"width":847,"height":564,"url":"https:\/\/chateausuau.com\/wp-content\/uploads\/2016\/07\/Bruschettas.jpg","type":"image\/jpeg"}],"author":"Matthieu","twitter_misc":{"\u00c9crit par":"Matthieu","Dur\u00e9e de lecture estim\u00e9e":"4 minutes"},"schema":{"@context":"https:\/\/schema.org","@graph":[{"@type":"Article","@id":"https:\/\/chateausuau.com\/fr\/quel-accords-mets-vins-avec-la-cuisine-vegetarienne\/#article","isPartOf":{"@id":"https:\/\/chateausuau.com\/fr\/quel-accords-mets-vins-avec-la-cuisine-vegetarienne\/"},"author":{"name":"Matthieu","@id":"https:\/\/chateausuau.com\/fr\/#\/schema\/person\/a961e91ba8f7c4de482a79b01d18f220"},"headline":"Quel accords mets-vins avec la cuisine v\u00e9g\u00e9tarienne ?","datePublished":"2016-07-17T18:22:13+00:00","dateModified":"2019-07-08T16:00:02+00:00","mainEntityOfPage":{"@id":"https:\/\/chateausuau.com\/fr\/quel-accords-mets-vins-avec-la-cuisine-vegetarienne\/"},"wordCount":733,"commentCount":0,"image":{"@id":"https:\/\/chateausuau.com\/fr\/quel-accords-mets-vins-avec-la-cuisine-vegetarienne\/#primaryimage"},"thumbnailUrl":"https:\/\/chateausuau.com\/wp-content\/uploads\/2016\/07\/Bruschettas.jpg","keywords":["Accords mets vins","Cuisine","l\u00e9gumes","v\u00e9g\u00e9tarien"],"articleSection":["Accords mets-vins"],"inLanguage":"fr-FR","potentialAction":[{"@type":"CommentAction","name":"Comment","target":["https:\/\/chateausuau.com\/fr\/quel-accords-mets-vins-avec-la-cuisine-vegetarienne\/#respond"]}]},{"@type":"WebPage","@id":"https:\/\/chateausuau.com\/fr\/quel-accords-mets-vins-avec-la-cuisine-vegetarienne\/","url":"https:\/\/chateausuau.com\/fr\/quel-accords-mets-vins-avec-la-cuisine-vegetarienne\/","name":"Quels accords mets-vins avec la cuisine v\u00e9g\u00e9tarienne ?","isPartOf":{"@id":"https:\/\/chateausuau.com\/fr\/#website"},"primaryImageOfPage":{"@id":"https:\/\/chateausuau.com\/fr\/quel-accords-mets-vins-avec-la-cuisine-vegetarienne\/#primaryimage"},"image":{"@id":"https:\/\/chateausuau.com\/fr\/quel-accords-mets-vins-avec-la-cuisine-vegetarienne\/#primaryimage"},"thumbnailUrl":"https:\/\/chateausuau.com\/wp-content\/uploads\/2016\/07\/Bruschettas.jpg","datePublished":"2016-07-17T18:22:13+00:00","dateModified":"2019-07-08T16:00:02+00:00","author":{"@id":"https:\/\/chateausuau.com\/fr\/#\/schema\/person\/a961e91ba8f7c4de482a79b01d18f220"},"description":"Ce n'est pas pas parce qu'on pratique la cuisine v\u00e9g\u00e9tarienne que l'on n'aime pas le vin ! D'ailleurs les \u00e9pices se compl\u00e8tent tr\u00e8s bien avec le vin !","breadcrumb":{"@id":"https:\/\/chateausuau.com\/fr\/quel-accords-mets-vins-avec-la-cuisine-vegetarienne\/#breadcrumb"},"inLanguage":"fr-FR","potentialAction":[{"@type":"ReadAction","target":["https:\/\/chateausuau.com\/fr\/quel-accords-mets-vins-avec-la-cuisine-vegetarienne\/"]}]},{"@type":"ImageObject","inLanguage":"fr-FR","@id":"https:\/\/chateausuau.com\/fr\/quel-accords-mets-vins-avec-la-cuisine-vegetarienne\/#primaryimage","url":"https:\/\/chateausuau.com\/wp-content\/uploads\/2016\/07\/Bruschettas.jpg","contentUrl":"https:\/\/chateausuau.com\/wp-content\/uploads\/2016\/07\/Bruschettas.jpg","width":847,"height":564,"caption":"cuisine v\u00e9g\u00e9tarienne"},{"@type":"BreadcrumbList","@id":"https:\/\/chateausuau.com\/fr\/quel-accords-mets-vins-avec-la-cuisine-vegetarienne\/#breadcrumb","itemListElement":[{"@type":"ListItem","position":1,"name":"Accueil","item":"https:\/\/chateausuau.com\/fr\/"},{"@type":"ListItem","position":2,"name":"Quel accords mets-vins avec la cuisine v\u00e9g\u00e9tarienne ?"}]},{"@type":"WebSite","@id":"https:\/\/chateausuau.com\/fr\/#website","url":"https:\/\/chateausuau.com\/fr\/","name":"Chateau Suau","description":"Chateau Suau Winery. Official Webiste","potentialAction":[{"@type":"SearchAction","target":{"@type":"EntryPoint","urlTemplate":"https:\/\/chateausuau.com\/fr\/?s={search_term_string}"},"query-input":{"@type":"PropertyValueSpecification","valueRequired":true,"valueName":"search_term_string"}}],"inLanguage":"fr-FR"},{"@type":"Person","@id":"https:\/\/chateausuau.com\/fr\/#\/schema\/person\/a961e91ba8f7c4de482a79b01d18f220","name":"Matthieu","image":{"@type":"ImageObject","inLanguage":"fr-FR","@id":"https:\/\/secure.gravatar.com\/avatar\/115a27531ae884eb997c76a9b6a0de7cb81d7fdbad767193514ecda4396b158f?s=96&d=mm&r=g","url":"https:\/\/secure.gravatar.com\/avatar\/115a27531ae884eb997c76a9b6a0de7cb81d7fdbad767193514ecda4396b158f?s=96&d=mm&r=g","contentUrl":"https:\/\/secure.gravatar.com\/avatar\/115a27531ae884eb997c76a9b6a0de7cb81d7fdbad767193514ecda4396b158f?s=96&d=mm&r=g","caption":"Matthieu"}}]}},"_links":{"self":[{"href":"https:\/\/chateausuau.com\/fr\/wp-json\/wp\/v2\/posts\/2309","targetHints":{"allow":["GET"]}}],"collection":[{"href":"https:\/\/chateausuau.com\/fr\/wp-json\/wp\/v2\/posts"}],"about":[{"href":"https:\/\/chateausuau.com\/fr\/wp-json\/wp\/v2\/types\/post"}],"author":[{"embeddable":true,"href":"https:\/\/chateausuau.com\/fr\/wp-json\/wp\/v2\/users\/15"}],"replies":[{"embeddable":true,"href":"https:\/\/chateausuau.com\/fr\/wp-json\/wp\/v2\/comments?post=2309"}],"version-history":[{"count":0,"href":"https:\/\/chateausuau.com\/fr\/wp-json\/wp\/v2\/posts\/2309\/revisions"}],"wp:featuredmedia":[{"embeddable":true,"href":"https:\/\/chateausuau.com\/fr\/wp-json\/wp\/v2\/media\/2312"}],"wp:attachment":[{"href":"https:\/\/chateausuau.com\/fr\/wp-json\/wp\/v2\/media?parent=2309"}],"wp:term":[{"taxonomy":"category","embeddable":true,"href":"https:\/\/chateausuau.com\/fr\/wp-json\/wp\/v2\/categories?post=2309"},{"taxonomy":"post_tag","embeddable":true,"href":"https:\/\/chateausuau.com\/fr\/wp-json\/wp\/v2\/tags?post=2309"}],"curies":[{"name":"wp","href":"https:\/\/api.w.org\/{rel}","templated":true}]}}