{"id":2302,"date":"2016-07-13T16:56:31","date_gmt":"2016-07-13T16:56:31","guid":{"rendered":"http:\/\/chateausuau.com\/?p=2302"},"modified":"2019-07-08T18:00:01","modified_gmt":"2019-07-08T16:00:01","slug":"gaspard-proust-gerard-depardieu-quand-les-personnalites-parlent-de-vin","status":"publish","type":"post","link":"https:\/\/chateausuau.com\/fr\/gaspard-proust-gerard-depardieu-quand-les-personnalites-parlent-de-vin\/","title":{"rendered":"Gaspard Proust, G\u00e9rard Depardieu : quand les personnalit\u00e9s parlent de vin"},"content":{"rendered":"<p><img loading=\"lazy\" decoding=\"async\" class=\"alignnone size-full wp-image-2303\" src=\"http:\/\/chateausuau.com\/wp-content\/uploads\/2016\/07\/G--rard-Depardieu.jpg\" alt=\"G\u00e9rard Depardieu Vin\" width=\"847\" height=\"339\" srcset=\"https:\/\/chateausuau.com\/wp-content\/uploads\/2016\/07\/G--rard-Depardieu.jpg 847w, https:\/\/chateausuau.com\/wp-content\/uploads\/2016\/07\/G--rard-Depardieu-300x120.jpg 300w, https:\/\/chateausuau.com\/wp-content\/uploads\/2016\/07\/G--rard-Depardieu-768x307.jpg 768w\" sizes=\"auto, (max-width: 847px) 100vw, 847px\" \/><\/p>\n<p><span style=\"font-weight: 400;\">Nombreuses sont les louanges faites au vin, dans toutes les langues possibles. Aujourd\u2019hui, attardons nous sur<strong> ceux qui rendent hommage \u00e0 ce magique \u00e9lixir<\/strong>, dans notre beau pays qu\u2019est la France. <strong>Les c\u00e9l\u00e9brit\u00e9s<\/strong> s\u2019en donnent \u00e0 c\u0153ur joie : retrouvons quelques extraits d&rsquo;interviews de ces amateurs de vins qui parlent des \u00e9motions que le vin leur procure.<\/span><\/p>\n<h2><span style=\"font-weight: 400;\">Gaspard Proust, la sensibilit\u00e9<\/span><\/h2>\n<p><span style=\"font-weight: 400;\">Il fait partie de la <strong>nouvelle g\u00e9n\u00e9ration d\u2019humoristes<\/strong> et est brillant : souvent caustique, il manie \u00e0 la perfection l\u2019humour noir. Mais quand il parle de vin, il prend un ton s\u00e9rieux et l\u2019on sent la sensibilit\u00e9 \u00e0 fleur de peau resurgir. Il faut dire que cet amoureux de vin est \u00e0 bonne \u00e9cole puisque sa compagne est \u0153nologue et propri\u00e9taire du Ch\u00e2teau La Lagune, dans le vignoble de Bordeaux.<\/span><\/p>\n<p><span style=\"font-weight: 400;\">La passion du vin lui est venue petit \u00e0 petit pour aujourd\u2019hui faire partie int\u00e9grante de sa vie. Lorsqu\u2019un journaliste du <\/span><a href=\"http:\/\/www.lemonde.fr\/vins\/article\/2016\/06\/22\/gaspard-proust-l-important-c-est-que-le-vin-soit-honnete_4955605_3527806.html\"><span style=\"font-weight: 400;\">Monde<\/span><\/a><span style=\"font-weight: 400;\"> lui demande ce qu\u2019est un bon vin pour lui, il r\u00e9pond qu\u2019il s\u2019agit d\u2019une <strong>affaire d\u2019occasions et de convivialit\u00e9<\/strong>. \u201cAu fond, je crois peu \u00e0 la th\u00e9orie de la mauvaise bouteille. C\u2019est juste qu\u2019elle ne voulait pas \u00eatre l\u00e0 quand on l\u2019a ouverte. C\u2019est pourquoi je go\u00fbte toujours les flacons sur plusieurs jours. Tout d\u00e9pend aussi des personnes qui m\u2019entourent. Je partage toujours le vin. J\u2019ouvre une bouteille quand je sens qu\u2019en face il y a une sensibilit\u00e9, une curiosit\u00e9.\u201d Sinon, il ne le fait pas.<\/span><\/p>\n<p><span style=\"font-weight: 400;\">Il avoue un <strong>penchant pour les vins vieux<\/strong> \u201cQuand je peux, je vais de plus en plus vers des vins \u00e2g\u00e9s. Dans les restaurants, \u00e7a devient difficile, vu les prix. Mais bon, j\u2019aime ces vins que le temps a su affranchir du bois, du fruit, de ces concentrations qui cachent tant de choses dans la jeunesse. Un vin vieux, \u00add\u00e9barrass\u00e9 des artifices et des oripeaux de l\u2019\u00e9levage, est dans une forme de v\u00e9rit\u00e9.\u201d <\/span><\/p>\n<p><span style=\"font-weight: 400;\">Et se transforme en philosophe lorsqu\u2019il parle d\u2019une d\u00e9gustation de vin, quelque chose de vivant, qui traverse les \u00e2ges.\u201c<strong>Le vin est une \u00admati\u00e8re vivante<\/strong>. Le boire est une r\u00e9surrection. Et puis, vient le temps o\u00f9 la bouteille s\u2019ach\u00e8ve. La particularit\u00e9 d\u2019un vin qu\u2019on ouvre, c\u2019est que vous \u00eates convi\u00e9 \u00e0 la fois \u00e0 sa naissance et \u00e0 sa mort. C\u2019est un cadeau inestimable \u201c <\/span><\/p>\n<h2><span style=\"font-weight: 400;\">G\u00e9rard Depardieu, le baron<\/span><\/h2>\n<p><span style=\"font-weight: 400;\">Le plus c\u00e9l\u00e8bre acteur fran\u00e7ais est un <strong>grand amoureux de vin depuis de longues ann\u00e9es<\/strong>, cela n\u2019est plus \u00e0 prouver. Il a m\u00eame investi dans le vin, en Anjou. Celui qui encha\u00eene les punch lines sait aussi se montrer volubile lorsqu\u2019on \u00e9voque le sang de la vigne. Mais il ne faut pas parler de technique au propri\u00e9taire viticole : \u00abj&rsquo;ai appris la po\u00e9sie du vin plus que l&rsquo;\u0153nologie\u00bb, disait-il \u00e0 Terre de Vins. L\u2019acteur de tous les exc\u00e8s et bon vivant au demeurant, ne manque jamais une occasion de philosopher sur le vin : \u00abSeigneurs, l&rsquo;homme est divin, car dieu n&rsquo;avait fait que l&rsquo;eau mais l&rsquo;homme a fait le vin !\u00bb.<\/span><\/p>\n<p><span style=\"font-weight: 400;\">Et quand il parle du <strong>m\u00e9tier de vigneron<\/strong> \u00e0 la <\/span><a href=\"http:\/\/www.larvf.com\/,gerard-depardieu-le-vin-la-terre-la-france-le-fisc-et-tout-le-reste,10337,4267369.asp\"><span style=\"font-weight: 400;\">Revue des Vins de France<\/span><\/a><span style=\"font-weight: 400;\">, il y va sans d\u00e9tour ! \u201cUn vrai vigneron, il ferme sa gueule. Il fait du vin, point ! Ceux qui go\u00fbtent, qui parlent autour, qui font de la philosophie, c\u2019est autre chose. Il y a tr\u00e8s peu d\u2019artistes dans le vin, c\u2019est la terre qui donne.\u201d<\/span><\/p>\n<p><span style=\"font-weight: 400;\">Mais \u00e0 la question de <strong>pourquoi il s\u2019est mis \u00e0 faire du vin<\/strong>, il r\u00e9pond : \u201cJ\u2019aime le vin, mais je ne voulais pas me contenter de le boire. Je voulais apprendre. Je ne voulais pas faire le critique, celui qui parle de vin ou de cin\u00e9ma sans savoir en faire. Je l\u2019ai dit \u00e0 Jean Carmet. C\u2019\u00e9tait un baladin des vignes. Je lui ai dit : \u00ab Tu ne peux pas parler de vin sous le regard des autres. \u00bb J\u2019ai fait du vin pour lui.\u201d<\/span><\/p>\n<p><span style=\"font-weight: 400;\">Il a m\u00eame mis sa passion au service de son m\u00e9tier, puisque r\u00e9cemment il tournait Saint-Amour aux c\u00f4t\u00e9s de Benoit Poelvoorde : un road trip qui emmenait un p\u00e8re et son fils sur les routes des vins, au fil des rencontres hasardeuses qu\u2019il vont faire. Un homme entier.<\/span><\/p>\n<p>&nbsp;<\/p>\n","protected":false},"excerpt":{"rendered":"<p>Nombreuses sont les louanges faites au vin, dans toutes les langues possibles. Aujourd\u2019hui, attardons nous sur ceux qui rendent hommage \u00e0 ce magique \u00e9lixir, dans notre beau pays qu\u2019est la France. Les c\u00e9l\u00e9brit\u00e9s s\u2019en donnent \u00e0 c\u0153ur joie : retrouvons quelques extraits d&rsquo;interviews de ces amateurs de vins qui parlent des \u00e9motions que le vin [&hellip;]<\/p>\n","protected":false},"author":15,"featured_media":2303,"comment_status":"open","ping_status":"open","sticky":false,"template":"","format":"standard","meta":{"_acf_changed":false,"footnotes":""},"categories":[29],"tags":[566,569,570,567,565,568],"class_list":["post-2302","post","type-post","status-publish","format-standard","has-post-thumbnail","hentry","category-encyclopedie-du-vin","tag-acteurs","tag-amour-du-vin","tag-citations","tag-culture","tag-film","tag-interview"],"acf":[],"yoast_head":"<!-- This site is optimized with the Yoast SEO plugin v28.3 - https:\/\/yoast.com\/product\/yoast-seo-wordpress\/ -->\n<title>Gaspard Proust, G\u00e9rard Depardieu : ils parlent de vin<\/title>\n<meta name=\"description\" content=\"Gaspard Proust, G\u00e9rard Depardieu : quand les personnalit\u00e9s parlent de vin. Entre po\u00e9sie et philosophie, voici les meilleurs extraits\" \/>\n<meta name=\"robots\" content=\"index, follow, max-snippet:-1, max-image-preview:large, max-video-preview:-1\" \/>\n<link rel=\"canonical\" href=\"https:\/\/chateausuau.com\/fr\/gaspard-proust-gerard-depardieu-quand-les-personnalites-parlent-de-vin\/\" \/>\n<meta property=\"og:locale\" content=\"fr_FR\" \/>\n<meta property=\"og:type\" content=\"article\" \/>\n<meta property=\"og:title\" content=\"Gaspard Proust, G\u00e9rard Depardieu : ils parlent de vin\" \/>\n<meta property=\"og:description\" content=\"Gaspard Proust, G\u00e9rard Depardieu : quand les personnalit\u00e9s parlent de vin. Entre po\u00e9sie et philosophie, voici les meilleurs extraits\" \/>\n<meta property=\"og:url\" content=\"https:\/\/chateausuau.com\/fr\/gaspard-proust-gerard-depardieu-quand-les-personnalites-parlent-de-vin\/\" \/>\n<meta property=\"og:site_name\" content=\"Chateau Suau\" \/>\n<meta property=\"article:published_time\" content=\"2016-07-13T16:56:31+00:00\" \/>\n<meta property=\"article:modified_time\" content=\"2019-07-08T16:00:01+00:00\" \/>\n<meta property=\"og:image\" content=\"https:\/\/chateausuau.com\/wp-content\/uploads\/2016\/07\/G--rard-Depardieu.jpg\" \/>\n\t<meta property=\"og:image:width\" content=\"847\" \/>\n\t<meta property=\"og:image:height\" content=\"339\" \/>\n\t<meta property=\"og:image:type\" content=\"image\/jpeg\" \/>\n<meta name=\"author\" content=\"Matthieu\" \/>\n<meta name=\"twitter:label1\" content=\"\u00c9crit par\" \/>\n\t<meta name=\"twitter:data1\" content=\"Matthieu\" \/>\n\t<meta name=\"twitter:label2\" content=\"Dur\u00e9e de lecture estim\u00e9e\" \/>\n\t<meta name=\"twitter:data2\" content=\"4 minutes\" \/>\n<script type=\"application\/ld+json\" class=\"yoast-schema-graph\">{\"@context\":\"https:\\\/\\\/schema.org\",\"@graph\":[{\"@type\":\"Article\",\"@id\":\"https:\\\/\\\/chateausuau.com\\\/fr\\\/gaspard-proust-gerard-depardieu-quand-les-personnalites-parlent-de-vin\\\/#article\",\"isPartOf\":{\"@id\":\"https:\\\/\\\/chateausuau.com\\\/fr\\\/gaspard-proust-gerard-depardieu-quand-les-personnalites-parlent-de-vin\\\/\"},\"author\":{\"name\":\"Matthieu\",\"@id\":\"https:\\\/\\\/chateausuau.com\\\/fr\\\/#\\\/schema\\\/person\\\/a961e91ba8f7c4de482a79b01d18f220\"},\"headline\":\"Gaspard Proust, G\u00e9rard Depardieu : quand les personnalit\u00e9s parlent de vin\",\"datePublished\":\"2016-07-13T16:56:31+00:00\",\"dateModified\":\"2019-07-08T16:00:01+00:00\",\"mainEntityOfPage\":{\"@id\":\"https:\\\/\\\/chateausuau.com\\\/fr\\\/gaspard-proust-gerard-depardieu-quand-les-personnalites-parlent-de-vin\\\/\"},\"wordCount\":764,\"commentCount\":0,\"image\":{\"@id\":\"https:\\\/\\\/chateausuau.com\\\/fr\\\/gaspard-proust-gerard-depardieu-quand-les-personnalites-parlent-de-vin\\\/#primaryimage\"},\"thumbnailUrl\":\"https:\\\/\\\/chateausuau.com\\\/wp-content\\\/uploads\\\/2016\\\/07\\\/G--rard-Depardieu.jpg\",\"keywords\":[\"acteurs\",\"amour du vin\",\"citations\",\"culture\",\"film\",\"interview\"],\"articleSection\":[\"Encyclop\u00e9die du Vin\"],\"inLanguage\":\"fr-FR\",\"potentialAction\":[{\"@type\":\"CommentAction\",\"name\":\"Comment\",\"target\":[\"https:\\\/\\\/chateausuau.com\\\/fr\\\/gaspard-proust-gerard-depardieu-quand-les-personnalites-parlent-de-vin\\\/#respond\"]}]},{\"@type\":\"WebPage\",\"@id\":\"https:\\\/\\\/chateausuau.com\\\/fr\\\/gaspard-proust-gerard-depardieu-quand-les-personnalites-parlent-de-vin\\\/\",\"url\":\"https:\\\/\\\/chateausuau.com\\\/fr\\\/gaspard-proust-gerard-depardieu-quand-les-personnalites-parlent-de-vin\\\/\",\"name\":\"Gaspard Proust, G\u00e9rard Depardieu : ils parlent de vin\",\"isPartOf\":{\"@id\":\"https:\\\/\\\/chateausuau.com\\\/fr\\\/#website\"},\"primaryImageOfPage\":{\"@id\":\"https:\\\/\\\/chateausuau.com\\\/fr\\\/gaspard-proust-gerard-depardieu-quand-les-personnalites-parlent-de-vin\\\/#primaryimage\"},\"image\":{\"@id\":\"https:\\\/\\\/chateausuau.com\\\/fr\\\/gaspard-proust-gerard-depardieu-quand-les-personnalites-parlent-de-vin\\\/#primaryimage\"},\"thumbnailUrl\":\"https:\\\/\\\/chateausuau.com\\\/wp-content\\\/uploads\\\/2016\\\/07\\\/G--rard-Depardieu.jpg\",\"datePublished\":\"2016-07-13T16:56:31+00:00\",\"dateModified\":\"2019-07-08T16:00:01+00:00\",\"author\":{\"@id\":\"https:\\\/\\\/chateausuau.com\\\/fr\\\/#\\\/schema\\\/person\\\/a961e91ba8f7c4de482a79b01d18f220\"},\"description\":\"Gaspard Proust, G\u00e9rard Depardieu : quand les personnalit\u00e9s parlent de vin. Entre po\u00e9sie et philosophie, voici les meilleurs extraits\",\"breadcrumb\":{\"@id\":\"https:\\\/\\\/chateausuau.com\\\/fr\\\/gaspard-proust-gerard-depardieu-quand-les-personnalites-parlent-de-vin\\\/#breadcrumb\"},\"inLanguage\":\"fr-FR\",\"potentialAction\":[{\"@type\":\"ReadAction\",\"target\":[\"https:\\\/\\\/chateausuau.com\\\/fr\\\/gaspard-proust-gerard-depardieu-quand-les-personnalites-parlent-de-vin\\\/\"]}]},{\"@type\":\"ImageObject\",\"inLanguage\":\"fr-FR\",\"@id\":\"https:\\\/\\\/chateausuau.com\\\/fr\\\/gaspard-proust-gerard-depardieu-quand-les-personnalites-parlent-de-vin\\\/#primaryimage\",\"url\":\"https:\\\/\\\/chateausuau.com\\\/wp-content\\\/uploads\\\/2016\\\/07\\\/G--rard-Depardieu.jpg\",\"contentUrl\":\"https:\\\/\\\/chateausuau.com\\\/wp-content\\\/uploads\\\/2016\\\/07\\\/G--rard-Depardieu.jpg\",\"width\":847,\"height\":339,\"caption\":\"G\u00e9rard Depardieu Vin\"},{\"@type\":\"BreadcrumbList\",\"@id\":\"https:\\\/\\\/chateausuau.com\\\/fr\\\/gaspard-proust-gerard-depardieu-quand-les-personnalites-parlent-de-vin\\\/#breadcrumb\",\"itemListElement\":[{\"@type\":\"ListItem\",\"position\":1,\"name\":\"Accueil\",\"item\":\"https:\\\/\\\/chateausuau.com\\\/fr\\\/\"},{\"@type\":\"ListItem\",\"position\":2,\"name\":\"Gaspard Proust, G\u00e9rard Depardieu : quand les personnalit\u00e9s parlent de vin\"}]},{\"@type\":\"WebSite\",\"@id\":\"https:\\\/\\\/chateausuau.com\\\/fr\\\/#website\",\"url\":\"https:\\\/\\\/chateausuau.com\\\/fr\\\/\",\"name\":\"Chateau Suau\",\"description\":\"Chateau Suau Winery. Official Webiste\",\"potentialAction\":[{\"@type\":\"SearchAction\",\"target\":{\"@type\":\"EntryPoint\",\"urlTemplate\":\"https:\\\/\\\/chateausuau.com\\\/fr\\\/?s={search_term_string}\"},\"query-input\":{\"@type\":\"PropertyValueSpecification\",\"valueRequired\":true,\"valueName\":\"search_term_string\"}}],\"inLanguage\":\"fr-FR\"},{\"@type\":\"Person\",\"@id\":\"https:\\\/\\\/chateausuau.com\\\/fr\\\/#\\\/schema\\\/person\\\/a961e91ba8f7c4de482a79b01d18f220\",\"name\":\"Matthieu\",\"image\":{\"@type\":\"ImageObject\",\"inLanguage\":\"fr-FR\",\"@id\":\"https:\\\/\\\/secure.gravatar.com\\\/avatar\\\/115a27531ae884eb997c76a9b6a0de7cb81d7fdbad767193514ecda4396b158f?s=96&d=mm&r=g\",\"url\":\"https:\\\/\\\/secure.gravatar.com\\\/avatar\\\/115a27531ae884eb997c76a9b6a0de7cb81d7fdbad767193514ecda4396b158f?s=96&d=mm&r=g\",\"contentUrl\":\"https:\\\/\\\/secure.gravatar.com\\\/avatar\\\/115a27531ae884eb997c76a9b6a0de7cb81d7fdbad767193514ecda4396b158f?s=96&d=mm&r=g\",\"caption\":\"Matthieu\"}}]}<\/script>\n<!-- \/ Yoast SEO plugin. -->","yoast_head_json":{"title":"Gaspard Proust, G\u00e9rard Depardieu : ils parlent de vin","description":"Gaspard Proust, G\u00e9rard Depardieu : quand les personnalit\u00e9s parlent de vin. Entre po\u00e9sie et philosophie, voici les meilleurs extraits","robots":{"index":"index","follow":"follow","max-snippet":"max-snippet:-1","max-image-preview":"max-image-preview:large","max-video-preview":"max-video-preview:-1"},"canonical":"https:\/\/chateausuau.com\/fr\/gaspard-proust-gerard-depardieu-quand-les-personnalites-parlent-de-vin\/","og_locale":"fr_FR","og_type":"article","og_title":"Gaspard Proust, G\u00e9rard Depardieu : ils parlent de vin","og_description":"Gaspard Proust, G\u00e9rard Depardieu : quand les personnalit\u00e9s parlent de vin. Entre po\u00e9sie et philosophie, voici les meilleurs extraits","og_url":"https:\/\/chateausuau.com\/fr\/gaspard-proust-gerard-depardieu-quand-les-personnalites-parlent-de-vin\/","og_site_name":"Chateau Suau","article_published_time":"2016-07-13T16:56:31+00:00","article_modified_time":"2019-07-08T16:00:01+00:00","og_image":[{"width":847,"height":339,"url":"https:\/\/chateausuau.com\/wp-content\/uploads\/2016\/07\/G--rard-Depardieu.jpg","type":"image\/jpeg"}],"author":"Matthieu","twitter_misc":{"\u00c9crit par":"Matthieu","Dur\u00e9e de lecture estim\u00e9e":"4 minutes"},"schema":{"@context":"https:\/\/schema.org","@graph":[{"@type":"Article","@id":"https:\/\/chateausuau.com\/fr\/gaspard-proust-gerard-depardieu-quand-les-personnalites-parlent-de-vin\/#article","isPartOf":{"@id":"https:\/\/chateausuau.com\/fr\/gaspard-proust-gerard-depardieu-quand-les-personnalites-parlent-de-vin\/"},"author":{"name":"Matthieu","@id":"https:\/\/chateausuau.com\/fr\/#\/schema\/person\/a961e91ba8f7c4de482a79b01d18f220"},"headline":"Gaspard Proust, G\u00e9rard Depardieu : quand les personnalit\u00e9s parlent de vin","datePublished":"2016-07-13T16:56:31+00:00","dateModified":"2019-07-08T16:00:01+00:00","mainEntityOfPage":{"@id":"https:\/\/chateausuau.com\/fr\/gaspard-proust-gerard-depardieu-quand-les-personnalites-parlent-de-vin\/"},"wordCount":764,"commentCount":0,"image":{"@id":"https:\/\/chateausuau.com\/fr\/gaspard-proust-gerard-depardieu-quand-les-personnalites-parlent-de-vin\/#primaryimage"},"thumbnailUrl":"https:\/\/chateausuau.com\/wp-content\/uploads\/2016\/07\/G--rard-Depardieu.jpg","keywords":["acteurs","amour du vin","citations","culture","film","interview"],"articleSection":["Encyclop\u00e9die du Vin"],"inLanguage":"fr-FR","potentialAction":[{"@type":"CommentAction","name":"Comment","target":["https:\/\/chateausuau.com\/fr\/gaspard-proust-gerard-depardieu-quand-les-personnalites-parlent-de-vin\/#respond"]}]},{"@type":"WebPage","@id":"https:\/\/chateausuau.com\/fr\/gaspard-proust-gerard-depardieu-quand-les-personnalites-parlent-de-vin\/","url":"https:\/\/chateausuau.com\/fr\/gaspard-proust-gerard-depardieu-quand-les-personnalites-parlent-de-vin\/","name":"Gaspard Proust, G\u00e9rard Depardieu : ils parlent de vin","isPartOf":{"@id":"https:\/\/chateausuau.com\/fr\/#website"},"primaryImageOfPage":{"@id":"https:\/\/chateausuau.com\/fr\/gaspard-proust-gerard-depardieu-quand-les-personnalites-parlent-de-vin\/#primaryimage"},"image":{"@id":"https:\/\/chateausuau.com\/fr\/gaspard-proust-gerard-depardieu-quand-les-personnalites-parlent-de-vin\/#primaryimage"},"thumbnailUrl":"https:\/\/chateausuau.com\/wp-content\/uploads\/2016\/07\/G--rard-Depardieu.jpg","datePublished":"2016-07-13T16:56:31+00:00","dateModified":"2019-07-08T16:00:01+00:00","author":{"@id":"https:\/\/chateausuau.com\/fr\/#\/schema\/person\/a961e91ba8f7c4de482a79b01d18f220"},"description":"Gaspard Proust, G\u00e9rard Depardieu : quand les personnalit\u00e9s parlent de vin. Entre po\u00e9sie et philosophie, voici les meilleurs extraits","breadcrumb":{"@id":"https:\/\/chateausuau.com\/fr\/gaspard-proust-gerard-depardieu-quand-les-personnalites-parlent-de-vin\/#breadcrumb"},"inLanguage":"fr-FR","potentialAction":[{"@type":"ReadAction","target":["https:\/\/chateausuau.com\/fr\/gaspard-proust-gerard-depardieu-quand-les-personnalites-parlent-de-vin\/"]}]},{"@type":"ImageObject","inLanguage":"fr-FR","@id":"https:\/\/chateausuau.com\/fr\/gaspard-proust-gerard-depardieu-quand-les-personnalites-parlent-de-vin\/#primaryimage","url":"https:\/\/chateausuau.com\/wp-content\/uploads\/2016\/07\/G--rard-Depardieu.jpg","contentUrl":"https:\/\/chateausuau.com\/wp-content\/uploads\/2016\/07\/G--rard-Depardieu.jpg","width":847,"height":339,"caption":"G\u00e9rard Depardieu Vin"},{"@type":"BreadcrumbList","@id":"https:\/\/chateausuau.com\/fr\/gaspard-proust-gerard-depardieu-quand-les-personnalites-parlent-de-vin\/#breadcrumb","itemListElement":[{"@type":"ListItem","position":1,"name":"Accueil","item":"https:\/\/chateausuau.com\/fr\/"},{"@type":"ListItem","position":2,"name":"Gaspard Proust, G\u00e9rard Depardieu : quand les personnalit\u00e9s parlent de vin"}]},{"@type":"WebSite","@id":"https:\/\/chateausuau.com\/fr\/#website","url":"https:\/\/chateausuau.com\/fr\/","name":"Chateau Suau","description":"Chateau Suau Winery. Official Webiste","potentialAction":[{"@type":"SearchAction","target":{"@type":"EntryPoint","urlTemplate":"https:\/\/chateausuau.com\/fr\/?s={search_term_string}"},"query-input":{"@type":"PropertyValueSpecification","valueRequired":true,"valueName":"search_term_string"}}],"inLanguage":"fr-FR"},{"@type":"Person","@id":"https:\/\/chateausuau.com\/fr\/#\/schema\/person\/a961e91ba8f7c4de482a79b01d18f220","name":"Matthieu","image":{"@type":"ImageObject","inLanguage":"fr-FR","@id":"https:\/\/secure.gravatar.com\/avatar\/115a27531ae884eb997c76a9b6a0de7cb81d7fdbad767193514ecda4396b158f?s=96&d=mm&r=g","url":"https:\/\/secure.gravatar.com\/avatar\/115a27531ae884eb997c76a9b6a0de7cb81d7fdbad767193514ecda4396b158f?s=96&d=mm&r=g","contentUrl":"https:\/\/secure.gravatar.com\/avatar\/115a27531ae884eb997c76a9b6a0de7cb81d7fdbad767193514ecda4396b158f?s=96&d=mm&r=g","caption":"Matthieu"}}]}},"_links":{"self":[{"href":"https:\/\/chateausuau.com\/fr\/wp-json\/wp\/v2\/posts\/2302","targetHints":{"allow":["GET"]}}],"collection":[{"href":"https:\/\/chateausuau.com\/fr\/wp-json\/wp\/v2\/posts"}],"about":[{"href":"https:\/\/chateausuau.com\/fr\/wp-json\/wp\/v2\/types\/post"}],"author":[{"embeddable":true,"href":"https:\/\/chateausuau.com\/fr\/wp-json\/wp\/v2\/users\/15"}],"replies":[{"embeddable":true,"href":"https:\/\/chateausuau.com\/fr\/wp-json\/wp\/v2\/comments?post=2302"}],"version-history":[{"count":0,"href":"https:\/\/chateausuau.com\/fr\/wp-json\/wp\/v2\/posts\/2302\/revisions"}],"wp:featuredmedia":[{"embeddable":true,"href":"https:\/\/chateausuau.com\/fr\/wp-json\/wp\/v2\/media\/2303"}],"wp:attachment":[{"href":"https:\/\/chateausuau.com\/fr\/wp-json\/wp\/v2\/media?parent=2302"}],"wp:term":[{"taxonomy":"category","embeddable":true,"href":"https:\/\/chateausuau.com\/fr\/wp-json\/wp\/v2\/categories?post=2302"},{"taxonomy":"post_tag","embeddable":true,"href":"https:\/\/chateausuau.com\/fr\/wp-json\/wp\/v2\/tags?post=2302"}],"curies":[{"name":"wp","href":"https:\/\/api.w.org\/{rel}","templated":true}]}}