{"id":2080,"date":"2018-02-15T07:00:28","date_gmt":"2018-02-15T07:00:28","guid":{"rendered":"http:\/\/chateausuau.com\/?p=2080"},"modified":"2019-07-08T18:01:06","modified_gmt":"2019-07-08T16:01:06","slug":"les-fetes-du-vin-en-france","status":"publish","type":"post","link":"https:\/\/chateausuau.com\/fr\/les-fetes-du-vin-en-france\/","title":{"rendered":"F\u00eates du vin: les dates \u00e0 retenir en 2018"},"content":{"rendered":"<p>&nbsp;<\/p>\n<p><div id=\"attachment_3990\" style=\"width: 1210px\" class=\"wp-caption aligncenter\"><img loading=\"lazy\" decoding=\"async\" aria-describedby=\"caption-attachment-3990\" class=\"size-full wp-image-3990\" src=\"http:\/\/chateausuau.com\/wp-content\/uploads\/2018\/02\/fete-du-vin-bordeaux-fete-le-vin-chateau-sua.jpg\" alt=\"fete du vin bordeaux fete le vin chateau sua\" width=\"1200\" height=\"800\" srcset=\"https:\/\/chateausuau.com\/wp-content\/uploads\/2018\/02\/fete-du-vin-bordeaux-fete-le-vin-chateau-sua.jpg 1200w, https:\/\/chateausuau.com\/wp-content\/uploads\/2018\/02\/fete-du-vin-bordeaux-fete-le-vin-chateau-sua-300x200.jpg 300w, https:\/\/chateausuau.com\/wp-content\/uploads\/2018\/02\/fete-du-vin-bordeaux-fete-le-vin-chateau-sua-768x512.jpg 768w, https:\/\/chateausuau.com\/wp-content\/uploads\/2018\/02\/fete-du-vin-bordeaux-fete-le-vin-chateau-sua-1024x683.jpg 1024w\" sizes=\"auto, (max-width: 1200px) 100vw, 1200px\" \/><p id=\"caption-attachment-3990\" class=\"wp-caption-text\">Cr\u00e9dit photo Image \u00e0 la une: <a href=\"https:\/\/www.flickr.com\/photos\/jonathanv190\/7461464028\/\">Jonathan d[-_-]b<\/a><\/p><\/div>Les f\u00eates du vin sont l\u2019occasion de (re)d\u00e9couvrir chaque ann\u00e9e les tr\u00e9sors de notre terroir. Voici une s\u00e9lection des <strong>festivit\u00e9s \u00e0 ne pas manquer en 2018 dans la r\u00e9gion bordelaise<\/strong>. \u00c0 vos agendas !<\/p>\n<h2>Le 15\u00e8me Marathon des Vins de Blaye<\/h2>\n<div id=\"attachment_3987\" style=\"width: 1210px\" class=\"wp-caption aligncenter\"><img loading=\"lazy\" decoding=\"async\" aria-describedby=\"caption-attachment-3987\" class=\"size-full wp-image-3987\" src=\"http:\/\/chateausuau.com\/wp-content\/uploads\/2018\/02\/fetes-du-vin-marathon-des-vins-de-blaye-chateau-suau.jpg\" alt=\"fetes du vin marathon des vins de blaye chateau suau\" width=\"1200\" height=\"800\" srcset=\"https:\/\/chateausuau.com\/wp-content\/uploads\/2018\/02\/fetes-du-vin-marathon-des-vins-de-blaye-chateau-suau.jpg 1200w, https:\/\/chateausuau.com\/wp-content\/uploads\/2018\/02\/fetes-du-vin-marathon-des-vins-de-blaye-chateau-suau-300x200.jpg 300w, https:\/\/chateausuau.com\/wp-content\/uploads\/2018\/02\/fetes-du-vin-marathon-des-vins-de-blaye-chateau-suau-768x512.jpg 768w, https:\/\/chateausuau.com\/wp-content\/uploads\/2018\/02\/fetes-du-vin-marathon-des-vins-de-blaye-chateau-suau-1024x683.jpg 1024w\" sizes=\"auto, (max-width: 1200px) 100vw, 1200px\" \/><p id=\"caption-attachment-3987\" class=\"wp-caption-text\">Photo credit: <a href=\"https:\/\/www.flickr.com\/photos\/blayecotesdebordeaux\/14175580504\/\">Blaye C\u00f4tes de Bordeaux<\/a><\/p><\/div>\n<p><span style=\"font-weight: 400;\">Explorer les Coteaux de Blaye au cours d\u2019un marathon haut en couleur, voici le programme du 15\u00e8me marathon des Vins de Blaye ! Pour cette nouvelle \u00e9dition, il propose encore un tr\u00e8s beau parcours qui devrait permettre aux coureurs de d\u00e9couvrir cette r\u00e9gion viticole, et de terminer en beaut\u00e9 par une arriv\u00e9e \u00e0 la citadelle de Blaye, class\u00e9e au patrimoine de l\u2019UNESCO. Les 10 kilom\u00e8tres de courses \u00e0 travers les vignes et les communes participantes seront suivis d\u2019un repas concert, puis d\u2019une apr\u00e8s-midi riche en animations et enfin, d\u2019une soir\u00e9e dansante.<\/span><\/p>\n<p><span style=\"font-weight: 400;\"><strong>Date:<\/strong> 12 mai 2018 &#8211; Informations: <\/span><b><a href=\"http:\/\/www.marathondesvinsdeblaye.com\/\">Marathon des Vins de Blaye<\/a><\/b>.<\/p>\n<h2>Journ\u00e9es portes ouvertes en Cadillac \u2014 C\u00f4tes de Bordeaux<\/h2>\n<p><span style=\"font-weight: 400;\">Chaque ann\u00e9e, pour la Pentec\u00f4te, les vignerons de Cadillac C\u00f4tes de Bordeaux ouvrent leurs portes au public pour deux jours de f\u00eate et d\u2019animations avec pour objectif de faire d\u00e9couvrir un pan de leur histoire tout en mettant en avant la grande qualit\u00e9 de leurs vins. Ces journ\u00e9es seront \u00e9galement l\u2019occasion de d\u00e9couvrir pr\u00e8s d\u2019une quarantaine de ch\u00e2teaux et d\u2019assister \u00e0 des cours d\u2019\u0153nologie dispens\u00e9s gratuitement par un formateur de l\u2019\u00c9cole du Vin de Bordeaux. Cerise sur le g\u00e2teau, le rallye de voitures de collection qui rassemble plus de 150 v\u00e9hicules anciens sera cette ann\u00e9e encore au programme, un rendez-vous incontournable!<\/span><\/p>\n<p><span style=\"font-weight: 400;\"><strong>Dates:<\/strong> du 19 au 20 mai 2018 &#8211; Informations: <\/span><b><a href=\"https:\/\/www.cadillaccotesdebordeaux.com\/\">Cadillac C\u00f4tes de Bordeaux<\/a><\/b>.<\/p>\n<h2>Bordeaux f\u00eate le vin<\/h2>\n<p><span style=\"font-weight: 400;\">En quelques ann\u00e9es, cette biennale est devenue l\u2019un des \u00e9v\u00e8nements viticoles majeurs en Europe. \u00c0 l\u2019occasion de sa 20\u00e8me \u00e9dition, \u201cBordeaux f\u00eate le vin\u201d accueillera les vieux gr\u00e9ements de la Tall Ship Regatta, cette course qui rassemble quelques-uns des plus beaux voiliers du monde. Des centaines de visiteurs se presseront dans les espaces r\u00e9serv\u00e9s aux vignerons et aux n\u00e9gociants \u00e0 travers un parcours de d\u00e9couverte des diff\u00e9rentes appellations bordelaises: C\u00f4tes de Bordeaux, M\u00e9doc, Grave, Saint-\u00c9milion, Pomerol et bien d\u2019autres. Un village gourmand prolongera ce circuit auquel on acc\u00e8de gr\u00e2ce \u00e0 un <\/span><a href=\"https:\/\/www.bordeaux-fete-le-vin.com\/Cote-vins\/L-indispensable-Pass-Degustation\"><b>pass d\u00e9gustation<\/b><\/a><span style=\"font-weight: 400;\"> et des animations ponctueront ces 4 jours de f\u00eate, avec chaque soir un spectacle de son et lumi\u00e8re suivi d\u2019un feu d\u2019artifice tir\u00e9 depuis le fleuve.<\/span><\/p>\n<p><span style=\"font-weight: 400;\"><strong>Dates:<\/strong> du 14 au 18 juin 2018 &#8211; Informations: <\/span><b><a href=\"https:\/\/www.bordeaux-fete-le-vin.com\/\">Bordeaux F\u00eate le Vin<\/a><\/b>.<\/p>\n<h2>Le Week-end des Grands Crus<\/h2>\n<div id=\"attachment_3986\" style=\"width: 1210px\" class=\"wp-caption aligncenter\"><img loading=\"lazy\" decoding=\"async\" aria-describedby=\"caption-attachment-3986\" class=\"size-full wp-image-3986\" src=\"http:\/\/chateausuau.com\/wp-content\/uploads\/2018\/02\/fete-du-vin-weekend-des-grands-crus-bordeaux-chateau-suau.jpg\" alt=\"fete du vin weekend des grands crus bordeaux chateau suau\" width=\"1200\" height=\"860\" srcset=\"https:\/\/chateausuau.com\/wp-content\/uploads\/2018\/02\/fete-du-vin-weekend-des-grands-crus-bordeaux-chateau-suau.jpg 1200w, https:\/\/chateausuau.com\/wp-content\/uploads\/2018\/02\/fete-du-vin-weekend-des-grands-crus-bordeaux-chateau-suau-300x215.jpg 300w, https:\/\/chateausuau.com\/wp-content\/uploads\/2018\/02\/fete-du-vin-weekend-des-grands-crus-bordeaux-chateau-suau-768x550.jpg 768w, https:\/\/chateausuau.com\/wp-content\/uploads\/2018\/02\/fete-du-vin-weekend-des-grands-crus-bordeaux-chateau-suau-1024x734.jpg 1024w\" sizes=\"auto, (max-width: 1200px) 100vw, 1200px\" \/><p id=\"caption-attachment-3986\" class=\"wp-caption-text\">Photo credit: <a href=\"https:\/\/www.flickr.com\/photos\/xavier33300\/13912949930\/\">www.twin-loc.fr<\/a><\/p><\/div>\n<p><span style=\"font-weight: 400;\">Rendez-vous incontournable des passionn\u00e9s de grands vins de Bordeaux, le Week-end des Grands Crus rassemble plus d\u2019une centaine de propri\u00e9taires venus pr\u00e9senter au grand public certains de leurs meilleurs mill\u00e9simes. Les d\u00e9gustations, qui accueillent chaque ann\u00e9e pr\u00e8s de 2000 participants, sont suivies de visites et de d\u00eeners organis\u00e9s dans les propri\u00e9t\u00e9s les plus prestigieuses de la r\u00e9gion bordelaise.<\/span><\/p>\n<p><span style=\"font-weight: 400;\"><strong>Dates:<\/strong> du 16 au 17 juin 2018 &#8211; Informations: <\/span><b><a href=\"http:\/\/www.ugcb.net\/fr\/accueil\">Union des Grands Crus de Bordeaux<\/a><\/b>.<\/p>\n<h2>Sauveterre f\u00eate ses vins &#8211; 2018<\/h2>\n<p><span style=\"font-weight: 400;\">La bastide de Sauveterre de Guyenne organisera sa traditionnelle F\u00eate des Vins en juillet. Un \u00e9v\u00e8nement convivial au cours duquel le public pourra d\u00e9couvrir les vins, la gastronomie et le folklore de la r\u00e9gion tout en appr\u00e9ciant les diverses animations et les concerts offerts pour l\u2019occasion.<\/span><\/p>\n<p><span style=\"font-weight: 400;\"><strong>Date:<\/strong> du 27 au 29 juillet 2018 &#8211; Informations: <\/span><b><a href=\"https:\/\/www.facebook.com\/ComiteDAnimationsCulturelles\/\">Comit\u00e9 d\u2019Animations Culturelles<\/a><\/b>.<\/p>\n<h2>Margaux Saveurs<\/h2>\n<p><img loading=\"lazy\" decoding=\"async\" class=\"aligncenter size-full wp-image-3989\" src=\"http:\/\/chateausuau.com\/wp-content\/uploads\/2018\/02\/fete-du-vin-margaux-saveurs-chateau-suau.jpg\" alt=\"fete du vin margaux saveurs chateau suau\" width=\"1195\" height=\"800\" srcset=\"https:\/\/chateausuau.com\/wp-content\/uploads\/2018\/02\/fete-du-vin-margaux-saveurs-chateau-suau.jpg 1195w, https:\/\/chateausuau.com\/wp-content\/uploads\/2018\/02\/fete-du-vin-margaux-saveurs-chateau-suau-300x201.jpg 300w, https:\/\/chateausuau.com\/wp-content\/uploads\/2018\/02\/fete-du-vin-margaux-saveurs-chateau-suau-768x514.jpg 768w, https:\/\/chateausuau.com\/wp-content\/uploads\/2018\/02\/fete-du-vin-margaux-saveurs-chateau-suau-1024x686.jpg 1024w\" sizes=\"auto, (max-width: 1195px) 100vw, 1195px\" \/><\/p>\n<p><span style=\"font-weight: 400;\">L\u2019appellation Margaux, ses villages et ses Ch\u00e2teaux se rassemblent en novembre pour la 10\u00e8me \u00e9dition de \u00ab Margaux Saveurs \u00bb, un festival qui vise \u00e0 faire d\u00e9couvrir au public tout l\u2019univers des vins de l\u2019appellation. Depuis les ateliers de d\u00e9gustation aux comp\u00e9titions de golf en passant par la rencontre avec les vignerons, le march\u00e9 des Saveurs et des concerts nocturnes, ces trois jours ont pour but de d\u00e9mystifier l\u2019univers viticole et de le rendre accessible \u00e0 tous.<\/span><\/p>\n<p><b>Dates: <\/b>du 16 au 18 novembre 2018 &#8211; Informations: <strong><a href=\"https:\/\/www.margaux-saveurs.com\/\">Margaux Saveurs<\/a><\/strong>.<\/p>\n<h2>Les Journ\u00e9es Gourmandes Loupiac et Foie gras<\/h2>\n<div id=\"attachment_3988\" style=\"width: 1210px\" class=\"wp-caption aligncenter\"><img loading=\"lazy\" decoding=\"async\" aria-describedby=\"caption-attachment-3988\" class=\"wp-image-3988 size-full\" src=\"http:\/\/chateausuau.com\/wp-content\/uploads\/2018\/02\/fete-du-vin-journees-portes-ouvertes-loupiac-2018-chateau-suau.jpg\" alt=\"fete du vin journees portes ouvertes loupiac 2018 chateau suau\" width=\"1200\" height=\"803\" srcset=\"https:\/\/chateausuau.com\/wp-content\/uploads\/2018\/02\/fete-du-vin-journees-portes-ouvertes-loupiac-2018-chateau-suau.jpg 1200w, https:\/\/chateausuau.com\/wp-content\/uploads\/2018\/02\/fete-du-vin-journees-portes-ouvertes-loupiac-2018-chateau-suau-300x201.jpg 300w, https:\/\/chateausuau.com\/wp-content\/uploads\/2018\/02\/fete-du-vin-journees-portes-ouvertes-loupiac-2018-chateau-suau-768x514.jpg 768w, https:\/\/chateausuau.com\/wp-content\/uploads\/2018\/02\/fete-du-vin-journees-portes-ouvertes-loupiac-2018-chateau-suau-1024x685.jpg 1024w\" sizes=\"auto, (max-width: 1200px) 100vw, 1200px\" \/><p id=\"caption-attachment-3988\" class=\"wp-caption-text\">Photo credit: <a href=\"https:\/\/www.flickr.com\/photos\/fras\/7087815807\/\">FraserElliot<\/a>.<\/p><\/div>\n<p><span style=\"font-weight: 400;\">Depuis plus de 20 ans, les Journ\u00e9es gourmandes Loupiac et Foie gras amorcent les f\u00eates de fin d\u2019ann\u00e9e en r\u00e9unissant productions artisanales landaises et vins de Loupiac. 18 ch\u00e2teaux ouvrent leurs portes \u00e0 cette occasion, en compagnie des Fermiers des Landes. Au programme: visites guid\u00e9es, d\u00e9gustations gourmandes, expositions, d\u00eener-concert etc. Le tout dans la bonne humeur et la convivialit\u00e9 !<\/span><\/p>\n<p><span style=\"font-weight: 400;\">Date: du 24 au 25 novembre 2018 &#8211; Informations: <\/span><a href=\"http:\/\/www.vins-loupiac.com\/\"><b>Les Vins de Loupiac<\/b><\/a><\/p>\n<p><span style=\"font-weight: 400;\">En 2018, <\/span><a href=\"http:\/\/chateausuau.com\/blog\/visiter-bordeaux\/\"><b>d\u00e9couvrez Bordeaux<\/b><\/a><span style=\"font-weight: 400;\"> entre deux f\u00eates du vin et profitez-en pour explorer quelques uns des <\/span><a href=\"http:\/\/chateausuau.com\/blog\/beaux-villages-autour-bordeaux\/\"><b>plus jolis villages de la r\u00e9gion<\/b><\/a><span style=\"font-weight: 400;\">.<\/span><\/p>\n<p>&nbsp;<\/p>\n","protected":false},"excerpt":{"rendered":"<p>&nbsp; Les f\u00eates du vin sont l\u2019occasion de (re)d\u00e9couvrir chaque ann\u00e9e les tr\u00e9sors de notre terroir. Voici une s\u00e9lection des festivit\u00e9s \u00e0 ne pas manquer en 2018 dans la r\u00e9gion bordelaise. \u00c0 vos agendas ! Le 15\u00e8me Marathon des Vins de Blaye Explorer les Coteaux de Blaye au cours d\u2019un marathon haut en couleur, voici [&hellip;]<\/p>\n","protected":false},"author":21,"featured_media":3990,"comment_status":"open","ping_status":"open","sticky":false,"template":"","format":"standard","meta":{"_acf_changed":false,"footnotes":""},"categories":[449],"tags":[608,113],"class_list":["post-2080","post","type-post","status-publish","format-standard","has-post-thumbnail","hentry","category-enotourisme","tag-france","tag-oenologie"],"acf":[],"yoast_head":"<!-- This site is optimized with the Yoast SEO plugin v28.3 - https:\/\/yoast.com\/product\/yoast-seo-wordpress\/ -->\n<title>F\u00eates du vin: les dates \u00e0 retenir en 2018<\/title>\n<meta name=\"description\" content=\"Les f\u00eates du vin sont l&#039;occasion de (re)d\u00e9couvrir chaque ann\u00e9e les tr\u00e9sors de notre terroir. S\u00e9lection des festivit\u00e9s \u00e0 ne pas manquer en 2018\" \/>\n<meta name=\"robots\" content=\"index, follow, max-snippet:-1, max-image-preview:large, max-video-preview:-1\" \/>\n<link rel=\"canonical\" href=\"https:\/\/chateausuau.com\/fr\/les-fetes-du-vin-en-france\/\" \/>\n<meta property=\"og:locale\" content=\"fr_FR\" \/>\n<meta property=\"og:type\" content=\"article\" \/>\n<meta property=\"og:title\" content=\"F\u00eates du vin: les dates \u00e0 retenir en 2018\" \/>\n<meta property=\"og:description\" content=\"Les f\u00eates du vin sont l&#039;occasion de (re)d\u00e9couvrir chaque ann\u00e9e les tr\u00e9sors de notre terroir. S\u00e9lection des festivit\u00e9s \u00e0 ne pas manquer en 2018\" \/>\n<meta property=\"og:url\" content=\"https:\/\/chateausuau.com\/fr\/les-fetes-du-vin-en-france\/\" \/>\n<meta property=\"og:site_name\" content=\"Chateau Suau\" \/>\n<meta property=\"article:published_time\" content=\"2018-02-15T07:00:28+00:00\" \/>\n<meta property=\"article:modified_time\" content=\"2019-07-08T16:01:06+00:00\" \/>\n<meta property=\"og:image\" content=\"https:\/\/chateausuau.com\/wp-content\/uploads\/2018\/02\/fete-du-vin-bordeaux-fete-le-vin-chateau-sua.jpg\" \/>\n\t<meta property=\"og:image:width\" content=\"1200\" \/>\n\t<meta property=\"og:image:height\" content=\"800\" \/>\n\t<meta property=\"og:image:type\" content=\"image\/jpeg\" \/>\n<meta name=\"author\" content=\"Lydia (Nowmadz)\" \/>\n<meta name=\"twitter:label1\" content=\"\u00c9crit par\" \/>\n\t<meta name=\"twitter:data1\" content=\"Lydia (Nowmadz)\" \/>\n\t<meta name=\"twitter:label2\" content=\"Dur\u00e9e de lecture estim\u00e9e\" \/>\n\t<meta name=\"twitter:data2\" content=\"4 minutes\" \/>\n<script type=\"application\/ld+json\" class=\"yoast-schema-graph\">{\"@context\":\"https:\\\/\\\/schema.org\",\"@graph\":[{\"@type\":\"Article\",\"@id\":\"https:\\\/\\\/chateausuau.com\\\/fr\\\/les-fetes-du-vin-en-france\\\/#article\",\"isPartOf\":{\"@id\":\"https:\\\/\\\/chateausuau.com\\\/fr\\\/les-fetes-du-vin-en-france\\\/\"},\"author\":{\"name\":\"Lydia (Nowmadz)\",\"@id\":\"https:\\\/\\\/chateausuau.com\\\/fr\\\/#\\\/schema\\\/person\\\/37c68d4e2095ad423ee465eee93d4c40\"},\"headline\":\"F\u00eates du vin: les dates \u00e0 retenir en 2018\",\"datePublished\":\"2018-02-15T07:00:28+00:00\",\"dateModified\":\"2019-07-08T16:01:06+00:00\",\"mainEntityOfPage\":{\"@id\":\"https:\\\/\\\/chateausuau.com\\\/fr\\\/les-fetes-du-vin-en-france\\\/\"},\"wordCount\":865,\"commentCount\":0,\"image\":{\"@id\":\"https:\\\/\\\/chateausuau.com\\\/fr\\\/les-fetes-du-vin-en-france\\\/#primaryimage\"},\"thumbnailUrl\":\"https:\\\/\\\/chateausuau.com\\\/wp-content\\\/uploads\\\/2018\\\/02\\\/fete-du-vin-bordeaux-fete-le-vin-chateau-sua.jpg\",\"keywords\":[\"france\",\"Oenologie\"],\"articleSection\":[\"\u0152notourisme\"],\"inLanguage\":\"fr-FR\",\"potentialAction\":[{\"@type\":\"CommentAction\",\"name\":\"Comment\",\"target\":[\"https:\\\/\\\/chateausuau.com\\\/fr\\\/les-fetes-du-vin-en-france\\\/#respond\"]}]},{\"@type\":\"WebPage\",\"@id\":\"https:\\\/\\\/chateausuau.com\\\/fr\\\/les-fetes-du-vin-en-france\\\/\",\"url\":\"https:\\\/\\\/chateausuau.com\\\/fr\\\/les-fetes-du-vin-en-france\\\/\",\"name\":\"F\u00eates du vin: les dates \u00e0 retenir en 2018\",\"isPartOf\":{\"@id\":\"https:\\\/\\\/chateausuau.com\\\/fr\\\/#website\"},\"primaryImageOfPage\":{\"@id\":\"https:\\\/\\\/chateausuau.com\\\/fr\\\/les-fetes-du-vin-en-france\\\/#primaryimage\"},\"image\":{\"@id\":\"https:\\\/\\\/chateausuau.com\\\/fr\\\/les-fetes-du-vin-en-france\\\/#primaryimage\"},\"thumbnailUrl\":\"https:\\\/\\\/chateausuau.com\\\/wp-content\\\/uploads\\\/2018\\\/02\\\/fete-du-vin-bordeaux-fete-le-vin-chateau-sua.jpg\",\"datePublished\":\"2018-02-15T07:00:28+00:00\",\"dateModified\":\"2019-07-08T16:01:06+00:00\",\"author\":{\"@id\":\"https:\\\/\\\/chateausuau.com\\\/fr\\\/#\\\/schema\\\/person\\\/37c68d4e2095ad423ee465eee93d4c40\"},\"description\":\"Les f\u00eates du vin sont l'occasion de (re)d\u00e9couvrir chaque ann\u00e9e les tr\u00e9sors de notre terroir. S\u00e9lection des festivit\u00e9s \u00e0 ne pas manquer en 2018\",\"breadcrumb\":{\"@id\":\"https:\\\/\\\/chateausuau.com\\\/fr\\\/les-fetes-du-vin-en-france\\\/#breadcrumb\"},\"inLanguage\":\"fr-FR\",\"potentialAction\":[{\"@type\":\"ReadAction\",\"target\":[\"https:\\\/\\\/chateausuau.com\\\/fr\\\/les-fetes-du-vin-en-france\\\/\"]}]},{\"@type\":\"ImageObject\",\"inLanguage\":\"fr-FR\",\"@id\":\"https:\\\/\\\/chateausuau.com\\\/fr\\\/les-fetes-du-vin-en-france\\\/#primaryimage\",\"url\":\"https:\\\/\\\/chateausuau.com\\\/wp-content\\\/uploads\\\/2018\\\/02\\\/fete-du-vin-bordeaux-fete-le-vin-chateau-sua.jpg\",\"contentUrl\":\"https:\\\/\\\/chateausuau.com\\\/wp-content\\\/uploads\\\/2018\\\/02\\\/fete-du-vin-bordeaux-fete-le-vin-chateau-sua.jpg\",\"width\":1200,\"height\":800,\"caption\":\"Cr\u00e9dit photo Image \u00e0 la une: Jonathan d[-_-]b\"},{\"@type\":\"BreadcrumbList\",\"@id\":\"https:\\\/\\\/chateausuau.com\\\/fr\\\/les-fetes-du-vin-en-france\\\/#breadcrumb\",\"itemListElement\":[{\"@type\":\"ListItem\",\"position\":1,\"name\":\"Accueil\",\"item\":\"https:\\\/\\\/chateausuau.com\\\/fr\\\/\"},{\"@type\":\"ListItem\",\"position\":2,\"name\":\"F\u00eates du vin: les dates \u00e0 retenir en 2018\"}]},{\"@type\":\"WebSite\",\"@id\":\"https:\\\/\\\/chateausuau.com\\\/fr\\\/#website\",\"url\":\"https:\\\/\\\/chateausuau.com\\\/fr\\\/\",\"name\":\"Chateau Suau\",\"description\":\"Chateau Suau Winery. Official Webiste\",\"potentialAction\":[{\"@type\":\"SearchAction\",\"target\":{\"@type\":\"EntryPoint\",\"urlTemplate\":\"https:\\\/\\\/chateausuau.com\\\/fr\\\/?s={search_term_string}\"},\"query-input\":{\"@type\":\"PropertyValueSpecification\",\"valueRequired\":true,\"valueName\":\"search_term_string\"}}],\"inLanguage\":\"fr-FR\"},{\"@type\":\"Person\",\"@id\":\"https:\\\/\\\/chateausuau.com\\\/fr\\\/#\\\/schema\\\/person\\\/37c68d4e2095ad423ee465eee93d4c40\",\"name\":\"Lydia (Nowmadz)\",\"image\":{\"@type\":\"ImageObject\",\"inLanguage\":\"fr-FR\",\"@id\":\"https:\\\/\\\/chateausuau.com\\\/wp-content\\\/uploads\\\/2017\\\/06\\\/foto_Lydia-Rajteric_travel-100x100.jpg\",\"url\":\"https:\\\/\\\/chateausuau.com\\\/wp-content\\\/uploads\\\/2017\\\/06\\\/foto_Lydia-Rajteric_travel-100x100.jpg\",\"contentUrl\":\"https:\\\/\\\/chateausuau.com\\\/wp-content\\\/uploads\\\/2017\\\/06\\\/foto_Lydia-Rajteric_travel-100x100.jpg\",\"caption\":\"Lydia (Nowmadz)\"},\"description\":\"Blogueuse \u00e9picurienne et voyageuse, Lydia a voyag\u00e9 autour du monde durant plusieurs mois avant de (re)poser ses valises en France. Elle voyage \u00e0 pr\u00e9sent en famille et retranscrit ses r\u00e9cits sur son blog Nowmadz.com.\",\"sameAs\":[\"https:\\\/\\\/nowmadz.com\\\/\"]}]}<\/script>\n<!-- \/ Yoast SEO plugin. -->","yoast_head_json":{"title":"F\u00eates du vin: les dates \u00e0 retenir en 2018","description":"Les f\u00eates du vin sont l'occasion de (re)d\u00e9couvrir chaque ann\u00e9e les tr\u00e9sors de notre terroir. S\u00e9lection des festivit\u00e9s \u00e0 ne pas manquer en 2018","robots":{"index":"index","follow":"follow","max-snippet":"max-snippet:-1","max-image-preview":"max-image-preview:large","max-video-preview":"max-video-preview:-1"},"canonical":"https:\/\/chateausuau.com\/fr\/les-fetes-du-vin-en-france\/","og_locale":"fr_FR","og_type":"article","og_title":"F\u00eates du vin: les dates \u00e0 retenir en 2018","og_description":"Les f\u00eates du vin sont l'occasion de (re)d\u00e9couvrir chaque ann\u00e9e les tr\u00e9sors de notre terroir. S\u00e9lection des festivit\u00e9s \u00e0 ne pas manquer en 2018","og_url":"https:\/\/chateausuau.com\/fr\/les-fetes-du-vin-en-france\/","og_site_name":"Chateau Suau","article_published_time":"2018-02-15T07:00:28+00:00","article_modified_time":"2019-07-08T16:01:06+00:00","og_image":[{"width":1200,"height":800,"url":"https:\/\/chateausuau.com\/wp-content\/uploads\/2018\/02\/fete-du-vin-bordeaux-fete-le-vin-chateau-sua.jpg","type":"image\/jpeg"}],"author":"Lydia (Nowmadz)","twitter_misc":{"\u00c9crit par":"Lydia (Nowmadz)","Dur\u00e9e de lecture estim\u00e9e":"4 minutes"},"schema":{"@context":"https:\/\/schema.org","@graph":[{"@type":"Article","@id":"https:\/\/chateausuau.com\/fr\/les-fetes-du-vin-en-france\/#article","isPartOf":{"@id":"https:\/\/chateausuau.com\/fr\/les-fetes-du-vin-en-france\/"},"author":{"name":"Lydia (Nowmadz)","@id":"https:\/\/chateausuau.com\/fr\/#\/schema\/person\/37c68d4e2095ad423ee465eee93d4c40"},"headline":"F\u00eates du vin: les dates \u00e0 retenir en 2018","datePublished":"2018-02-15T07:00:28+00:00","dateModified":"2019-07-08T16:01:06+00:00","mainEntityOfPage":{"@id":"https:\/\/chateausuau.com\/fr\/les-fetes-du-vin-en-france\/"},"wordCount":865,"commentCount":0,"image":{"@id":"https:\/\/chateausuau.com\/fr\/les-fetes-du-vin-en-france\/#primaryimage"},"thumbnailUrl":"https:\/\/chateausuau.com\/wp-content\/uploads\/2018\/02\/fete-du-vin-bordeaux-fete-le-vin-chateau-sua.jpg","keywords":["france","Oenologie"],"articleSection":["\u0152notourisme"],"inLanguage":"fr-FR","potentialAction":[{"@type":"CommentAction","name":"Comment","target":["https:\/\/chateausuau.com\/fr\/les-fetes-du-vin-en-france\/#respond"]}]},{"@type":"WebPage","@id":"https:\/\/chateausuau.com\/fr\/les-fetes-du-vin-en-france\/","url":"https:\/\/chateausuau.com\/fr\/les-fetes-du-vin-en-france\/","name":"F\u00eates du vin: les dates \u00e0 retenir en 2018","isPartOf":{"@id":"https:\/\/chateausuau.com\/fr\/#website"},"primaryImageOfPage":{"@id":"https:\/\/chateausuau.com\/fr\/les-fetes-du-vin-en-france\/#primaryimage"},"image":{"@id":"https:\/\/chateausuau.com\/fr\/les-fetes-du-vin-en-france\/#primaryimage"},"thumbnailUrl":"https:\/\/chateausuau.com\/wp-content\/uploads\/2018\/02\/fete-du-vin-bordeaux-fete-le-vin-chateau-sua.jpg","datePublished":"2018-02-15T07:00:28+00:00","dateModified":"2019-07-08T16:01:06+00:00","author":{"@id":"https:\/\/chateausuau.com\/fr\/#\/schema\/person\/37c68d4e2095ad423ee465eee93d4c40"},"description":"Les f\u00eates du vin sont l'occasion de (re)d\u00e9couvrir chaque ann\u00e9e les tr\u00e9sors de notre terroir. S\u00e9lection des festivit\u00e9s \u00e0 ne pas manquer en 2018","breadcrumb":{"@id":"https:\/\/chateausuau.com\/fr\/les-fetes-du-vin-en-france\/#breadcrumb"},"inLanguage":"fr-FR","potentialAction":[{"@type":"ReadAction","target":["https:\/\/chateausuau.com\/fr\/les-fetes-du-vin-en-france\/"]}]},{"@type":"ImageObject","inLanguage":"fr-FR","@id":"https:\/\/chateausuau.com\/fr\/les-fetes-du-vin-en-france\/#primaryimage","url":"https:\/\/chateausuau.com\/wp-content\/uploads\/2018\/02\/fete-du-vin-bordeaux-fete-le-vin-chateau-sua.jpg","contentUrl":"https:\/\/chateausuau.com\/wp-content\/uploads\/2018\/02\/fete-du-vin-bordeaux-fete-le-vin-chateau-sua.jpg","width":1200,"height":800,"caption":"Cr\u00e9dit photo Image \u00e0 la une: Jonathan d[-_-]b"},{"@type":"BreadcrumbList","@id":"https:\/\/chateausuau.com\/fr\/les-fetes-du-vin-en-france\/#breadcrumb","itemListElement":[{"@type":"ListItem","position":1,"name":"Accueil","item":"https:\/\/chateausuau.com\/fr\/"},{"@type":"ListItem","position":2,"name":"F\u00eates du vin: les dates \u00e0 retenir en 2018"}]},{"@type":"WebSite","@id":"https:\/\/chateausuau.com\/fr\/#website","url":"https:\/\/chateausuau.com\/fr\/","name":"Chateau Suau","description":"Chateau Suau Winery. Official Webiste","potentialAction":[{"@type":"SearchAction","target":{"@type":"EntryPoint","urlTemplate":"https:\/\/chateausuau.com\/fr\/?s={search_term_string}"},"query-input":{"@type":"PropertyValueSpecification","valueRequired":true,"valueName":"search_term_string"}}],"inLanguage":"fr-FR"},{"@type":"Person","@id":"https:\/\/chateausuau.com\/fr\/#\/schema\/person\/37c68d4e2095ad423ee465eee93d4c40","name":"Lydia (Nowmadz)","image":{"@type":"ImageObject","inLanguage":"fr-FR","@id":"https:\/\/chateausuau.com\/wp-content\/uploads\/2017\/06\/foto_Lydia-Rajteric_travel-100x100.jpg","url":"https:\/\/chateausuau.com\/wp-content\/uploads\/2017\/06\/foto_Lydia-Rajteric_travel-100x100.jpg","contentUrl":"https:\/\/chateausuau.com\/wp-content\/uploads\/2017\/06\/foto_Lydia-Rajteric_travel-100x100.jpg","caption":"Lydia (Nowmadz)"},"description":"Blogueuse \u00e9picurienne et voyageuse, Lydia a voyag\u00e9 autour du monde durant plusieurs mois avant de (re)poser ses valises en France. Elle voyage \u00e0 pr\u00e9sent en famille et retranscrit ses r\u00e9cits sur son blog Nowmadz.com.","sameAs":["https:\/\/nowmadz.com\/"]}]}},"_links":{"self":[{"href":"https:\/\/chateausuau.com\/fr\/wp-json\/wp\/v2\/posts\/2080","targetHints":{"allow":["GET"]}}],"collection":[{"href":"https:\/\/chateausuau.com\/fr\/wp-json\/wp\/v2\/posts"}],"about":[{"href":"https:\/\/chateausuau.com\/fr\/wp-json\/wp\/v2\/types\/post"}],"author":[{"embeddable":true,"href":"https:\/\/chateausuau.com\/fr\/wp-json\/wp\/v2\/users\/21"}],"replies":[{"embeddable":true,"href":"https:\/\/chateausuau.com\/fr\/wp-json\/wp\/v2\/comments?post=2080"}],"version-history":[{"count":0,"href":"https:\/\/chateausuau.com\/fr\/wp-json\/wp\/v2\/posts\/2080\/revisions"}],"wp:featuredmedia":[{"embeddable":true,"href":"https:\/\/chateausuau.com\/fr\/wp-json\/wp\/v2\/media\/3990"}],"wp:attachment":[{"href":"https:\/\/chateausuau.com\/fr\/wp-json\/wp\/v2\/media?parent=2080"}],"wp:term":[{"taxonomy":"category","embeddable":true,"href":"https:\/\/chateausuau.com\/fr\/wp-json\/wp\/v2\/categories?post=2080"},{"taxonomy":"post_tag","embeddable":true,"href":"https:\/\/chateausuau.com\/fr\/wp-json\/wp\/v2\/tags?post=2080"}],"curies":[{"name":"wp","href":"https:\/\/api.w.org\/{rel}","templated":true}]}}