{"id":1948,"date":"2016-05-13T13:47:36","date_gmt":"2016-05-13T11:47:36","guid":{"rendered":"http:\/\/chateausuau.com\/?p=1948"},"modified":"2020-01-28T12:26:45","modified_gmt":"2020-01-28T11:26:45","slug":"bordeaux-fete-le-vin-2016-2","status":"publish","type":"post","link":"https:\/\/chateausuau.com\/fr\/bordeaux-fete-le-vin-2016-2\/","title":{"rendered":"Bordeaux F\u00eate le Vin 2016"},"content":{"rendered":"<p><img loading=\"lazy\" decoding=\"async\" class=\"alignnone size-full wp-image-1952\" src=\"http:\/\/chateausuau.com\/wp-content\/uploads\/2016\/05\/Bordeaux-F--te-le-Vin-2016.jpg\" alt=\"Bordeaux F\u00eate le Vin 2016\" width=\"847\" height=\"564\" srcset=\"https:\/\/chateausuau.com\/wp-content\/uploads\/2016\/05\/Bordeaux-F--te-le-Vin-2016.jpg 847w, https:\/\/chateausuau.com\/wp-content\/uploads\/2016\/05\/Bordeaux-F--te-le-Vin-2016-300x200.jpg 300w, https:\/\/chateausuau.com\/wp-content\/uploads\/2016\/05\/Bordeaux-F--te-le-Vin-2016-768x511.jpg 768w\" sizes=\"auto, (max-width: 847px) 100vw, 847px\" \/><\/p>\n<p><span style=\"font-weight: 400;\">Avec l\u2019Euro de Football qui passera en France pendant un mois, l\u2019\u00e9v\u00e9nement incontournable de cet \u00e9t\u00e9 est assur\u00e9ment <strong>Bordeaux F\u00eate le Vin 2016<\/strong>. Cette biennale qui alterne avec Bordeaux F\u00eate le Fleuve est <strong>un rendez-vous tr\u00e8s attendu des amoureux du vin<\/strong> du monde entier. Et la f\u00eate se veut de plus en plus internationale car 10 villes invit\u00e9es seront \u00e0 l&rsquo;honneur durant les 4 jours de c\u00e9l\u00e9bration.<\/span><\/p>\n<h2><span style=\"font-weight: 400;\">Bordeaux F\u00eate le Vin, un \u00e9v\u00e9nement tr\u00e8s attendu !<\/span><\/h2>\n<p><span style=\"font-weight: 400;\">A l\u2019occasion de cette F\u00eate du Vin de Bordeaux c\u2019est tout l\u2019\u00e9cosyst\u00e8me de la R\u00e9gion (et de plus loin) qui fr\u00e9mit. Ce sont les chiffres qui parlent le mieux de cet engouement populaires. Bordeaux F\u00eate le Vin (ou <strong>#BFV2016<\/strong> sur les r\u00e9seaux sociaux) c\u2019est une route des vins le long des quais de Garonne longue de 2 kilom\u00e8tres, sur laquelle s\u2019associeront <strong>80 appellations<\/strong>. Du 23 au 26 juin, plus de 500.000 personnes sont attendues, ainsi qu\u2019un millier de vignerons et n\u00e9gociants ravis de vous faire partager leur passion. Vous vous en \u00eates certainement rendus compte, \u00e7a fera du monde \u00e0 Bordeaux. Les pr\u00e9visions peuvent \u00eatre facilement revues \u00e0 la hausse puisque l<strong>\u2019Euro de football<\/strong> battra son plein \u00e0 cet \u00e9poque dans la ville et l\u2019on peut s\u2019attendre \u00e0 ce que de nombreux amateurs de football se joignent\u00a0\u00e0 la f\u00eate.<\/span><\/p>\n<p><span style=\"font-weight: 400;\">Bordeaux F\u00eate le Vin 2016 sera certainement <strong>la plus internationale des \u00e9ditions<\/strong> puisque pas moins de villes \u00e9trang\u00e8res seront de la f\u00eate. Il y aura bien \u00e9videmment les villes historiques qui sont Bruxelles, Qu\u00e9bec, Hong Kong, mais nous pourrons aussi compter sur la pr\u00e9sence de Bilbao (Espagne) , de Cape Town ou Le Cap (Afrique du Sud) ,de Mainz (Allemagne), Mendoza (Argentine), Porto (Portugal), San Francisco (Etats-Unis), Valparaiso (Chili).<\/span><\/p>\n<p><span style=\"font-weight: 400;\">Astuce : pour vous procurer un pass \u00e0 prix r\u00e9duit (<strong>16\u20ac au lieu de 21\u20ac<\/strong> le jour m\u00eame), d\u00e9p\u00eachez-vous de les commander d\u00e8s maintenant <\/span><a href=\"http:\/\/www.bordeaux-fete-le-vin.com\/Billetterie\/Pass-Degustation\"><span style=\"font-weight: 400;\">sur le site Internet d\u00e9di\u00e9<\/span><\/a><span style=\"font-weight: 400;\"> !<\/span><\/p>\n<h2><span style=\"font-weight: 400;\">Un programme de haute vol\u00e9e<\/span><\/h2>\n<p><img loading=\"lazy\" decoding=\"async\" class=\"alignnone size-full wp-image-1951\" src=\"http:\/\/chateausuau.com\/wp-content\/uploads\/2016\/05\/Bordeaux-Fete-le-Vin-2016-Belem.jpg\" alt=\"Bordeaux F\u00eate le Vin Belem\" width=\"847\" height=\"484\" srcset=\"https:\/\/chateausuau.com\/wp-content\/uploads\/2016\/05\/Bordeaux-Fete-le-Vin-2016-Belem.jpg 847w, https:\/\/chateausuau.com\/wp-content\/uploads\/2016\/05\/Bordeaux-Fete-le-Vin-2016-Belem-300x171.jpg 300w, https:\/\/chateausuau.com\/wp-content\/uploads\/2016\/05\/Bordeaux-Fete-le-Vin-2016-Belem-768x439.jpg 768w\" sizes=\"auto, (max-width: 847px) 100vw, 847px\" \/><\/p>\n<p><span style=\"font-weight: 400;\">A quoi vous attendre pour ce nouveau mill\u00e9sime de Bordeaux F\u00eate le Vin ? Nous pouvons vous dire que le programme est all\u00e9chant ! <\/span><\/p>\n<p><span style=\"font-weight: 400;\">Outre les nombreuses d\u00e9gutations que vous pourrez faire sur les diff\u00e9rents pavillons, l\u2019Ecole du Vin proposera des initiations \u00e0 la d\u00e9gustation et un village et un gourmand s\u2019occupera de vous rassasier de produits r\u00e9gionaux. On y attend m\u00eame des food-trucks pour r\u00e9galer vos papilles. <strong>Le magnifique Belem<\/strong>, le plus ancien trois-mats d\u2019Europe reviendra mouiller en Garonne, pour le plus grand plaisir des visiteurs qui pourront le visiter. Aux alentours du miroir d\u2019eau, vous pourrez assister \u00e0 des courses de roulage de barriques, exercice tr\u00e8s technique ! <\/span><a href=\"http:\/\/www.bordeaux-fete-le-vin.com\/Programme\/Animations-et-rendez-vous\"><span style=\"font-weight: 400;\">De nombreuses animations vous attendent<\/span><\/a><span style=\"font-weight: 400;\"> et il faut souligner la grande nouveaut\u00e9 de cette \u00e9dition, qui vient ajouter encore plus d\u2019int\u00e9r\u00eat \u00e0 Bordeaux F\u00eate le Vin, \u00e0 savoir la possibilit\u00e9 de visiter la toute nouvelle <\/span><strong><a href=\"http:\/\/chateausuau.com\/blog\/ouverture-prochaine-de-la-cite-du-vin-a-bordeaux\/\">Cit\u00e9 du Vin<\/a><\/strong><span style=\"font-weight: 400;\"> qui ouvrira ses portes d\u00e9but juin.<\/span><\/p>\n<p><span style=\"font-weight: 400;\"> De nombreux spectacles sont pr\u00e9vus, tels que le magnifique <strong>Son et Lumi\u00e8re<\/strong> projet\u00e9 sur le palais de la Bourse, chaque soir, ainsi que le feu d\u2019artifice lui aussi tir\u00e9 chaque soir.<\/span><\/p>\n<h2><span style=\"font-weight: 400;\">O\u00f9 trouver le Ch\u00e2teau Suau \u00e0 Bordeaux F\u00eate le Vin ?<\/span><\/h2>\n<p><span style=\"font-weight: 400;\">Nous prendrons bien \u00e9videmment part \u00e0 la f\u00eate ! Pour nous trouver, il vous faudra traverser la Garonne et vous rendre \u00e0 <strong>Darwin LE lieu alternatif de Bordeaux<\/strong>. Ici r\u00e9sideront les vignerons adh\u00e9rents du Syndicat des Vignerons Bios d\u2019Aquitaine pour une soir\u00e9e de magie. En effet, le samedi 25 juin \u00e0 20h, un concert sera donn\u00e9 par l<strong>\u2019Orchestre National de Bordeaux Aquitaine<\/strong>, rien que \u00e7a ! S\u2019ensuivra une d\u00e9gustation des vins biologiques et nous serons heureux de vous y retrouver pour vous faire d\u00e9couvrir les vins de notre production.<\/span><\/p>\n<p><span style=\"font-weight: 400;\">Pour plus d\u2019informations sur l\u2019\u00e9v\u00e9nement, <\/span><a href=\"http:\/\/www.bordeaux-fete-le-vin.com\/Programme\/Spectacles-Concerts\/Halles-Darwin-Musique-et-Vins-Bio\"><span style=\"font-weight: 400;\">rendez-vous ici<\/span><\/a><span style=\"font-weight: 400;\"> !<\/span><\/p>\n<p>Pour finir, on vous laisse avec la nouvelle vid\u00e9o de Bordeaux F\u00eate le Vin : \u00e0 bient\u00f4t !<\/p>\n<p><iframe loading=\"lazy\" style=\"border: none; overflow: hidden;\" src=\"https:\/\/www.facebook.com\/plugins\/video.php?href=https%3A%2F%2Fwww.facebook.com%2Fbordeaux.tourisme%2Fvideos%2F883600665100722%2F&amp;show_text=0&amp;width=560\" width=\"560\" height=\"315\" frameborder=\"0\" scrolling=\"no\" allowfullscreen=\"allowfullscreen\"><\/iframe><\/p>\n","protected":false},"excerpt":{"rendered":"<p>Avec l\u2019Euro de Football qui passera en France pendant un mois, l\u2019\u00e9v\u00e9nement incontournable de cet \u00e9t\u00e9 est assur\u00e9ment Bordeaux F\u00eate le Vin 2016. Cette biennale qui alterne avec Bordeaux F\u00eate le Fleuve est un rendez-vous tr\u00e8s attendu des amoureux du vin du monde entier. Et la f\u00eate se veut de plus en plus internationale car [&hellip;]<\/p>\n","protected":false},"author":15,"featured_media":1952,"comment_status":"open","ping_status":"open","sticky":false,"template":"","format":"standard","meta":{"_acf_changed":false,"footnotes":""},"categories":[16,449],"tags":[430,333,462],"class_list":["post-1948","post","type-post","status-publish","format-standard","has-post-thumbnail","hentry","category-nouvelles-suau","category-enotourisme","tag-cite-du-vin","tag-degustation","tag-tourisme"],"acf":[],"yoast_head":"<!-- This site is optimized with the Yoast SEO plugin v28.3 - https:\/\/yoast.com\/product\/yoast-seo-wordpress\/ -->\n<title>Bordeaux F\u00eate le Vin 2016 : l&#039;\u00e9v\u00e9nement tant attendu !<\/title>\n<meta name=\"description\" content=\"Avec l&#039;ouverture de la Cit\u00e9 du Vin, la nouvelle \u00e9dition de Bordeaux F\u00eate le Vin 2016 aura encore plus de prestige ! Un programme riche \u00e0 d\u00e9couvrir !\" \/>\n<meta name=\"robots\" content=\"index, follow, max-snippet:-1, max-image-preview:large, max-video-preview:-1\" \/>\n<link rel=\"canonical\" href=\"https:\/\/chateausuau.com\/fr\/bordeaux-fete-le-vin-2016-2\/\" \/>\n<meta property=\"og:locale\" content=\"fr_FR\" \/>\n<meta property=\"og:type\" content=\"article\" \/>\n<meta property=\"og:title\" content=\"Bordeaux F\u00eate le Vin 2016 : l&#039;\u00e9v\u00e9nement tant attendu !\" \/>\n<meta property=\"og:description\" content=\"Avec l&#039;ouverture de la Cit\u00e9 du Vin, la nouvelle \u00e9dition de Bordeaux F\u00eate le Vin 2016 aura encore plus de prestige ! Un programme riche \u00e0 d\u00e9couvrir !\" \/>\n<meta property=\"og:url\" content=\"https:\/\/chateausuau.com\/fr\/bordeaux-fete-le-vin-2016-2\/\" \/>\n<meta property=\"og:site_name\" content=\"Chateau Suau\" \/>\n<meta property=\"article:published_time\" content=\"2016-05-13T11:47:36+00:00\" \/>\n<meta property=\"article:modified_time\" content=\"2020-01-28T11:26:45+00:00\" \/>\n<meta property=\"og:image\" content=\"https:\/\/chateausuau.com\/wp-content\/uploads\/2016\/05\/Bordeaux-F--te-le-Vin-2016.jpg\" \/>\n\t<meta property=\"og:image:width\" content=\"847\" \/>\n\t<meta property=\"og:image:height\" content=\"564\" \/>\n\t<meta property=\"og:image:type\" content=\"image\/jpeg\" \/>\n<meta name=\"author\" content=\"Matthieu\" \/>\n<meta name=\"twitter:label1\" content=\"\u00c9crit par\" \/>\n\t<meta name=\"twitter:data1\" content=\"Matthieu\" \/>\n\t<meta name=\"twitter:label2\" content=\"Dur\u00e9e de lecture estim\u00e9e\" \/>\n\t<meta name=\"twitter:data2\" content=\"3 minutes\" \/>\n<script type=\"application\/ld+json\" class=\"yoast-schema-graph\">{\"@context\":\"https:\\\/\\\/schema.org\",\"@graph\":[{\"@type\":\"Article\",\"@id\":\"https:\\\/\\\/chateausuau.com\\\/fr\\\/bordeaux-fete-le-vin-2016-2\\\/#article\",\"isPartOf\":{\"@id\":\"https:\\\/\\\/chateausuau.com\\\/fr\\\/bordeaux-fete-le-vin-2016-2\\\/\"},\"author\":{\"name\":\"Matthieu\",\"@id\":\"https:\\\/\\\/chateausuau.com\\\/fr\\\/#\\\/schema\\\/person\\\/a961e91ba8f7c4de482a79b01d18f220\"},\"headline\":\"Bordeaux F\u00eate le Vin 2016\",\"datePublished\":\"2016-05-13T11:47:36+00:00\",\"dateModified\":\"2020-01-28T11:26:45+00:00\",\"mainEntityOfPage\":{\"@id\":\"https:\\\/\\\/chateausuau.com\\\/fr\\\/bordeaux-fete-le-vin-2016-2\\\/\"},\"wordCount\":680,\"commentCount\":0,\"image\":{\"@id\":\"https:\\\/\\\/chateausuau.com\\\/fr\\\/bordeaux-fete-le-vin-2016-2\\\/#primaryimage\"},\"thumbnailUrl\":\"https:\\\/\\\/chateausuau.com\\\/wp-content\\\/uploads\\\/2016\\\/05\\\/Bordeaux-F--te-le-Vin-2016.jpg\",\"keywords\":[\"Cit\u00e9 du vin\",\"D\u00e9gustation\",\"tourisme\"],\"articleSection\":[\"La vie \u00e0 Suau\",\"\u0152notourisme\"],\"inLanguage\":\"fr-FR\",\"potentialAction\":[{\"@type\":\"CommentAction\",\"name\":\"Comment\",\"target\":[\"https:\\\/\\\/chateausuau.com\\\/fr\\\/bordeaux-fete-le-vin-2016-2\\\/#respond\"]}]},{\"@type\":\"WebPage\",\"@id\":\"https:\\\/\\\/chateausuau.com\\\/fr\\\/bordeaux-fete-le-vin-2016-2\\\/\",\"url\":\"https:\\\/\\\/chateausuau.com\\\/fr\\\/bordeaux-fete-le-vin-2016-2\\\/\",\"name\":\"Bordeaux F\u00eate le Vin 2016 : l'\u00e9v\u00e9nement tant attendu !\",\"isPartOf\":{\"@id\":\"https:\\\/\\\/chateausuau.com\\\/fr\\\/#website\"},\"primaryImageOfPage\":{\"@id\":\"https:\\\/\\\/chateausuau.com\\\/fr\\\/bordeaux-fete-le-vin-2016-2\\\/#primaryimage\"},\"image\":{\"@id\":\"https:\\\/\\\/chateausuau.com\\\/fr\\\/bordeaux-fete-le-vin-2016-2\\\/#primaryimage\"},\"thumbnailUrl\":\"https:\\\/\\\/chateausuau.com\\\/wp-content\\\/uploads\\\/2016\\\/05\\\/Bordeaux-F--te-le-Vin-2016.jpg\",\"datePublished\":\"2016-05-13T11:47:36+00:00\",\"dateModified\":\"2020-01-28T11:26:45+00:00\",\"author\":{\"@id\":\"https:\\\/\\\/chateausuau.com\\\/fr\\\/#\\\/schema\\\/person\\\/a961e91ba8f7c4de482a79b01d18f220\"},\"description\":\"Avec l'ouverture de la Cit\u00e9 du Vin, la nouvelle \u00e9dition de Bordeaux F\u00eate le Vin 2016 aura encore plus de prestige ! Un programme riche \u00e0 d\u00e9couvrir !\",\"breadcrumb\":{\"@id\":\"https:\\\/\\\/chateausuau.com\\\/fr\\\/bordeaux-fete-le-vin-2016-2\\\/#breadcrumb\"},\"inLanguage\":\"fr-FR\",\"potentialAction\":[{\"@type\":\"ReadAction\",\"target\":[\"https:\\\/\\\/chateausuau.com\\\/fr\\\/bordeaux-fete-le-vin-2016-2\\\/\"]}]},{\"@type\":\"ImageObject\",\"inLanguage\":\"fr-FR\",\"@id\":\"https:\\\/\\\/chateausuau.com\\\/fr\\\/bordeaux-fete-le-vin-2016-2\\\/#primaryimage\",\"url\":\"https:\\\/\\\/chateausuau.com\\\/wp-content\\\/uploads\\\/2016\\\/05\\\/Bordeaux-F--te-le-Vin-2016.jpg\",\"contentUrl\":\"https:\\\/\\\/chateausuau.com\\\/wp-content\\\/uploads\\\/2016\\\/05\\\/Bordeaux-F--te-le-Vin-2016.jpg\",\"width\":847,\"height\":564,\"caption\":\"fete du vin bordeaux 2016\"},{\"@type\":\"BreadcrumbList\",\"@id\":\"https:\\\/\\\/chateausuau.com\\\/fr\\\/bordeaux-fete-le-vin-2016-2\\\/#breadcrumb\",\"itemListElement\":[{\"@type\":\"ListItem\",\"position\":1,\"name\":\"Accueil\",\"item\":\"https:\\\/\\\/chateausuau.com\\\/fr\\\/\"},{\"@type\":\"ListItem\",\"position\":2,\"name\":\"Bordeaux F\u00eate le Vin 2016\"}]},{\"@type\":\"WebSite\",\"@id\":\"https:\\\/\\\/chateausuau.com\\\/fr\\\/#website\",\"url\":\"https:\\\/\\\/chateausuau.com\\\/fr\\\/\",\"name\":\"Chateau Suau\",\"description\":\"Chateau Suau Winery. Official Webiste\",\"potentialAction\":[{\"@type\":\"SearchAction\",\"target\":{\"@type\":\"EntryPoint\",\"urlTemplate\":\"https:\\\/\\\/chateausuau.com\\\/fr\\\/?s={search_term_string}\"},\"query-input\":{\"@type\":\"PropertyValueSpecification\",\"valueRequired\":true,\"valueName\":\"search_term_string\"}}],\"inLanguage\":\"fr-FR\"},{\"@type\":\"Person\",\"@id\":\"https:\\\/\\\/chateausuau.com\\\/fr\\\/#\\\/schema\\\/person\\\/a961e91ba8f7c4de482a79b01d18f220\",\"name\":\"Matthieu\",\"image\":{\"@type\":\"ImageObject\",\"inLanguage\":\"fr-FR\",\"@id\":\"https:\\\/\\\/secure.gravatar.com\\\/avatar\\\/115a27531ae884eb997c76a9b6a0de7cb81d7fdbad767193514ecda4396b158f?s=96&d=mm&r=g\",\"url\":\"https:\\\/\\\/secure.gravatar.com\\\/avatar\\\/115a27531ae884eb997c76a9b6a0de7cb81d7fdbad767193514ecda4396b158f?s=96&d=mm&r=g\",\"contentUrl\":\"https:\\\/\\\/secure.gravatar.com\\\/avatar\\\/115a27531ae884eb997c76a9b6a0de7cb81d7fdbad767193514ecda4396b158f?s=96&d=mm&r=g\",\"caption\":\"Matthieu\"}}]}<\/script>\n<!-- \/ Yoast SEO plugin. -->","yoast_head_json":{"title":"Bordeaux F\u00eate le Vin 2016 : l'\u00e9v\u00e9nement tant attendu !","description":"Avec l'ouverture de la Cit\u00e9 du Vin, la nouvelle \u00e9dition de Bordeaux F\u00eate le Vin 2016 aura encore plus de prestige ! Un programme riche \u00e0 d\u00e9couvrir !","robots":{"index":"index","follow":"follow","max-snippet":"max-snippet:-1","max-image-preview":"max-image-preview:large","max-video-preview":"max-video-preview:-1"},"canonical":"https:\/\/chateausuau.com\/fr\/bordeaux-fete-le-vin-2016-2\/","og_locale":"fr_FR","og_type":"article","og_title":"Bordeaux F\u00eate le Vin 2016 : l'\u00e9v\u00e9nement tant attendu !","og_description":"Avec l'ouverture de la Cit\u00e9 du Vin, la nouvelle \u00e9dition de Bordeaux F\u00eate le Vin 2016 aura encore plus de prestige ! Un programme riche \u00e0 d\u00e9couvrir !","og_url":"https:\/\/chateausuau.com\/fr\/bordeaux-fete-le-vin-2016-2\/","og_site_name":"Chateau Suau","article_published_time":"2016-05-13T11:47:36+00:00","article_modified_time":"2020-01-28T11:26:45+00:00","og_image":[{"width":847,"height":564,"url":"https:\/\/chateausuau.com\/wp-content\/uploads\/2016\/05\/Bordeaux-F--te-le-Vin-2016.jpg","type":"image\/jpeg"}],"author":"Matthieu","twitter_misc":{"\u00c9crit par":"Matthieu","Dur\u00e9e de lecture estim\u00e9e":"3 minutes"},"schema":{"@context":"https:\/\/schema.org","@graph":[{"@type":"Article","@id":"https:\/\/chateausuau.com\/fr\/bordeaux-fete-le-vin-2016-2\/#article","isPartOf":{"@id":"https:\/\/chateausuau.com\/fr\/bordeaux-fete-le-vin-2016-2\/"},"author":{"name":"Matthieu","@id":"https:\/\/chateausuau.com\/fr\/#\/schema\/person\/a961e91ba8f7c4de482a79b01d18f220"},"headline":"Bordeaux F\u00eate le Vin 2016","datePublished":"2016-05-13T11:47:36+00:00","dateModified":"2020-01-28T11:26:45+00:00","mainEntityOfPage":{"@id":"https:\/\/chateausuau.com\/fr\/bordeaux-fete-le-vin-2016-2\/"},"wordCount":680,"commentCount":0,"image":{"@id":"https:\/\/chateausuau.com\/fr\/bordeaux-fete-le-vin-2016-2\/#primaryimage"},"thumbnailUrl":"https:\/\/chateausuau.com\/wp-content\/uploads\/2016\/05\/Bordeaux-F--te-le-Vin-2016.jpg","keywords":["Cit\u00e9 du vin","D\u00e9gustation","tourisme"],"articleSection":["La vie \u00e0 Suau","\u0152notourisme"],"inLanguage":"fr-FR","potentialAction":[{"@type":"CommentAction","name":"Comment","target":["https:\/\/chateausuau.com\/fr\/bordeaux-fete-le-vin-2016-2\/#respond"]}]},{"@type":"WebPage","@id":"https:\/\/chateausuau.com\/fr\/bordeaux-fete-le-vin-2016-2\/","url":"https:\/\/chateausuau.com\/fr\/bordeaux-fete-le-vin-2016-2\/","name":"Bordeaux F\u00eate le Vin 2016 : l'\u00e9v\u00e9nement tant attendu !","isPartOf":{"@id":"https:\/\/chateausuau.com\/fr\/#website"},"primaryImageOfPage":{"@id":"https:\/\/chateausuau.com\/fr\/bordeaux-fete-le-vin-2016-2\/#primaryimage"},"image":{"@id":"https:\/\/chateausuau.com\/fr\/bordeaux-fete-le-vin-2016-2\/#primaryimage"},"thumbnailUrl":"https:\/\/chateausuau.com\/wp-content\/uploads\/2016\/05\/Bordeaux-F--te-le-Vin-2016.jpg","datePublished":"2016-05-13T11:47:36+00:00","dateModified":"2020-01-28T11:26:45+00:00","author":{"@id":"https:\/\/chateausuau.com\/fr\/#\/schema\/person\/a961e91ba8f7c4de482a79b01d18f220"},"description":"Avec l'ouverture de la Cit\u00e9 du Vin, la nouvelle \u00e9dition de Bordeaux F\u00eate le Vin 2016 aura encore plus de prestige ! Un programme riche \u00e0 d\u00e9couvrir !","breadcrumb":{"@id":"https:\/\/chateausuau.com\/fr\/bordeaux-fete-le-vin-2016-2\/#breadcrumb"},"inLanguage":"fr-FR","potentialAction":[{"@type":"ReadAction","target":["https:\/\/chateausuau.com\/fr\/bordeaux-fete-le-vin-2016-2\/"]}]},{"@type":"ImageObject","inLanguage":"fr-FR","@id":"https:\/\/chateausuau.com\/fr\/bordeaux-fete-le-vin-2016-2\/#primaryimage","url":"https:\/\/chateausuau.com\/wp-content\/uploads\/2016\/05\/Bordeaux-F--te-le-Vin-2016.jpg","contentUrl":"https:\/\/chateausuau.com\/wp-content\/uploads\/2016\/05\/Bordeaux-F--te-le-Vin-2016.jpg","width":847,"height":564,"caption":"fete du vin bordeaux 2016"},{"@type":"BreadcrumbList","@id":"https:\/\/chateausuau.com\/fr\/bordeaux-fete-le-vin-2016-2\/#breadcrumb","itemListElement":[{"@type":"ListItem","position":1,"name":"Accueil","item":"https:\/\/chateausuau.com\/fr\/"},{"@type":"ListItem","position":2,"name":"Bordeaux F\u00eate le Vin 2016"}]},{"@type":"WebSite","@id":"https:\/\/chateausuau.com\/fr\/#website","url":"https:\/\/chateausuau.com\/fr\/","name":"Chateau Suau","description":"Chateau Suau Winery. Official Webiste","potentialAction":[{"@type":"SearchAction","target":{"@type":"EntryPoint","urlTemplate":"https:\/\/chateausuau.com\/fr\/?s={search_term_string}"},"query-input":{"@type":"PropertyValueSpecification","valueRequired":true,"valueName":"search_term_string"}}],"inLanguage":"fr-FR"},{"@type":"Person","@id":"https:\/\/chateausuau.com\/fr\/#\/schema\/person\/a961e91ba8f7c4de482a79b01d18f220","name":"Matthieu","image":{"@type":"ImageObject","inLanguage":"fr-FR","@id":"https:\/\/secure.gravatar.com\/avatar\/115a27531ae884eb997c76a9b6a0de7cb81d7fdbad767193514ecda4396b158f?s=96&d=mm&r=g","url":"https:\/\/secure.gravatar.com\/avatar\/115a27531ae884eb997c76a9b6a0de7cb81d7fdbad767193514ecda4396b158f?s=96&d=mm&r=g","contentUrl":"https:\/\/secure.gravatar.com\/avatar\/115a27531ae884eb997c76a9b6a0de7cb81d7fdbad767193514ecda4396b158f?s=96&d=mm&r=g","caption":"Matthieu"}}]}},"_links":{"self":[{"href":"https:\/\/chateausuau.com\/fr\/wp-json\/wp\/v2\/posts\/1948","targetHints":{"allow":["GET"]}}],"collection":[{"href":"https:\/\/chateausuau.com\/fr\/wp-json\/wp\/v2\/posts"}],"about":[{"href":"https:\/\/chateausuau.com\/fr\/wp-json\/wp\/v2\/types\/post"}],"author":[{"embeddable":true,"href":"https:\/\/chateausuau.com\/fr\/wp-json\/wp\/v2\/users\/15"}],"replies":[{"embeddable":true,"href":"https:\/\/chateausuau.com\/fr\/wp-json\/wp\/v2\/comments?post=1948"}],"version-history":[{"count":0,"href":"https:\/\/chateausuau.com\/fr\/wp-json\/wp\/v2\/posts\/1948\/revisions"}],"wp:featuredmedia":[{"embeddable":true,"href":"https:\/\/chateausuau.com\/fr\/wp-json\/wp\/v2\/media\/1952"}],"wp:attachment":[{"href":"https:\/\/chateausuau.com\/fr\/wp-json\/wp\/v2\/media?parent=1948"}],"wp:term":[{"taxonomy":"category","embeddable":true,"href":"https:\/\/chateausuau.com\/fr\/wp-json\/wp\/v2\/categories?post=1948"},{"taxonomy":"post_tag","embeddable":true,"href":"https:\/\/chateausuau.com\/fr\/wp-json\/wp\/v2\/tags?post=1948"}],"curies":[{"name":"wp","href":"https:\/\/api.w.org\/{rel}","templated":true}]}}