{"id":1880,"date":"2016-03-25T03:16:16","date_gmt":"2016-03-25T03:16:16","guid":{"rendered":"http:\/\/chateausuau.com\/?p=1880"},"modified":"2019-07-08T17:59:45","modified_gmt":"2019-07-08T15:59:45","slug":"les-travaux-du-vigneron-au-debut-du-printemps","status":"publish","type":"post","link":"https:\/\/chateausuau.com\/fr\/les-travaux-du-vigneron-au-debut-du-printemps\/","title":{"rendered":"Les travaux du vigneron au d\u00e9but du Printemps"},"content":{"rendered":"<p><img loading=\"lazy\" decoding=\"async\" class=\"alignnone size-full wp-image-1882\" src=\"http:\/\/chateausuau.com\/wp-content\/uploads\/2016\/03\/Les-travaux-du-vigneron-au-d--but-du-printemps.jpg\" alt=\"Les travaux du vigneron au d\u00e9but du printemps\" width=\"847\" height=\"474\" srcset=\"https:\/\/chateausuau.com\/wp-content\/uploads\/2016\/03\/Les-travaux-du-vigneron-au-d--but-du-printemps.jpg 847w, https:\/\/chateausuau.com\/wp-content\/uploads\/2016\/03\/Les-travaux-du-vigneron-au-d--but-du-printemps-300x168.jpg 300w, https:\/\/chateausuau.com\/wp-content\/uploads\/2016\/03\/Les-travaux-du-vigneron-au-d--but-du-printemps-768x430.jpg 768w\" sizes=\"auto, (max-width: 847px) 100vw, 847px\" \/><\/p>\n<p><span style=\"font-weight: 400;\">Il est l\u2019heure de se r\u00e9veiller ! C\u2019est ce que doit certainement la nature \u00e0 toutes les plantes et donc, \u00e0 notre vigne. Fini l\u2019hibernation qui l\u2019occupait depuis plusieurs mois, elle a repris des forces, a une toute nouvelle coupe, adapt\u00e9e \u00e0 sa morphologie pour l\u2019aider \u00e0 grandir. Maintenant, <strong>elle est pr\u00eate \u00e0 se montrer sous son meilleur jour<\/strong>, pour les 6 prochains mois.<strong> Pour le vigneron, il est temps de sortir de ses chais et retourner prendre des nouvelles de sa prot\u00e9g\u00e9e<\/strong>. Ce d\u00e9but de saison, va grandement l\u2019occuper, mais il lui faudra travailler au rythme de la vigne qui s\u2019\u00e9veille et surveiller sa croissance timide, mais d\u00e9licate. Passons en revue ses diff\u00e9rents travaux, en d\u00e9but de cette saison.<\/span><\/p>\n<h2><span style=\"font-weight: 400;\">Tout le monde dehors !<\/span><\/h2>\n<p><span style=\"font-weight: 400;\">Apr\u00e8s avoir chouchout\u00e9 le mill\u00e9sime pr\u00e9c\u00e9dent pendant plusieurs mois, le vigneron peut sereinement retrouver ses vignes, son vin s\u2019\u00e9levant tranquillement : il n\u2019a plus trop besoin de lui. Attention \u00e0 le surveiller tout de m\u00eame, du coin de l\u2019\u0153il.<\/span><\/p>\n<p><span style=\"font-weight: 400;\">Retour dans les vignes, donc. Il est temps d\u2019effectuer les premiers travaux de l\u2019ann\u00e9e au c\u0153ur de son vignoble, et r\u00e9parer les d\u00e9g\u00e2ts de l\u2019hiver. En premier lieu, <strong>il s\u2019agit de planter de planter de nouvelles parcelles (la plantation) et de remplacer les ceps morts durant l\u2019ann\u00e9e pr\u00e9c\u00e9dente, par de jeunes pousses (<a href=\"http:\/\/www.vignevin-sudouest.com\/publications\/fiches-pratiques\/remplacement-manquants-complantation.php\">la complantation<\/a>)<\/strong>. Un coup de balai, en somme, pour repartir sur de bonnes bases. Les vignerons les plus tardifs finissent de tailler la vigne et, d\u00e8s que cela est fini, <strong>c\u2019est l\u2019heure du pliage<\/strong> : cela consiste \u00e0 attacher l\u2019aste, le seul sarment non coup\u00e9 lors de la taille pr\u00e9c\u00e9dente, au fil de fer qui parcourt tout le rang de vigne. On en profite aussi pour effectuer ce que l\u2019on nomme <strong>le calage<\/strong> : accrocher le cep au fil pour qu\u2019il puisse pousser droit.<\/span><\/p>\n<p><span style=\"font-weight: 400;\">Pour le vigneron, il est d\u2019ailleurs l\u2019occasion de s\u2019assurer que le fil de fer est bien tendu, pour supporter le poids de la vigne qui va venir s\u2019y accrocher. Il plante les piquets de d\u00e9but et fin de rang, qui soutiennent les fils.<\/span><\/p>\n<h2><span style=\"font-weight: 400;\">Prot\u00e9ger la vigne encore fragile<\/span><\/h2>\n<p><span style=\"font-weight: 400;\">A cette p\u00e9riode de l\u2019ann\u00e9e, <strong>la vigne est encore fragile, surtout o\u00f9 au moment o\u00f9 elle \u201cd\u00e9bourre\u201d<\/strong>, c\u2019est \u00e0 dire lorsque les feuilles sortent de leur cocon de coton. A ce moment pr\u00e9cis, c\u2019est le branle-bas de combat : il est indispensable pour le vigneron de traiter rapidement sa vigne de fongicides, <strong>une lutte contre les champignons redoutables que sont <\/strong><\/span><strong><a href=\"http:\/\/chateausuau.com\/blog\/les-maladies-de-la-vigne\/\">le mildiou et l\u2019o\u00efdium<\/a><\/strong><span style=\"font-weight: 400;\">. Sans cette pr\u00e9caution, c\u2019est toute la r\u00e9colte du futur mill\u00e9sime qui est en jeu. C\u2019est le d\u00e9but d\u2019une longue saison qui s\u2019annonce pour le vigneron. Il passera le plus clair de son temps au milieu de son vignoble pour \u00eatre au plus proche de ses vignes. Au mois de mai, il effectuera une t\u00e2che appel\u00e9e <strong>\u201c\u00e9pamprage\u201d<\/strong>, o\u00f9 il arrachera les tiges inutiles \u00e0 chaque cep de vigne. Il lui faudra aussi pr\u00eater une attention \u00e0 son vin, dans son chai et le go\u00fbter fr\u00e9quemment pour suivre son \u00e9volution. Dans la r\u00e9gion de Bordeaux, celui-ci suivra normalement un \u00e9levage en barrique plus ou moins long. Il faut donc que le vigneron veille \u00e0 ce que tout se d\u00e9roule normalement.<\/span><\/p>\n<p><span style=\"font-weight: 400;\">Nous verrons bient\u00f4t la suite des travaux au printemps, car ceux-ci sont multiples au fur et \u00e0 mesure que la saison commence.<\/span><\/p>\n","protected":false},"excerpt":{"rendered":"<p>Il est l\u2019heure de se r\u00e9veiller ! C\u2019est ce que doit certainement la nature \u00e0 toutes les plantes et donc, \u00e0 notre vigne. Fini l\u2019hibernation qui l\u2019occupait depuis plusieurs mois, elle a repris des forces, a une toute nouvelle coupe, adapt\u00e9e \u00e0 sa morphologie pour l\u2019aider \u00e0 grandir. Maintenant, elle est pr\u00eate \u00e0 se montrer [&hellip;]<\/p>\n","protected":false},"author":15,"featured_media":1882,"comment_status":"open","ping_status":"open","sticky":false,"template":"","format":"standard","meta":{"_acf_changed":false,"footnotes":""},"categories":[17],"tags":[465,425,417,316,68],"class_list":["post-1880","post","type-post","status-publish","format-standard","has-post-thumbnail","hentry","category-bio-vins","tag-maladies","tag-pied-de-vigne","tag-vigne","tag-vigneron","tag-vignes"],"acf":[],"yoast_head":"<!-- This site is optimized with the Yoast SEO plugin v28.3 - https:\/\/yoast.com\/product\/yoast-seo-wordpress\/ -->\n<title>Les travaux du vigneron au d\u00e9but du Printemps<\/title>\n<meta name=\"description\" content=\"C&#039;est l&#039;heure de se r\u00e9veiller : le d\u00e9but du Printemps annonce le d\u00e9but des grands travaux pour le vigneron. Il lui faut prendre soin de sa vigne et du vin..\" \/>\n<meta name=\"robots\" content=\"index, follow, max-snippet:-1, max-image-preview:large, max-video-preview:-1\" \/>\n<link rel=\"canonical\" href=\"https:\/\/chateausuau.com\/fr\/les-travaux-du-vigneron-au-debut-du-printemps\/\" \/>\n<meta property=\"og:locale\" content=\"fr_FR\" \/>\n<meta property=\"og:type\" content=\"article\" \/>\n<meta property=\"og:title\" content=\"Les travaux du vigneron au d\u00e9but du Printemps\" \/>\n<meta property=\"og:description\" content=\"C&#039;est l&#039;heure de se r\u00e9veiller : le d\u00e9but du Printemps annonce le d\u00e9but des grands travaux pour le vigneron. Il lui faut prendre soin de sa vigne et du vin..\" \/>\n<meta property=\"og:url\" content=\"https:\/\/chateausuau.com\/fr\/les-travaux-du-vigneron-au-debut-du-printemps\/\" \/>\n<meta property=\"og:site_name\" content=\"Chateau Suau\" \/>\n<meta property=\"article:published_time\" content=\"2016-03-25T03:16:16+00:00\" \/>\n<meta property=\"article:modified_time\" content=\"2019-07-08T15:59:45+00:00\" \/>\n<meta property=\"og:image\" content=\"https:\/\/chateausuau.com\/wp-content\/uploads\/2016\/03\/Les-travaux-du-vigneron-au-d--but-du-printemps.jpg\" \/>\n\t<meta property=\"og:image:width\" content=\"847\" \/>\n\t<meta property=\"og:image:height\" content=\"474\" \/>\n\t<meta property=\"og:image:type\" content=\"image\/jpeg\" \/>\n<meta name=\"author\" content=\"Matthieu\" \/>\n<meta name=\"twitter:label1\" content=\"\u00c9crit par\" \/>\n\t<meta name=\"twitter:data1\" content=\"Matthieu\" \/>\n\t<meta name=\"twitter:label2\" content=\"Dur\u00e9e de lecture estim\u00e9e\" \/>\n\t<meta name=\"twitter:data2\" content=\"3 minutes\" \/>\n<script type=\"application\/ld+json\" class=\"yoast-schema-graph\">{\"@context\":\"https:\\\/\\\/schema.org\",\"@graph\":[{\"@type\":\"Article\",\"@id\":\"https:\\\/\\\/chateausuau.com\\\/fr\\\/les-travaux-du-vigneron-au-debut-du-printemps\\\/#article\",\"isPartOf\":{\"@id\":\"https:\\\/\\\/chateausuau.com\\\/fr\\\/les-travaux-du-vigneron-au-debut-du-printemps\\\/\"},\"author\":{\"name\":\"Matthieu\",\"@id\":\"https:\\\/\\\/chateausuau.com\\\/fr\\\/#\\\/schema\\\/person\\\/a961e91ba8f7c4de482a79b01d18f220\"},\"headline\":\"Les travaux du vigneron au d\u00e9but du Printemps\",\"datePublished\":\"2016-03-25T03:16:16+00:00\",\"dateModified\":\"2019-07-08T15:59:45+00:00\",\"mainEntityOfPage\":{\"@id\":\"https:\\\/\\\/chateausuau.com\\\/fr\\\/les-travaux-du-vigneron-au-debut-du-printemps\\\/\"},\"wordCount\":618,\"commentCount\":0,\"image\":{\"@id\":\"https:\\\/\\\/chateausuau.com\\\/fr\\\/les-travaux-du-vigneron-au-debut-du-printemps\\\/#primaryimage\"},\"thumbnailUrl\":\"https:\\\/\\\/chateausuau.com\\\/wp-content\\\/uploads\\\/2016\\\/03\\\/Les-travaux-du-vigneron-au-d--but-du-printemps.jpg\",\"keywords\":[\"maladies\",\"Pied de vigne\",\"Vigne\",\"vigneron\",\"Vignes\"],\"articleSection\":[\"Univers du vin bio\"],\"inLanguage\":\"fr-FR\",\"potentialAction\":[{\"@type\":\"CommentAction\",\"name\":\"Comment\",\"target\":[\"https:\\\/\\\/chateausuau.com\\\/fr\\\/les-travaux-du-vigneron-au-debut-du-printemps\\\/#respond\"]}]},{\"@type\":\"WebPage\",\"@id\":\"https:\\\/\\\/chateausuau.com\\\/fr\\\/les-travaux-du-vigneron-au-debut-du-printemps\\\/\",\"url\":\"https:\\\/\\\/chateausuau.com\\\/fr\\\/les-travaux-du-vigneron-au-debut-du-printemps\\\/\",\"name\":\"Les travaux du vigneron au d\u00e9but du Printemps\",\"isPartOf\":{\"@id\":\"https:\\\/\\\/chateausuau.com\\\/fr\\\/#website\"},\"primaryImageOfPage\":{\"@id\":\"https:\\\/\\\/chateausuau.com\\\/fr\\\/les-travaux-du-vigneron-au-debut-du-printemps\\\/#primaryimage\"},\"image\":{\"@id\":\"https:\\\/\\\/chateausuau.com\\\/fr\\\/les-travaux-du-vigneron-au-debut-du-printemps\\\/#primaryimage\"},\"thumbnailUrl\":\"https:\\\/\\\/chateausuau.com\\\/wp-content\\\/uploads\\\/2016\\\/03\\\/Les-travaux-du-vigneron-au-d--but-du-printemps.jpg\",\"datePublished\":\"2016-03-25T03:16:16+00:00\",\"dateModified\":\"2019-07-08T15:59:45+00:00\",\"author\":{\"@id\":\"https:\\\/\\\/chateausuau.com\\\/fr\\\/#\\\/schema\\\/person\\\/a961e91ba8f7c4de482a79b01d18f220\"},\"description\":\"C'est l'heure de se r\u00e9veiller : le d\u00e9but du Printemps annonce le d\u00e9but des grands travaux pour le vigneron. Il lui faut prendre soin de sa vigne et du vin..\",\"breadcrumb\":{\"@id\":\"https:\\\/\\\/chateausuau.com\\\/fr\\\/les-travaux-du-vigneron-au-debut-du-printemps\\\/#breadcrumb\"},\"inLanguage\":\"fr-FR\",\"potentialAction\":[{\"@type\":\"ReadAction\",\"target\":[\"https:\\\/\\\/chateausuau.com\\\/fr\\\/les-travaux-du-vigneron-au-debut-du-printemps\\\/\"]}]},{\"@type\":\"ImageObject\",\"inLanguage\":\"fr-FR\",\"@id\":\"https:\\\/\\\/chateausuau.com\\\/fr\\\/les-travaux-du-vigneron-au-debut-du-printemps\\\/#primaryimage\",\"url\":\"https:\\\/\\\/chateausuau.com\\\/wp-content\\\/uploads\\\/2016\\\/03\\\/Les-travaux-du-vigneron-au-d--but-du-printemps.jpg\",\"contentUrl\":\"https:\\\/\\\/chateausuau.com\\\/wp-content\\\/uploads\\\/2016\\\/03\\\/Les-travaux-du-vigneron-au-d--but-du-printemps.jpg\",\"width\":847,\"height\":474,\"caption\":\"Les travaux du vigneron au d\u00e9but du printemps\"},{\"@type\":\"BreadcrumbList\",\"@id\":\"https:\\\/\\\/chateausuau.com\\\/fr\\\/les-travaux-du-vigneron-au-debut-du-printemps\\\/#breadcrumb\",\"itemListElement\":[{\"@type\":\"ListItem\",\"position\":1,\"name\":\"Accueil\",\"item\":\"https:\\\/\\\/chateausuau.com\\\/fr\\\/\"},{\"@type\":\"ListItem\",\"position\":2,\"name\":\"Les travaux du vigneron au d\u00e9but du Printemps\"}]},{\"@type\":\"WebSite\",\"@id\":\"https:\\\/\\\/chateausuau.com\\\/fr\\\/#website\",\"url\":\"https:\\\/\\\/chateausuau.com\\\/fr\\\/\",\"name\":\"Chateau Suau\",\"description\":\"Chateau Suau Winery. Official Webiste\",\"potentialAction\":[{\"@type\":\"SearchAction\",\"target\":{\"@type\":\"EntryPoint\",\"urlTemplate\":\"https:\\\/\\\/chateausuau.com\\\/fr\\\/?s={search_term_string}\"},\"query-input\":{\"@type\":\"PropertyValueSpecification\",\"valueRequired\":true,\"valueName\":\"search_term_string\"}}],\"inLanguage\":\"fr-FR\"},{\"@type\":\"Person\",\"@id\":\"https:\\\/\\\/chateausuau.com\\\/fr\\\/#\\\/schema\\\/person\\\/a961e91ba8f7c4de482a79b01d18f220\",\"name\":\"Matthieu\",\"image\":{\"@type\":\"ImageObject\",\"inLanguage\":\"fr-FR\",\"@id\":\"https:\\\/\\\/secure.gravatar.com\\\/avatar\\\/115a27531ae884eb997c76a9b6a0de7cb81d7fdbad767193514ecda4396b158f?s=96&d=mm&r=g\",\"url\":\"https:\\\/\\\/secure.gravatar.com\\\/avatar\\\/115a27531ae884eb997c76a9b6a0de7cb81d7fdbad767193514ecda4396b158f?s=96&d=mm&r=g\",\"contentUrl\":\"https:\\\/\\\/secure.gravatar.com\\\/avatar\\\/115a27531ae884eb997c76a9b6a0de7cb81d7fdbad767193514ecda4396b158f?s=96&d=mm&r=g\",\"caption\":\"Matthieu\"}}]}<\/script>\n<!-- \/ Yoast SEO plugin. -->","yoast_head_json":{"title":"Les travaux du vigneron au d\u00e9but du Printemps","description":"C'est l'heure de se r\u00e9veiller : le d\u00e9but du Printemps annonce le d\u00e9but des grands travaux pour le vigneron. Il lui faut prendre soin de sa vigne et du vin..","robots":{"index":"index","follow":"follow","max-snippet":"max-snippet:-1","max-image-preview":"max-image-preview:large","max-video-preview":"max-video-preview:-1"},"canonical":"https:\/\/chateausuau.com\/fr\/les-travaux-du-vigneron-au-debut-du-printemps\/","og_locale":"fr_FR","og_type":"article","og_title":"Les travaux du vigneron au d\u00e9but du Printemps","og_description":"C'est l'heure de se r\u00e9veiller : le d\u00e9but du Printemps annonce le d\u00e9but des grands travaux pour le vigneron. Il lui faut prendre soin de sa vigne et du vin..","og_url":"https:\/\/chateausuau.com\/fr\/les-travaux-du-vigneron-au-debut-du-printemps\/","og_site_name":"Chateau Suau","article_published_time":"2016-03-25T03:16:16+00:00","article_modified_time":"2019-07-08T15:59:45+00:00","og_image":[{"width":847,"height":474,"url":"https:\/\/chateausuau.com\/wp-content\/uploads\/2016\/03\/Les-travaux-du-vigneron-au-d--but-du-printemps.jpg","type":"image\/jpeg"}],"author":"Matthieu","twitter_misc":{"\u00c9crit par":"Matthieu","Dur\u00e9e de lecture estim\u00e9e":"3 minutes"},"schema":{"@context":"https:\/\/schema.org","@graph":[{"@type":"Article","@id":"https:\/\/chateausuau.com\/fr\/les-travaux-du-vigneron-au-debut-du-printemps\/#article","isPartOf":{"@id":"https:\/\/chateausuau.com\/fr\/les-travaux-du-vigneron-au-debut-du-printemps\/"},"author":{"name":"Matthieu","@id":"https:\/\/chateausuau.com\/fr\/#\/schema\/person\/a961e91ba8f7c4de482a79b01d18f220"},"headline":"Les travaux du vigneron au d\u00e9but du Printemps","datePublished":"2016-03-25T03:16:16+00:00","dateModified":"2019-07-08T15:59:45+00:00","mainEntityOfPage":{"@id":"https:\/\/chateausuau.com\/fr\/les-travaux-du-vigneron-au-debut-du-printemps\/"},"wordCount":618,"commentCount":0,"image":{"@id":"https:\/\/chateausuau.com\/fr\/les-travaux-du-vigneron-au-debut-du-printemps\/#primaryimage"},"thumbnailUrl":"https:\/\/chateausuau.com\/wp-content\/uploads\/2016\/03\/Les-travaux-du-vigneron-au-d--but-du-printemps.jpg","keywords":["maladies","Pied de vigne","Vigne","vigneron","Vignes"],"articleSection":["Univers du vin bio"],"inLanguage":"fr-FR","potentialAction":[{"@type":"CommentAction","name":"Comment","target":["https:\/\/chateausuau.com\/fr\/les-travaux-du-vigneron-au-debut-du-printemps\/#respond"]}]},{"@type":"WebPage","@id":"https:\/\/chateausuau.com\/fr\/les-travaux-du-vigneron-au-debut-du-printemps\/","url":"https:\/\/chateausuau.com\/fr\/les-travaux-du-vigneron-au-debut-du-printemps\/","name":"Les travaux du vigneron au d\u00e9but du Printemps","isPartOf":{"@id":"https:\/\/chateausuau.com\/fr\/#website"},"primaryImageOfPage":{"@id":"https:\/\/chateausuau.com\/fr\/les-travaux-du-vigneron-au-debut-du-printemps\/#primaryimage"},"image":{"@id":"https:\/\/chateausuau.com\/fr\/les-travaux-du-vigneron-au-debut-du-printemps\/#primaryimage"},"thumbnailUrl":"https:\/\/chateausuau.com\/wp-content\/uploads\/2016\/03\/Les-travaux-du-vigneron-au-d--but-du-printemps.jpg","datePublished":"2016-03-25T03:16:16+00:00","dateModified":"2019-07-08T15:59:45+00:00","author":{"@id":"https:\/\/chateausuau.com\/fr\/#\/schema\/person\/a961e91ba8f7c4de482a79b01d18f220"},"description":"C'est l'heure de se r\u00e9veiller : le d\u00e9but du Printemps annonce le d\u00e9but des grands travaux pour le vigneron. Il lui faut prendre soin de sa vigne et du vin..","breadcrumb":{"@id":"https:\/\/chateausuau.com\/fr\/les-travaux-du-vigneron-au-debut-du-printemps\/#breadcrumb"},"inLanguage":"fr-FR","potentialAction":[{"@type":"ReadAction","target":["https:\/\/chateausuau.com\/fr\/les-travaux-du-vigneron-au-debut-du-printemps\/"]}]},{"@type":"ImageObject","inLanguage":"fr-FR","@id":"https:\/\/chateausuau.com\/fr\/les-travaux-du-vigneron-au-debut-du-printemps\/#primaryimage","url":"https:\/\/chateausuau.com\/wp-content\/uploads\/2016\/03\/Les-travaux-du-vigneron-au-d--but-du-printemps.jpg","contentUrl":"https:\/\/chateausuau.com\/wp-content\/uploads\/2016\/03\/Les-travaux-du-vigneron-au-d--but-du-printemps.jpg","width":847,"height":474,"caption":"Les travaux du vigneron au d\u00e9but du printemps"},{"@type":"BreadcrumbList","@id":"https:\/\/chateausuau.com\/fr\/les-travaux-du-vigneron-au-debut-du-printemps\/#breadcrumb","itemListElement":[{"@type":"ListItem","position":1,"name":"Accueil","item":"https:\/\/chateausuau.com\/fr\/"},{"@type":"ListItem","position":2,"name":"Les travaux du vigneron au d\u00e9but du Printemps"}]},{"@type":"WebSite","@id":"https:\/\/chateausuau.com\/fr\/#website","url":"https:\/\/chateausuau.com\/fr\/","name":"Chateau Suau","description":"Chateau Suau Winery. Official Webiste","potentialAction":[{"@type":"SearchAction","target":{"@type":"EntryPoint","urlTemplate":"https:\/\/chateausuau.com\/fr\/?s={search_term_string}"},"query-input":{"@type":"PropertyValueSpecification","valueRequired":true,"valueName":"search_term_string"}}],"inLanguage":"fr-FR"},{"@type":"Person","@id":"https:\/\/chateausuau.com\/fr\/#\/schema\/person\/a961e91ba8f7c4de482a79b01d18f220","name":"Matthieu","image":{"@type":"ImageObject","inLanguage":"fr-FR","@id":"https:\/\/secure.gravatar.com\/avatar\/115a27531ae884eb997c76a9b6a0de7cb81d7fdbad767193514ecda4396b158f?s=96&d=mm&r=g","url":"https:\/\/secure.gravatar.com\/avatar\/115a27531ae884eb997c76a9b6a0de7cb81d7fdbad767193514ecda4396b158f?s=96&d=mm&r=g","contentUrl":"https:\/\/secure.gravatar.com\/avatar\/115a27531ae884eb997c76a9b6a0de7cb81d7fdbad767193514ecda4396b158f?s=96&d=mm&r=g","caption":"Matthieu"}}]}},"_links":{"self":[{"href":"https:\/\/chateausuau.com\/fr\/wp-json\/wp\/v2\/posts\/1880","targetHints":{"allow":["GET"]}}],"collection":[{"href":"https:\/\/chateausuau.com\/fr\/wp-json\/wp\/v2\/posts"}],"about":[{"href":"https:\/\/chateausuau.com\/fr\/wp-json\/wp\/v2\/types\/post"}],"author":[{"embeddable":true,"href":"https:\/\/chateausuau.com\/fr\/wp-json\/wp\/v2\/users\/15"}],"replies":[{"embeddable":true,"href":"https:\/\/chateausuau.com\/fr\/wp-json\/wp\/v2\/comments?post=1880"}],"version-history":[{"count":0,"href":"https:\/\/chateausuau.com\/fr\/wp-json\/wp\/v2\/posts\/1880\/revisions"}],"wp:featuredmedia":[{"embeddable":true,"href":"https:\/\/chateausuau.com\/fr\/wp-json\/wp\/v2\/media\/1882"}],"wp:attachment":[{"href":"https:\/\/chateausuau.com\/fr\/wp-json\/wp\/v2\/media?parent=1880"}],"wp:term":[{"taxonomy":"category","embeddable":true,"href":"https:\/\/chateausuau.com\/fr\/wp-json\/wp\/v2\/categories?post=1880"},{"taxonomy":"post_tag","embeddable":true,"href":"https:\/\/chateausuau.com\/fr\/wp-json\/wp\/v2\/tags?post=1880"}],"curies":[{"name":"wp","href":"https:\/\/api.w.org\/{rel}","templated":true}]}}