{"id":1856,"date":"2016-03-11T03:28:54","date_gmt":"2016-03-11T03:28:54","guid":{"rendered":"http:\/\/chateausuau.com\/?p=1856"},"modified":"2019-07-08T17:59:44","modified_gmt":"2019-07-08T15:59:44","slug":"tous-au-salon-prowein-en-allemagne","status":"publish","type":"post","link":"https:\/\/chateausuau.com\/fr\/tous-au-salon-prowein-en-allemagne\/","title":{"rendered":"Tous au salon Prowein en Allemagne"},"content":{"rendered":"<p><img loading=\"lazy\" decoding=\"async\" class=\"alignnone size-full wp-image-1858\" src=\"http:\/\/chateausuau.com\/wp-content\/uploads\/2016\/03\/Prowein-2016.jpg\" alt=\"Prowein 2016\" width=\"847\" height=\"568\" srcset=\"https:\/\/chateausuau.com\/wp-content\/uploads\/2016\/03\/Prowein-2016.jpg 847w, https:\/\/chateausuau.com\/wp-content\/uploads\/2016\/03\/Prowein-2016-300x201.jpg 300w, https:\/\/chateausuau.com\/wp-content\/uploads\/2016\/03\/Prowein-2016-768x515.jpg 768w\" sizes=\"auto, (max-width: 847px) 100vw, 847px\" \/><\/p>\n<p><span style=\"font-weight: 400;\">La vie est faite de rendez-vous et certains sont \u00e0 ne pas manquer. Dans la vie d\u2019un vigneron, ceux-ci sont les salons, surtout lorsqu\u2019ils sont grands et font partie des plus grands mondiaux. <strong>C\u2019est notre cas, pour <a href=\"http:\/\/www.prowein.fr\/\" target=\"_blank\">le salon Prowein<\/a>, qui se d\u00e9roule chaque ann\u00e9e en Allemagne<\/strong>. Celui-ci r\u00e9unit tous les vignerons de la plan\u00e8te et les plus importants acheteurs. Une occasion \u00e0 ne pas rater, pour promouvoir le nectar que nous fabriquons et que nos sols nous donnent. Mais <strong>qu\u2019est-ce que ce salon et que pouvons nous attendre de celui-ci ?<\/strong> Petit panorama de celui-ci.<\/span><\/p>\n<h2><span style=\"font-weight: 400;\">Un salon incontournable<\/span><\/h2>\n<p><span style=\"font-weight: 400;\">Au fil des ans, le salon Prowein est devenu un salon incontournable pour tous les vignerons et acheteurs du monde. <strong>Cette v\u00e9ritable place de march\u00e9 pour les vins et spiritueux a r\u00e9ussi \u00e0 s\u2019imposer petit \u00e0 petit, pour devenir une des deux r\u00e9f\u00e9rences mondiale (avec Vinexpo)<\/strong>. Avec plus de 52.000 visiteurs professionnels, venus du monde entier \u00e0 Dusseldorf, Prowein sera <strong>\u201cThe place to be\u201d du 13 au 15 mars 2016<\/strong>. Pr\u00e8s de 6000 exposants venus de 50 pays se partageront les 52.000 m\u00b2 du salon, o\u00f9 se rencontreront les professionnels du vin, des spiritueux, mais aussi de la restauration et de h\u00f4tellerie. <strong>Les quatre coins du monde se retrouveront ici pour acheter et vendre, avec bien entendu une attente forte du c\u00f4t\u00e9 du march\u00e9 asiatique et notamment chinois<\/strong>. Si vous vous y rendez-vous, attendez-vous \u00e0 pr\u00e8s de 500 s\u00e9minaires sp\u00e9cialis\u00e9s et de nombreuses zones de d\u00e9gustation.<\/span><\/p>\n<p><span style=\"font-weight: 400;\">Au niveau de l\u2019organisation, place \u00e0 la rigueur et la discipline : <strong>il est tr\u00e8s facile de se rep\u00e9rer dans le salon allemand, vous ne serez pas perdu au milieu des milliers d\u2019exposants<\/strong>. Et si vous ne savez pas, n\u2019h\u00e9sitez pas \u00e0 demander aux h\u00f4tes qui se feront un plaisir de vous aiguiller. Le salon conna\u00eet d&rsquo;ailleurs un tel succ\u00e8s, qu\u2019il s\u2019est export\u00e9 en Asie : le salon ProWine \u00e0 Shanghai est n\u00e9 en 2013. A noter que contrairement \u00e0 Vinexpo, <strong>le salon Prowein se d\u00e9roule chaque ann\u00e9e<\/strong> (Vinexpo s\u2019organise tous les deux ans \u00e0 Bordeaux).<\/span><\/p>\n<h2><span style=\"font-weight: 400;\">O\u00f9 nous trouver ?<\/span><\/h2>\n<p><span style=\"font-weight: 400;\"><strong>Nous serons bien \u00e9videmment pr\u00e9sents au salon Prowein, et ce durant les trois jours<\/strong>. Nous serons ravis de vous faire d\u00e9guster et pr\u00e9senter nos vins. Pour nous trouver, il vous faudra vous rendre sur le stand G 60 Hall 11, il s\u2019agit de l\u2019espace d\u00e9di\u00e9 aux French Organic Wines, qui est l\u2019union de <a href=\"http:\/\/www.fnivab.org\/\" target=\"_blank\">France Bio Vin<\/a> et du <a href=\"http:\/\/www.vigneronsbio-aquitaine.org\/\" target=\"_blank\">Syndicat des Vignerons Bios d\u2019Aquitaine<\/a>, pour la 5\u00e8me ann\u00e9e cons\u00e9cutive. Nous nous attendons \u00e0 un grand succ\u00e8s sur ce stand, puisque <strong>le march\u00e9 de l\u2019Allemagne est tr\u00e8s porteur pour les vins bios<\/strong>. Ici, 31.5% de la population consomme des vins bios et l\u2019Allemagne est le premier march\u00e9 mondial de produits biologiques. <strong>En compagnie de 30 autres vignerons bio fran\u00e7ais, nous serons fiers de porter haut les couleurs de la France bio<\/strong>. Le stand connait un engouement certain puisqu\u2019il enregistre 16% de candidatures en plus par rapport \u00e0 l\u2019ann\u00e9e 2015. 40 appellation y seront repr\u00e9sent\u00e9es, une occasion unique de d\u00e9guster la qualit\u00e9 de la production bio de la France.<\/span><\/p>\n","protected":false},"excerpt":{"rendered":"<p>La vie est faite de rendez-vous et certains sont \u00e0 ne pas manquer. Dans la vie d\u2019un vigneron, ceux-ci sont les salons, surtout lorsqu\u2019ils sont grands et font partie des plus grands mondiaux. C\u2019est notre cas, pour le salon Prowein, qui se d\u00e9roule chaque ann\u00e9e en Allemagne. Celui-ci r\u00e9unit tous les vignerons de la plan\u00e8te [&hellip;]<\/p>\n","protected":false},"author":15,"featured_media":1858,"comment_status":"open","ping_status":"open","sticky":false,"template":"","format":"standard","meta":{"_acf_changed":false,"footnotes":""},"categories":[17],"tags":[408,350],"class_list":["post-1856","post","type-post","status-publish","format-standard","has-post-thumbnail","hentry","category-bio-vins","tag-agriculture-biologique","tag-salon-du-vin"],"acf":[],"yoast_head":"<!-- This site is optimized with the Yoast SEO plugin v28.3 - https:\/\/yoast.com\/product\/yoast-seo-wordpress\/ -->\n<title>Tous au salon Prowein, en Allemagne<\/title>\n<meta name=\"description\" content=\"Prowein r\u00e9unit 6000 exposants venus du monde entier, pour 3 jours : du 13 au 15 mars 2016. Plus de 50.000 visiteurs sont attendus \u00e0 Dusseldorf, en Allemagne\" \/>\n<meta name=\"robots\" content=\"index, follow, max-snippet:-1, max-image-preview:large, max-video-preview:-1\" \/>\n<link rel=\"canonical\" href=\"https:\/\/chateausuau.com\/fr\/tous-au-salon-prowein-en-allemagne\/\" \/>\n<meta property=\"og:locale\" content=\"fr_FR\" \/>\n<meta property=\"og:type\" content=\"article\" \/>\n<meta property=\"og:title\" content=\"Tous au salon Prowein, en Allemagne\" \/>\n<meta property=\"og:description\" content=\"Prowein r\u00e9unit 6000 exposants venus du monde entier, pour 3 jours : du 13 au 15 mars 2016. Plus de 50.000 visiteurs sont attendus \u00e0 Dusseldorf, en Allemagne\" \/>\n<meta property=\"og:url\" content=\"https:\/\/chateausuau.com\/fr\/tous-au-salon-prowein-en-allemagne\/\" \/>\n<meta property=\"og:site_name\" content=\"Chateau Suau\" \/>\n<meta property=\"article:published_time\" content=\"2016-03-11T03:28:54+00:00\" \/>\n<meta property=\"article:modified_time\" content=\"2019-07-08T15:59:44+00:00\" \/>\n<meta property=\"og:image\" content=\"https:\/\/chateausuau.com\/wp-content\/uploads\/2016\/03\/Prowein-2016.jpg\" \/>\n\t<meta property=\"og:image:width\" content=\"847\" \/>\n\t<meta property=\"og:image:height\" content=\"568\" \/>\n\t<meta property=\"og:image:type\" content=\"image\/jpeg\" \/>\n<meta name=\"author\" content=\"Matthieu\" \/>\n<meta name=\"twitter:label1\" content=\"\u00c9crit par\" \/>\n\t<meta name=\"twitter:data1\" content=\"Matthieu\" \/>\n\t<meta name=\"twitter:label2\" content=\"Dur\u00e9e de lecture estim\u00e9e\" \/>\n\t<meta name=\"twitter:data2\" content=\"3 minutes\" \/>\n<script type=\"application\/ld+json\" class=\"yoast-schema-graph\">{\"@context\":\"https:\\\/\\\/schema.org\",\"@graph\":[{\"@type\":\"Article\",\"@id\":\"https:\\\/\\\/chateausuau.com\\\/fr\\\/tous-au-salon-prowein-en-allemagne\\\/#article\",\"isPartOf\":{\"@id\":\"https:\\\/\\\/chateausuau.com\\\/fr\\\/tous-au-salon-prowein-en-allemagne\\\/\"},\"author\":{\"name\":\"Matthieu\",\"@id\":\"https:\\\/\\\/chateausuau.com\\\/fr\\\/#\\\/schema\\\/person\\\/a961e91ba8f7c4de482a79b01d18f220\"},\"headline\":\"Tous au salon Prowein en Allemagne\",\"datePublished\":\"2016-03-11T03:28:54+00:00\",\"dateModified\":\"2019-07-08T15:59:44+00:00\",\"mainEntityOfPage\":{\"@id\":\"https:\\\/\\\/chateausuau.com\\\/fr\\\/tous-au-salon-prowein-en-allemagne\\\/\"},\"wordCount\":541,\"commentCount\":0,\"image\":{\"@id\":\"https:\\\/\\\/chateausuau.com\\\/fr\\\/tous-au-salon-prowein-en-allemagne\\\/#primaryimage\"},\"thumbnailUrl\":\"https:\\\/\\\/chateausuau.com\\\/wp-content\\\/uploads\\\/2016\\\/03\\\/Prowein-2016.jpg\",\"keywords\":[\"agriculture biologique\",\"Salon du vin\"],\"articleSection\":[\"Univers du vin bio\"],\"inLanguage\":\"fr-FR\",\"potentialAction\":[{\"@type\":\"CommentAction\",\"name\":\"Comment\",\"target\":[\"https:\\\/\\\/chateausuau.com\\\/fr\\\/tous-au-salon-prowein-en-allemagne\\\/#respond\"]}]},{\"@type\":\"WebPage\",\"@id\":\"https:\\\/\\\/chateausuau.com\\\/fr\\\/tous-au-salon-prowein-en-allemagne\\\/\",\"url\":\"https:\\\/\\\/chateausuau.com\\\/fr\\\/tous-au-salon-prowein-en-allemagne\\\/\",\"name\":\"Tous au salon Prowein, en Allemagne\",\"isPartOf\":{\"@id\":\"https:\\\/\\\/chateausuau.com\\\/fr\\\/#website\"},\"primaryImageOfPage\":{\"@id\":\"https:\\\/\\\/chateausuau.com\\\/fr\\\/tous-au-salon-prowein-en-allemagne\\\/#primaryimage\"},\"image\":{\"@id\":\"https:\\\/\\\/chateausuau.com\\\/fr\\\/tous-au-salon-prowein-en-allemagne\\\/#primaryimage\"},\"thumbnailUrl\":\"https:\\\/\\\/chateausuau.com\\\/wp-content\\\/uploads\\\/2016\\\/03\\\/Prowein-2016.jpg\",\"datePublished\":\"2016-03-11T03:28:54+00:00\",\"dateModified\":\"2019-07-08T15:59:44+00:00\",\"author\":{\"@id\":\"https:\\\/\\\/chateausuau.com\\\/fr\\\/#\\\/schema\\\/person\\\/a961e91ba8f7c4de482a79b01d18f220\"},\"description\":\"Prowein r\u00e9unit 6000 exposants venus du monde entier, pour 3 jours : du 13 au 15 mars 2016. Plus de 50.000 visiteurs sont attendus \u00e0 Dusseldorf, en Allemagne\",\"breadcrumb\":{\"@id\":\"https:\\\/\\\/chateausuau.com\\\/fr\\\/tous-au-salon-prowein-en-allemagne\\\/#breadcrumb\"},\"inLanguage\":\"fr-FR\",\"potentialAction\":[{\"@type\":\"ReadAction\",\"target\":[\"https:\\\/\\\/chateausuau.com\\\/fr\\\/tous-au-salon-prowein-en-allemagne\\\/\"]}]},{\"@type\":\"ImageObject\",\"inLanguage\":\"fr-FR\",\"@id\":\"https:\\\/\\\/chateausuau.com\\\/fr\\\/tous-au-salon-prowein-en-allemagne\\\/#primaryimage\",\"url\":\"https:\\\/\\\/chateausuau.com\\\/wp-content\\\/uploads\\\/2016\\\/03\\\/Prowein-2016.jpg\",\"contentUrl\":\"https:\\\/\\\/chateausuau.com\\\/wp-content\\\/uploads\\\/2016\\\/03\\\/Prowein-2016.jpg\",\"width\":847,\"height\":568,\"caption\":\"Prowein 2016\"},{\"@type\":\"BreadcrumbList\",\"@id\":\"https:\\\/\\\/chateausuau.com\\\/fr\\\/tous-au-salon-prowein-en-allemagne\\\/#breadcrumb\",\"itemListElement\":[{\"@type\":\"ListItem\",\"position\":1,\"name\":\"Accueil\",\"item\":\"https:\\\/\\\/chateausuau.com\\\/fr\\\/\"},{\"@type\":\"ListItem\",\"position\":2,\"name\":\"Tous au salon Prowein en Allemagne\"}]},{\"@type\":\"WebSite\",\"@id\":\"https:\\\/\\\/chateausuau.com\\\/fr\\\/#website\",\"url\":\"https:\\\/\\\/chateausuau.com\\\/fr\\\/\",\"name\":\"Chateau Suau\",\"description\":\"Chateau Suau Winery. Official Webiste\",\"potentialAction\":[{\"@type\":\"SearchAction\",\"target\":{\"@type\":\"EntryPoint\",\"urlTemplate\":\"https:\\\/\\\/chateausuau.com\\\/fr\\\/?s={search_term_string}\"},\"query-input\":{\"@type\":\"PropertyValueSpecification\",\"valueRequired\":true,\"valueName\":\"search_term_string\"}}],\"inLanguage\":\"fr-FR\"},{\"@type\":\"Person\",\"@id\":\"https:\\\/\\\/chateausuau.com\\\/fr\\\/#\\\/schema\\\/person\\\/a961e91ba8f7c4de482a79b01d18f220\",\"name\":\"Matthieu\",\"image\":{\"@type\":\"ImageObject\",\"inLanguage\":\"fr-FR\",\"@id\":\"https:\\\/\\\/secure.gravatar.com\\\/avatar\\\/115a27531ae884eb997c76a9b6a0de7cb81d7fdbad767193514ecda4396b158f?s=96&d=mm&r=g\",\"url\":\"https:\\\/\\\/secure.gravatar.com\\\/avatar\\\/115a27531ae884eb997c76a9b6a0de7cb81d7fdbad767193514ecda4396b158f?s=96&d=mm&r=g\",\"contentUrl\":\"https:\\\/\\\/secure.gravatar.com\\\/avatar\\\/115a27531ae884eb997c76a9b6a0de7cb81d7fdbad767193514ecda4396b158f?s=96&d=mm&r=g\",\"caption\":\"Matthieu\"}}]}<\/script>\n<!-- \/ Yoast SEO plugin. -->","yoast_head_json":{"title":"Tous au salon Prowein, en Allemagne","description":"Prowein r\u00e9unit 6000 exposants venus du monde entier, pour 3 jours : du 13 au 15 mars 2016. Plus de 50.000 visiteurs sont attendus \u00e0 Dusseldorf, en Allemagne","robots":{"index":"index","follow":"follow","max-snippet":"max-snippet:-1","max-image-preview":"max-image-preview:large","max-video-preview":"max-video-preview:-1"},"canonical":"https:\/\/chateausuau.com\/fr\/tous-au-salon-prowein-en-allemagne\/","og_locale":"fr_FR","og_type":"article","og_title":"Tous au salon Prowein, en Allemagne","og_description":"Prowein r\u00e9unit 6000 exposants venus du monde entier, pour 3 jours : du 13 au 15 mars 2016. Plus de 50.000 visiteurs sont attendus \u00e0 Dusseldorf, en Allemagne","og_url":"https:\/\/chateausuau.com\/fr\/tous-au-salon-prowein-en-allemagne\/","og_site_name":"Chateau Suau","article_published_time":"2016-03-11T03:28:54+00:00","article_modified_time":"2019-07-08T15:59:44+00:00","og_image":[{"width":847,"height":568,"url":"https:\/\/chateausuau.com\/wp-content\/uploads\/2016\/03\/Prowein-2016.jpg","type":"image\/jpeg"}],"author":"Matthieu","twitter_misc":{"\u00c9crit par":"Matthieu","Dur\u00e9e de lecture estim\u00e9e":"3 minutes"},"schema":{"@context":"https:\/\/schema.org","@graph":[{"@type":"Article","@id":"https:\/\/chateausuau.com\/fr\/tous-au-salon-prowein-en-allemagne\/#article","isPartOf":{"@id":"https:\/\/chateausuau.com\/fr\/tous-au-salon-prowein-en-allemagne\/"},"author":{"name":"Matthieu","@id":"https:\/\/chateausuau.com\/fr\/#\/schema\/person\/a961e91ba8f7c4de482a79b01d18f220"},"headline":"Tous au salon Prowein en Allemagne","datePublished":"2016-03-11T03:28:54+00:00","dateModified":"2019-07-08T15:59:44+00:00","mainEntityOfPage":{"@id":"https:\/\/chateausuau.com\/fr\/tous-au-salon-prowein-en-allemagne\/"},"wordCount":541,"commentCount":0,"image":{"@id":"https:\/\/chateausuau.com\/fr\/tous-au-salon-prowein-en-allemagne\/#primaryimage"},"thumbnailUrl":"https:\/\/chateausuau.com\/wp-content\/uploads\/2016\/03\/Prowein-2016.jpg","keywords":["agriculture biologique","Salon du vin"],"articleSection":["Univers du vin bio"],"inLanguage":"fr-FR","potentialAction":[{"@type":"CommentAction","name":"Comment","target":["https:\/\/chateausuau.com\/fr\/tous-au-salon-prowein-en-allemagne\/#respond"]}]},{"@type":"WebPage","@id":"https:\/\/chateausuau.com\/fr\/tous-au-salon-prowein-en-allemagne\/","url":"https:\/\/chateausuau.com\/fr\/tous-au-salon-prowein-en-allemagne\/","name":"Tous au salon Prowein, en Allemagne","isPartOf":{"@id":"https:\/\/chateausuau.com\/fr\/#website"},"primaryImageOfPage":{"@id":"https:\/\/chateausuau.com\/fr\/tous-au-salon-prowein-en-allemagne\/#primaryimage"},"image":{"@id":"https:\/\/chateausuau.com\/fr\/tous-au-salon-prowein-en-allemagne\/#primaryimage"},"thumbnailUrl":"https:\/\/chateausuau.com\/wp-content\/uploads\/2016\/03\/Prowein-2016.jpg","datePublished":"2016-03-11T03:28:54+00:00","dateModified":"2019-07-08T15:59:44+00:00","author":{"@id":"https:\/\/chateausuau.com\/fr\/#\/schema\/person\/a961e91ba8f7c4de482a79b01d18f220"},"description":"Prowein r\u00e9unit 6000 exposants venus du monde entier, pour 3 jours : du 13 au 15 mars 2016. Plus de 50.000 visiteurs sont attendus \u00e0 Dusseldorf, en Allemagne","breadcrumb":{"@id":"https:\/\/chateausuau.com\/fr\/tous-au-salon-prowein-en-allemagne\/#breadcrumb"},"inLanguage":"fr-FR","potentialAction":[{"@type":"ReadAction","target":["https:\/\/chateausuau.com\/fr\/tous-au-salon-prowein-en-allemagne\/"]}]},{"@type":"ImageObject","inLanguage":"fr-FR","@id":"https:\/\/chateausuau.com\/fr\/tous-au-salon-prowein-en-allemagne\/#primaryimage","url":"https:\/\/chateausuau.com\/wp-content\/uploads\/2016\/03\/Prowein-2016.jpg","contentUrl":"https:\/\/chateausuau.com\/wp-content\/uploads\/2016\/03\/Prowein-2016.jpg","width":847,"height":568,"caption":"Prowein 2016"},{"@type":"BreadcrumbList","@id":"https:\/\/chateausuau.com\/fr\/tous-au-salon-prowein-en-allemagne\/#breadcrumb","itemListElement":[{"@type":"ListItem","position":1,"name":"Accueil","item":"https:\/\/chateausuau.com\/fr\/"},{"@type":"ListItem","position":2,"name":"Tous au salon Prowein en Allemagne"}]},{"@type":"WebSite","@id":"https:\/\/chateausuau.com\/fr\/#website","url":"https:\/\/chateausuau.com\/fr\/","name":"Chateau Suau","description":"Chateau Suau Winery. Official Webiste","potentialAction":[{"@type":"SearchAction","target":{"@type":"EntryPoint","urlTemplate":"https:\/\/chateausuau.com\/fr\/?s={search_term_string}"},"query-input":{"@type":"PropertyValueSpecification","valueRequired":true,"valueName":"search_term_string"}}],"inLanguage":"fr-FR"},{"@type":"Person","@id":"https:\/\/chateausuau.com\/fr\/#\/schema\/person\/a961e91ba8f7c4de482a79b01d18f220","name":"Matthieu","image":{"@type":"ImageObject","inLanguage":"fr-FR","@id":"https:\/\/secure.gravatar.com\/avatar\/115a27531ae884eb997c76a9b6a0de7cb81d7fdbad767193514ecda4396b158f?s=96&d=mm&r=g","url":"https:\/\/secure.gravatar.com\/avatar\/115a27531ae884eb997c76a9b6a0de7cb81d7fdbad767193514ecda4396b158f?s=96&d=mm&r=g","contentUrl":"https:\/\/secure.gravatar.com\/avatar\/115a27531ae884eb997c76a9b6a0de7cb81d7fdbad767193514ecda4396b158f?s=96&d=mm&r=g","caption":"Matthieu"}}]}},"_links":{"self":[{"href":"https:\/\/chateausuau.com\/fr\/wp-json\/wp\/v2\/posts\/1856","targetHints":{"allow":["GET"]}}],"collection":[{"href":"https:\/\/chateausuau.com\/fr\/wp-json\/wp\/v2\/posts"}],"about":[{"href":"https:\/\/chateausuau.com\/fr\/wp-json\/wp\/v2\/types\/post"}],"author":[{"embeddable":true,"href":"https:\/\/chateausuau.com\/fr\/wp-json\/wp\/v2\/users\/15"}],"replies":[{"embeddable":true,"href":"https:\/\/chateausuau.com\/fr\/wp-json\/wp\/v2\/comments?post=1856"}],"version-history":[{"count":0,"href":"https:\/\/chateausuau.com\/fr\/wp-json\/wp\/v2\/posts\/1856\/revisions"}],"wp:featuredmedia":[{"embeddable":true,"href":"https:\/\/chateausuau.com\/fr\/wp-json\/wp\/v2\/media\/1858"}],"wp:attachment":[{"href":"https:\/\/chateausuau.com\/fr\/wp-json\/wp\/v2\/media?parent=1856"}],"wp:term":[{"taxonomy":"category","embeddable":true,"href":"https:\/\/chateausuau.com\/fr\/wp-json\/wp\/v2\/categories?post=1856"},{"taxonomy":"post_tag","embeddable":true,"href":"https:\/\/chateausuau.com\/fr\/wp-json\/wp\/v2\/tags?post=1856"}],"curies":[{"name":"wp","href":"https:\/\/api.w.org\/{rel}","templated":true}]}}