{"id":1507,"date":"2015-10-12T04:35:06","date_gmt":"2015-10-12T04:35:06","guid":{"rendered":"http:\/\/chateausuau.com\/?p=1507"},"modified":"2019-09-27T11:38:56","modified_gmt":"2019-09-27T09:38:56","slug":"le-miel-la-vigne-et-les-abeilles","status":"publish","type":"post","link":"https:\/\/chateausuau.com\/fr\/le-miel-la-vigne-et-les-abeilles\/","title":{"rendered":"Le miel, la vigne et les abeilles"},"content":{"rendered":"<p><a href=\"http:\/\/chateausuau.com\/wp-content\/uploads\/2015\/10\/miel.jpg\" data-rel=\"lightbox-gallery-IyNmcD4F\" data-rl_title=\"\" data-rl_caption=\"\" title=\"\"><img loading=\"lazy\" decoding=\"async\" class=\" wp-image-1519 aligncenter\" alt=\"Le miel, la vigne et les abeilles\" src=\"http:\/\/chateausuau.com\/wp-content\/uploads\/2015\/10\/miel.jpg\" width=\"810\" height=\"540\" srcset=\"https:\/\/chateausuau.com\/wp-content\/uploads\/2015\/10\/miel.jpg 1688w, https:\/\/chateausuau.com\/wp-content\/uploads\/2015\/10\/miel-300x200.jpg 300w, https:\/\/chateausuau.com\/wp-content\/uploads\/2015\/10\/miel-768x512.jpg 768w, https:\/\/chateausuau.com\/wp-content\/uploads\/2015\/10\/miel-1024x682.jpg 1024w\" sizes=\"auto, (max-width: 810px) 100vw, 810px\" \/><\/a><strong><\/strong><\/p>\n<p><strong>Il y a quelques mois, de nouvelles pensionnaires nous ont rejoint au Ch\u00e2teau. Si leur r\u00f4le n&rsquo;est pas de ramasser des grappes ou de tailler les vignes, ces nouvelles habitantes ne ch\u00f4ment pas. D\u00e9couvrez l&rsquo;histoire de nos abeilles !<\/strong><\/p>\n<p>C&rsquo;est au mois de mai dernier que la vingtaine de ruches a pos\u00e9 ses quartiers dans notre domaine. N\u00e9e d&rsquo;une rencontre entre <a title=\"Profession : responsable technique d\u2019un ch\u00e2teau\" href=\"http:\/\/chateausuau.com\/blog\/profession-responsable-technique-dun-chateau\/\">Eric Chabot<\/a>, notre responsable technique et Val\u00e9rie Doussin, apicultrice depuis plus de 7 ans, cette id\u00e9e est devenue r\u00e9alit\u00e9 au c\u0153ur de notre bois d&rsquo;acacias qui entoure une partie du vignoble. Une situation id\u00e9ale \u00e0 deux pas d&rsquo;un bois de ch\u00e2taigner pour leur permettre d&rsquo;\u00eatre actives sans avoir \u00e0 s&rsquo;\u00e9puiser. Si les abeilles peuvent parcourir jusqu&rsquo;\u00e0 5 kilom\u00e8tres, les 200 m\u00e8tres s\u00e9parant les deux for\u00eats sont d\u00e9j\u00e0 suffisante pour leur faire faire de l&rsquo;exercice.<\/p>\n<p>Bien que nos nouvelles locataires sont peu actives dans les vignes, elles sont n\u00e9anmoins tr\u00e8s importantes. Le fait d\u2019avoir des abeilles sur la propri\u00e9t\u00e9 compl\u00e8te en effet la <a href=\"http:\/\/chateausuau.com\/identite\/\" target=\"_blank\" rel=\"noopener noreferrer\">biodiversit\u00e9 du vignoble<\/a>. Les abeilles assurent 80&nbsp;% de la <a href=\"https:\/\/fr.wikipedia.org\/wiki\/Pollinisation\" target=\"_blank\" rel=\"noopener noreferrer\">pollinisation<\/a> du monde v\u00e9g\u00e9tal, ce qui permet la reproduction des fleurs ! Cela nous permet \u00e9galement de pr\u00e9server cette esp\u00e8ce menac\u00e9e&#8230; Par ailleurs, le miel concoct\u00e9e par les insectes de Suau sera un miel d\u2019acacia, d\u00e9licat et parfum\u00e9, dans un environnement bio, sans pollution chimique. Quoi de mieux ?<\/p>\n<p>50 000 sujets \u00e9voluent dans une ruche. Chacun d&rsquo;entre eux va effectuer 7 m\u00e9tiers au cours de sa vie : nourrisse, abeille de m\u00e9nage, cireuse, guerri\u00e8re, butineuse, garde du corps de la reine&#8230; Tout le m\u00e9tier de reine r\u00e9serv\u00e9e \u00e0 un unique sp\u00e9cimen ! Cette v\u00e9ritable soci\u00e9t\u00e9 doit surveill\u00e9e une fois par semaine par l&rsquo;apicultrice, durant la p\u00e9riode d&rsquo;avril \u00e0 ao\u00fbt. Lors de ces passages, cette derni\u00e8re s&rsquo;occupe de cr\u00e9er des essaims, r\u00e9colter le miel, mettre des hausses, apporter des ruches nouvelles, etc.<\/p>\n<p>En dehors de la \u00ab\u00a0haute saison\u00a0\u00bb, la professionnelle effectue des visites mensuelles avec notamment des contr\u00f4les saisonniers : contr\u00f4le de l&rsquo;\u00e9tat des ruches et pose de cadres neufs au printemps, traitement contre le varois et inspection des provisions durant l&rsquo;automne et traitement \u00e0 l&rsquo;acide oxalique en d\u00e9cembre.. En hiver, nos petites h\u00f4tesses hibernent en se collant les unes aux autres, en attendant un rayon de soleil et des temp\u00e9ratures cl\u00e9mentes pour mettre les antennes dehors !<\/p>\n<p>Quant au fruit de leur labeur, il se r\u00e9colte d\u00e8s le mois de f\u00e9vrier en fonction des diff\u00e9rentes floraison : acacias au mois de mai, ch\u00e2taigner de mi-mai \u00e0 mi-juillet, arbres fruitiers durant tout le printemps&#8230; Vivement l&rsquo;ann\u00e9e prochaine.<\/p>\n<p>Et vous, \u00eates-vous un amateur\/trice de miel ?<\/p>\n","protected":false},"excerpt":{"rendered":"<p>Il y a quelques mois, de nouvelles pensionnaires nous ont rejoint au Ch\u00e2teau. Si leur r\u00f4le n&rsquo;est pas de ramasser des grappes ou de tailler les vignes, ces nouvelles habitantes ne ch\u00f4ment pas. D\u00e9couvrez l&rsquo;histoire de nos abeilles ! C&rsquo;est au mois de mai dernier que la vingtaine de ruches a pos\u00e9 ses quartiers dans [&hellip;]<\/p>\n","protected":false},"author":6,"featured_media":1519,"comment_status":"open","ping_status":"open","sticky":false,"template":"","format":"standard","meta":{"_acf_changed":false,"footnotes":""},"categories":[29],"tags":[],"class_list":["post-1507","post","type-post","status-publish","format-standard","has-post-thumbnail","hentry","category-encyclopedie-du-vin"],"acf":[],"yoast_head":"<!-- This site is optimized with the Yoast SEO plugin v28.3 - https:\/\/yoast.com\/product\/yoast-seo-wordpress\/ -->\n<title>Le miel, la vigne et les abeilles - ChateauSuau.com<\/title>\n<meta name=\"description\" content=\"Le miel, la vigne et les abeilles\" \/>\n<meta name=\"robots\" content=\"index, follow, max-snippet:-1, max-image-preview:large, max-video-preview:-1\" \/>\n<link rel=\"canonical\" href=\"https:\/\/chateausuau.com\/fr\/le-miel-la-vigne-et-les-abeilles\/\" \/>\n<meta property=\"og:locale\" content=\"fr_FR\" \/>\n<meta property=\"og:type\" content=\"article\" \/>\n<meta property=\"og:title\" content=\"Le miel, la vigne et les abeilles - ChateauSuau.com\" \/>\n<meta property=\"og:description\" content=\"Le miel, la vigne et les abeilles\" \/>\n<meta property=\"og:url\" content=\"https:\/\/chateausuau.com\/fr\/le-miel-la-vigne-et-les-abeilles\/\" \/>\n<meta property=\"og:site_name\" content=\"Chateau Suau\" \/>\n<meta property=\"article:published_time\" content=\"2015-10-12T04:35:06+00:00\" \/>\n<meta property=\"article:modified_time\" content=\"2019-09-27T09:38:56+00:00\" \/>\n<meta property=\"og:image\" content=\"https:\/\/chateausuau.com\/wp-content\/uploads\/2015\/10\/miel.jpg\" \/>\n\t<meta property=\"og:image:width\" content=\"1688\" \/>\n\t<meta property=\"og:image:height\" content=\"1125\" \/>\n\t<meta property=\"og:image:type\" content=\"image\/jpeg\" \/>\n<meta name=\"author\" content=\"Solene Duclos\" \/>\n<meta name=\"twitter:label1\" content=\"\u00c9crit par\" \/>\n\t<meta name=\"twitter:data1\" content=\"Solene Duclos\" \/>\n\t<meta name=\"twitter:label2\" content=\"Dur\u00e9e de lecture estim\u00e9e\" \/>\n\t<meta name=\"twitter:data2\" content=\"2 minutes\" \/>\n<script type=\"application\/ld+json\" class=\"yoast-schema-graph\">{\"@context\":\"https:\\\/\\\/schema.org\",\"@graph\":[{\"@type\":\"Article\",\"@id\":\"https:\\\/\\\/chateausuau.com\\\/fr\\\/le-miel-la-vigne-et-les-abeilles\\\/#article\",\"isPartOf\":{\"@id\":\"https:\\\/\\\/chateausuau.com\\\/fr\\\/le-miel-la-vigne-et-les-abeilles\\\/\"},\"author\":{\"name\":\"Solene Duclos\",\"@id\":\"https:\\\/\\\/chateausuau.com\\\/fr\\\/#\\\/schema\\\/person\\\/7695626c546785060dfc3df2c873f634\"},\"headline\":\"Le miel, la vigne et les abeilles\",\"datePublished\":\"2015-10-12T04:35:06+00:00\",\"dateModified\":\"2019-09-27T09:38:56+00:00\",\"mainEntityOfPage\":{\"@id\":\"https:\\\/\\\/chateausuau.com\\\/fr\\\/le-miel-la-vigne-et-les-abeilles\\\/\"},\"wordCount\":487,\"commentCount\":0,\"image\":{\"@id\":\"https:\\\/\\\/chateausuau.com\\\/fr\\\/le-miel-la-vigne-et-les-abeilles\\\/#primaryimage\"},\"thumbnailUrl\":\"https:\\\/\\\/chateausuau.com\\\/wp-content\\\/uploads\\\/2015\\\/10\\\/miel.jpg\",\"articleSection\":[\"Encyclop\u00e9die du Vin\"],\"inLanguage\":\"fr-FR\",\"potentialAction\":[{\"@type\":\"CommentAction\",\"name\":\"Comment\",\"target\":[\"https:\\\/\\\/chateausuau.com\\\/fr\\\/le-miel-la-vigne-et-les-abeilles\\\/#respond\"]}]},{\"@type\":\"WebPage\",\"@id\":\"https:\\\/\\\/chateausuau.com\\\/fr\\\/le-miel-la-vigne-et-les-abeilles\\\/\",\"url\":\"https:\\\/\\\/chateausuau.com\\\/fr\\\/le-miel-la-vigne-et-les-abeilles\\\/\",\"name\":\"Le miel, la vigne et les abeilles - ChateauSuau.com\",\"isPartOf\":{\"@id\":\"https:\\\/\\\/chateausuau.com\\\/fr\\\/#website\"},\"primaryImageOfPage\":{\"@id\":\"https:\\\/\\\/chateausuau.com\\\/fr\\\/le-miel-la-vigne-et-les-abeilles\\\/#primaryimage\"},\"image\":{\"@id\":\"https:\\\/\\\/chateausuau.com\\\/fr\\\/le-miel-la-vigne-et-les-abeilles\\\/#primaryimage\"},\"thumbnailUrl\":\"https:\\\/\\\/chateausuau.com\\\/wp-content\\\/uploads\\\/2015\\\/10\\\/miel.jpg\",\"datePublished\":\"2015-10-12T04:35:06+00:00\",\"dateModified\":\"2019-09-27T09:38:56+00:00\",\"author\":{\"@id\":\"https:\\\/\\\/chateausuau.com\\\/fr\\\/#\\\/schema\\\/person\\\/7695626c546785060dfc3df2c873f634\"},\"description\":\"Le miel, la vigne et les abeilles\",\"breadcrumb\":{\"@id\":\"https:\\\/\\\/chateausuau.com\\\/fr\\\/le-miel-la-vigne-et-les-abeilles\\\/#breadcrumb\"},\"inLanguage\":\"fr-FR\",\"potentialAction\":[{\"@type\":\"ReadAction\",\"target\":[\"https:\\\/\\\/chateausuau.com\\\/fr\\\/le-miel-la-vigne-et-les-abeilles\\\/\"]}]},{\"@type\":\"ImageObject\",\"inLanguage\":\"fr-FR\",\"@id\":\"https:\\\/\\\/chateausuau.com\\\/fr\\\/le-miel-la-vigne-et-les-abeilles\\\/#primaryimage\",\"url\":\"https:\\\/\\\/chateausuau.com\\\/wp-content\\\/uploads\\\/2015\\\/10\\\/miel.jpg\",\"contentUrl\":\"https:\\\/\\\/chateausuau.com\\\/wp-content\\\/uploads\\\/2015\\\/10\\\/miel.jpg\",\"width\":1688,\"height\":1125},{\"@type\":\"BreadcrumbList\",\"@id\":\"https:\\\/\\\/chateausuau.com\\\/fr\\\/le-miel-la-vigne-et-les-abeilles\\\/#breadcrumb\",\"itemListElement\":[{\"@type\":\"ListItem\",\"position\":1,\"name\":\"Accueil\",\"item\":\"https:\\\/\\\/chateausuau.com\\\/fr\\\/\"},{\"@type\":\"ListItem\",\"position\":2,\"name\":\"Le miel, la vigne et les abeilles\"}]},{\"@type\":\"WebSite\",\"@id\":\"https:\\\/\\\/chateausuau.com\\\/fr\\\/#website\",\"url\":\"https:\\\/\\\/chateausuau.com\\\/fr\\\/\",\"name\":\"Chateau Suau\",\"description\":\"Chateau Suau Winery. Official Webiste\",\"potentialAction\":[{\"@type\":\"SearchAction\",\"target\":{\"@type\":\"EntryPoint\",\"urlTemplate\":\"https:\\\/\\\/chateausuau.com\\\/fr\\\/?s={search_term_string}\"},\"query-input\":{\"@type\":\"PropertyValueSpecification\",\"valueRequired\":true,\"valueName\":\"search_term_string\"}}],\"inLanguage\":\"fr-FR\"},{\"@type\":\"Person\",\"@id\":\"https:\\\/\\\/chateausuau.com\\\/fr\\\/#\\\/schema\\\/person\\\/7695626c546785060dfc3df2c873f634\",\"name\":\"Solene Duclos\",\"image\":{\"@type\":\"ImageObject\",\"inLanguage\":\"fr-FR\",\"@id\":\"https:\\\/\\\/secure.gravatar.com\\\/avatar\\\/79d22ce2b51d27b4a157142373687d3b1dd6bbed818fa1a44a10a03037525bd3?s=96&d=mm&r=g\",\"url\":\"https:\\\/\\\/secure.gravatar.com\\\/avatar\\\/79d22ce2b51d27b4a157142373687d3b1dd6bbed818fa1a44a10a03037525bd3?s=96&d=mm&r=g\",\"contentUrl\":\"https:\\\/\\\/secure.gravatar.com\\\/avatar\\\/79d22ce2b51d27b4a157142373687d3b1dd6bbed818fa1a44a10a03037525bd3?s=96&d=mm&r=g\",\"caption\":\"Solene Duclos\"}}]}<\/script>\n<!-- \/ Yoast SEO plugin. -->","yoast_head_json":{"title":"Le miel, la vigne et les abeilles - ChateauSuau.com","description":"Le miel, la vigne et les abeilles","robots":{"index":"index","follow":"follow","max-snippet":"max-snippet:-1","max-image-preview":"max-image-preview:large","max-video-preview":"max-video-preview:-1"},"canonical":"https:\/\/chateausuau.com\/fr\/le-miel-la-vigne-et-les-abeilles\/","og_locale":"fr_FR","og_type":"article","og_title":"Le miel, la vigne et les abeilles - ChateauSuau.com","og_description":"Le miel, la vigne et les abeilles","og_url":"https:\/\/chateausuau.com\/fr\/le-miel-la-vigne-et-les-abeilles\/","og_site_name":"Chateau Suau","article_published_time":"2015-10-12T04:35:06+00:00","article_modified_time":"2019-09-27T09:38:56+00:00","og_image":[{"width":1688,"height":1125,"url":"https:\/\/chateausuau.com\/wp-content\/uploads\/2015\/10\/miel.jpg","type":"image\/jpeg"}],"author":"Solene Duclos","twitter_misc":{"\u00c9crit par":"Solene Duclos","Dur\u00e9e de lecture estim\u00e9e":"2 minutes"},"schema":{"@context":"https:\/\/schema.org","@graph":[{"@type":"Article","@id":"https:\/\/chateausuau.com\/fr\/le-miel-la-vigne-et-les-abeilles\/#article","isPartOf":{"@id":"https:\/\/chateausuau.com\/fr\/le-miel-la-vigne-et-les-abeilles\/"},"author":{"name":"Solene Duclos","@id":"https:\/\/chateausuau.com\/fr\/#\/schema\/person\/7695626c546785060dfc3df2c873f634"},"headline":"Le miel, la vigne et les abeilles","datePublished":"2015-10-12T04:35:06+00:00","dateModified":"2019-09-27T09:38:56+00:00","mainEntityOfPage":{"@id":"https:\/\/chateausuau.com\/fr\/le-miel-la-vigne-et-les-abeilles\/"},"wordCount":487,"commentCount":0,"image":{"@id":"https:\/\/chateausuau.com\/fr\/le-miel-la-vigne-et-les-abeilles\/#primaryimage"},"thumbnailUrl":"https:\/\/chateausuau.com\/wp-content\/uploads\/2015\/10\/miel.jpg","articleSection":["Encyclop\u00e9die du Vin"],"inLanguage":"fr-FR","potentialAction":[{"@type":"CommentAction","name":"Comment","target":["https:\/\/chateausuau.com\/fr\/le-miel-la-vigne-et-les-abeilles\/#respond"]}]},{"@type":"WebPage","@id":"https:\/\/chateausuau.com\/fr\/le-miel-la-vigne-et-les-abeilles\/","url":"https:\/\/chateausuau.com\/fr\/le-miel-la-vigne-et-les-abeilles\/","name":"Le miel, la vigne et les abeilles - ChateauSuau.com","isPartOf":{"@id":"https:\/\/chateausuau.com\/fr\/#website"},"primaryImageOfPage":{"@id":"https:\/\/chateausuau.com\/fr\/le-miel-la-vigne-et-les-abeilles\/#primaryimage"},"image":{"@id":"https:\/\/chateausuau.com\/fr\/le-miel-la-vigne-et-les-abeilles\/#primaryimage"},"thumbnailUrl":"https:\/\/chateausuau.com\/wp-content\/uploads\/2015\/10\/miel.jpg","datePublished":"2015-10-12T04:35:06+00:00","dateModified":"2019-09-27T09:38:56+00:00","author":{"@id":"https:\/\/chateausuau.com\/fr\/#\/schema\/person\/7695626c546785060dfc3df2c873f634"},"description":"Le miel, la vigne et les abeilles","breadcrumb":{"@id":"https:\/\/chateausuau.com\/fr\/le-miel-la-vigne-et-les-abeilles\/#breadcrumb"},"inLanguage":"fr-FR","potentialAction":[{"@type":"ReadAction","target":["https:\/\/chateausuau.com\/fr\/le-miel-la-vigne-et-les-abeilles\/"]}]},{"@type":"ImageObject","inLanguage":"fr-FR","@id":"https:\/\/chateausuau.com\/fr\/le-miel-la-vigne-et-les-abeilles\/#primaryimage","url":"https:\/\/chateausuau.com\/wp-content\/uploads\/2015\/10\/miel.jpg","contentUrl":"https:\/\/chateausuau.com\/wp-content\/uploads\/2015\/10\/miel.jpg","width":1688,"height":1125},{"@type":"BreadcrumbList","@id":"https:\/\/chateausuau.com\/fr\/le-miel-la-vigne-et-les-abeilles\/#breadcrumb","itemListElement":[{"@type":"ListItem","position":1,"name":"Accueil","item":"https:\/\/chateausuau.com\/fr\/"},{"@type":"ListItem","position":2,"name":"Le miel, la vigne et les abeilles"}]},{"@type":"WebSite","@id":"https:\/\/chateausuau.com\/fr\/#website","url":"https:\/\/chateausuau.com\/fr\/","name":"Chateau Suau","description":"Chateau Suau Winery. Official Webiste","potentialAction":[{"@type":"SearchAction","target":{"@type":"EntryPoint","urlTemplate":"https:\/\/chateausuau.com\/fr\/?s={search_term_string}"},"query-input":{"@type":"PropertyValueSpecification","valueRequired":true,"valueName":"search_term_string"}}],"inLanguage":"fr-FR"},{"@type":"Person","@id":"https:\/\/chateausuau.com\/fr\/#\/schema\/person\/7695626c546785060dfc3df2c873f634","name":"Solene Duclos","image":{"@type":"ImageObject","inLanguage":"fr-FR","@id":"https:\/\/secure.gravatar.com\/avatar\/79d22ce2b51d27b4a157142373687d3b1dd6bbed818fa1a44a10a03037525bd3?s=96&d=mm&r=g","url":"https:\/\/secure.gravatar.com\/avatar\/79d22ce2b51d27b4a157142373687d3b1dd6bbed818fa1a44a10a03037525bd3?s=96&d=mm&r=g","contentUrl":"https:\/\/secure.gravatar.com\/avatar\/79d22ce2b51d27b4a157142373687d3b1dd6bbed818fa1a44a10a03037525bd3?s=96&d=mm&r=g","caption":"Solene Duclos"}}]}},"_links":{"self":[{"href":"https:\/\/chateausuau.com\/fr\/wp-json\/wp\/v2\/posts\/1507","targetHints":{"allow":["GET"]}}],"collection":[{"href":"https:\/\/chateausuau.com\/fr\/wp-json\/wp\/v2\/posts"}],"about":[{"href":"https:\/\/chateausuau.com\/fr\/wp-json\/wp\/v2\/types\/post"}],"author":[{"embeddable":true,"href":"https:\/\/chateausuau.com\/fr\/wp-json\/wp\/v2\/users\/6"}],"replies":[{"embeddable":true,"href":"https:\/\/chateausuau.com\/fr\/wp-json\/wp\/v2\/comments?post=1507"}],"version-history":[{"count":0,"href":"https:\/\/chateausuau.com\/fr\/wp-json\/wp\/v2\/posts\/1507\/revisions"}],"wp:featuredmedia":[{"embeddable":true,"href":"https:\/\/chateausuau.com\/fr\/wp-json\/wp\/v2\/media\/1519"}],"wp:attachment":[{"href":"https:\/\/chateausuau.com\/fr\/wp-json\/wp\/v2\/media?parent=1507"}],"wp:term":[{"taxonomy":"category","embeddable":true,"href":"https:\/\/chateausuau.com\/fr\/wp-json\/wp\/v2\/categories?post=1507"},{"taxonomy":"post_tag","embeddable":true,"href":"https:\/\/chateausuau.com\/fr\/wp-json\/wp\/v2\/tags?post=1507"}],"curies":[{"name":"wp","href":"https:\/\/api.w.org\/{rel}","templated":true}]}}