{"id":1299,"date":"2015-08-19T08:45:17","date_gmt":"2015-08-19T08:45:17","guid":{"rendered":"http:\/\/chateausuau.com\/?p=1299"},"modified":"2019-09-27T11:43:14","modified_gmt":"2019-09-27T09:43:14","slug":"le-vin-en-5-evenements-girondins","status":"publish","type":"post","link":"https:\/\/chateausuau.com\/fr\/le-vin-en-5-evenements-girondins\/","title":{"rendered":"Le vin en 5 \u00e9v\u00e9nements girondins"},"content":{"rendered":"<p><a href=\"http:\/\/chateausuau.com\/wp-content\/uploads\/2015\/08\/14332713620-65da38593b-z.jpg\" data-rel=\"lightbox-gallery-piE2rCAT\" data-rl_title=\"\" data-rl_caption=\"\" title=\"\"><img loading=\"lazy\" decoding=\"async\" class=\"alignnone  wp-image-1301\" alt=\"Le vin en 5 \u00e9v\u00e9nements \" src=\"http:\/\/chateausuau.com\/wp-content\/uploads\/2015\/08\/14332713620-65da38593b-z.jpg\" width=\"797\" height=\"530\" srcset=\"https:\/\/chateausuau.com\/wp-content\/uploads\/2015\/08\/14332713620-65da38593b-z.jpg 640w, https:\/\/chateausuau.com\/wp-content\/uploads\/2015\/08\/14332713620-65da38593b-z-300x200.jpg 300w\" sizes=\"auto, (max-width: 797px) 100vw, 797px\" \/><\/a><\/p>\n<p><strong>On ne compte pas le nombre d&rsquo;\u00e9v\u00e9nements li\u00e9s au vin dans la r\u00e9gion girondine. Un constat logique lorsque l&rsquo;on sait qu&rsquo;il s&rsquo;agit des terres de l&rsquo;une des capitales du nectar&#8230; Parmi les 1001 salons et autres r\u00e9jouissances, il est des \u00e9v\u00e9nements \u00e0 ne pas rater. Suivez notre guide des manifestations incontournables du coin. <\/strong><\/p>\n<p style=\"text-align: center;\">C\u00f4t\u00e9 professionnels :<\/p>\n<p><strong>Vinexpo<\/strong><br \/>\nNous vous en parlions il y a peu, en chiffres et en mots dans un <a title=\"Vinexpo 2015\u2026 en chiffres !\" href=\"http:\/\/chateausuau.com\/vinexpo-2015-en-chiffres\/\">article d\u00e9di\u00e9.<\/a> Le salon Vinexpo se tient \u00e0 Bordeaux tous les deux ans. La prochaine \u00e9dition aura donc lieu en 2017. <em>Save the date<\/em> d\u00e8s maintenant !<\/p>\n<p><strong>Vinipro<\/strong><br \/>\nCr\u00e9e en 2014, Vinipro est le petit nouveau de cette s\u00e9lection. Organis\u00e9 \u00e9galement tous les 2 ans, le salon se tient en d\u00e9calage de Vinexpo. Ainsi, le prochain se tiendra en 2016 au parc des expositions de Bordeaux Lac. Comme son nom l&rsquo;indique, tous les professionnels du vin sont invit\u00e9s \u00e0 parcourir ses all\u00e9es mais l&rsquo;\u00e9v\u00e9nement lui, est enti\u00e8rement d\u00e9di\u00e9 aux gammes des vins produits en Bordelais et dans la r\u00e9gion du Sud-Ouest, soit des bouteilles entre 5 et 15 euros environ.<\/p>\n<p><strong>La d\u00e9gustation des vins \u00ab&nbsp;primeurs&nbsp;\u00bb <\/strong><br \/>\nChaque ann\u00e9e au mois d\u2019avril, les pros qui ach\u00e8tent un vin en cours d\u2019\u00e9levage sont invit\u00e9s \u00e0 go\u00fbter puis \u00e0 investir dans des crus \u00e0 des conditions tarifaires avantageuses. L&rsquo;occasion de passer du bon temps tout en travaillant !<\/p>\n<p style=\"text-align: center;\">Cot\u00e9 grand&nbsp;public :<\/p>\n<p><strong>La F\u00eate du Vin<\/strong><br \/>\nIl faut \u00e9galement patienter deux ann\u00e9es pour avoir le plaisir de lui faire sa f\u00eate&#8230; Tous les deux ans au mois de Juin, la F\u00eate du vin attire les foules. A tel point que le concept a \u00e9t\u00e9 export\u00e9 a Hong Kong et au Qu\u00e9bec. Cr\u00e9\u00e9e par Alain Jupp\u00e9, la fiesta se tiendra du 23 au 26 juin prochain. Au programme de ces 4 jours de guinguette : concerts, spectacles, route du vin en plein Bordeaux, course de rouleurs de barriques et autres animations hautes en couleurs et en (fous) rires.<\/p>\n<p><strong>Le salon des caves particuli\u00e8res<\/strong><br \/>\nNous nous permettons de faire une entorse au th\u00e8me en vous parlant d&rsquo;un \u00e9v\u00e9nement parisien. A des ann\u00e9es lumi\u00e8res des manifestations grand format typiques de la ville lumi\u00e8re,&nbsp; le salon des vignerons ind\u00e9pendants permet de passer des moments sympathiques et en comit\u00e9 restreint. Qu&rsquo;importe la ville o\u00f9 l&rsquo;on est finalement, on s&rsquo;y amuse et c&rsquo;est bien l\u00e0 le principal !<\/p>\n<p>Enfin, nous ne r\u00e9sistons pas \u00e0 l&rsquo;id\u00e9e de mentionner le&nbsp;futur \u00ab\u00a0mus\u00e9e des Vins\u00a0\u00bb en construction dont l&rsquo;inauguration sera probablement l&rsquo;\u00e9v\u00e9nement de l&rsquo;ann\u00e9e. Baptis\u00e9e \u00ab\u00a0Cit\u00e9 des Civilisations du Vin\u00a0\u00bb, ce lieu incontournable dont nous vous parlerons tr\u00e8s bient\u00f4t prendra ses quartiers pr\u00e8s du Quai des Chartrons, en bordure de Garonne. Tout bois \u00e0 point \u00e0 qui sait attendre !<\/p>\n<p>Et vous, quel \u00e9v\u00e9nement d\u00e9di\u00e9s au breuvage star vous semble indispensable ?<\/p>\n","protected":false},"excerpt":{"rendered":"<p>On ne compte pas le nombre d&rsquo;\u00e9v\u00e9nements li\u00e9s au vin dans la r\u00e9gion girondine. Un constat logique lorsque l&rsquo;on sait qu&rsquo;il s&rsquo;agit des terres de l&rsquo;une des capitales du nectar&#8230; Parmi les 1001 salons et autres r\u00e9jouissances, il est des \u00e9v\u00e9nements \u00e0 ne pas rater. Suivez notre guide des manifestations incontournables du coin. C\u00f4t\u00e9 professionnels [&hellip;]<\/p>\n","protected":false},"author":6,"featured_media":1301,"comment_status":"open","ping_status":"open","sticky":false,"template":"","format":"standard","meta":{"_acf_changed":false,"footnotes":""},"categories":[29],"tags":[],"class_list":["post-1299","post","type-post","status-publish","format-standard","has-post-thumbnail","hentry","category-encyclopedie-du-vin"],"acf":[],"yoast_head":"<!-- This site is optimized with the Yoast SEO plugin v28.3 - https:\/\/yoast.com\/product\/yoast-seo-wordpress\/ -->\n<title>Le vin en 5 \u00e9v\u00e9nements girondins - ChateauSuau.com<\/title>\n<meta name=\"description\" content=\"Le vin en 5 \u00e9v\u00e9nements girondins\" \/>\n<meta name=\"robots\" content=\"index, follow, max-snippet:-1, max-image-preview:large, max-video-preview:-1\" \/>\n<link rel=\"canonical\" href=\"https:\/\/chateausuau.com\/fr\/le-vin-en-5-evenements-girondins\/\" \/>\n<meta property=\"og:locale\" content=\"fr_FR\" \/>\n<meta property=\"og:type\" content=\"article\" \/>\n<meta property=\"og:title\" content=\"Le vin en 5 \u00e9v\u00e9nements girondins - ChateauSuau.com\" \/>\n<meta property=\"og:description\" content=\"Le vin en 5 \u00e9v\u00e9nements girondins\" \/>\n<meta property=\"og:url\" content=\"https:\/\/chateausuau.com\/fr\/le-vin-en-5-evenements-girondins\/\" \/>\n<meta property=\"og:site_name\" content=\"Chateau Suau\" \/>\n<meta property=\"article:published_time\" content=\"2015-08-19T08:45:17+00:00\" \/>\n<meta property=\"article:modified_time\" content=\"2019-09-27T09:43:14+00:00\" \/>\n<meta property=\"og:image\" content=\"https:\/\/chateausuau.com\/wp-content\/uploads\/2015\/08\/14332713620-65da38593b-z.jpg\" \/>\n\t<meta property=\"og:image:width\" content=\"640\" \/>\n\t<meta property=\"og:image:height\" content=\"426\" \/>\n\t<meta property=\"og:image:type\" content=\"image\/jpeg\" \/>\n<meta name=\"author\" content=\"Solene Duclos\" \/>\n<meta name=\"twitter:label1\" content=\"\u00c9crit par\" \/>\n\t<meta name=\"twitter:data1\" content=\"Solene Duclos\" \/>\n\t<meta name=\"twitter:label2\" content=\"Dur\u00e9e de lecture estim\u00e9e\" \/>\n\t<meta name=\"twitter:data2\" content=\"2 minutes\" \/>\n<script type=\"application\/ld+json\" class=\"yoast-schema-graph\">{\"@context\":\"https:\\\/\\\/schema.org\",\"@graph\":[{\"@type\":\"Article\",\"@id\":\"https:\\\/\\\/chateausuau.com\\\/fr\\\/le-vin-en-5-evenements-girondins\\\/#article\",\"isPartOf\":{\"@id\":\"https:\\\/\\\/chateausuau.com\\\/fr\\\/le-vin-en-5-evenements-girondins\\\/\"},\"author\":{\"name\":\"Solene Duclos\",\"@id\":\"https:\\\/\\\/chateausuau.com\\\/fr\\\/#\\\/schema\\\/person\\\/7695626c546785060dfc3df2c873f634\"},\"headline\":\"Le vin en 5 \u00e9v\u00e9nements girondins\",\"datePublished\":\"2015-08-19T08:45:17+00:00\",\"dateModified\":\"2019-09-27T09:43:14+00:00\",\"mainEntityOfPage\":{\"@id\":\"https:\\\/\\\/chateausuau.com\\\/fr\\\/le-vin-en-5-evenements-girondins\\\/\"},\"wordCount\":511,\"commentCount\":0,\"image\":{\"@id\":\"https:\\\/\\\/chateausuau.com\\\/fr\\\/le-vin-en-5-evenements-girondins\\\/#primaryimage\"},\"thumbnailUrl\":\"https:\\\/\\\/chateausuau.com\\\/wp-content\\\/uploads\\\/2015\\\/08\\\/14332713620-65da38593b-z.jpg\",\"articleSection\":[\"Encyclop\u00e9die du Vin\"],\"inLanguage\":\"fr-FR\",\"potentialAction\":[{\"@type\":\"CommentAction\",\"name\":\"Comment\",\"target\":[\"https:\\\/\\\/chateausuau.com\\\/fr\\\/le-vin-en-5-evenements-girondins\\\/#respond\"]}]},{\"@type\":\"WebPage\",\"@id\":\"https:\\\/\\\/chateausuau.com\\\/fr\\\/le-vin-en-5-evenements-girondins\\\/\",\"url\":\"https:\\\/\\\/chateausuau.com\\\/fr\\\/le-vin-en-5-evenements-girondins\\\/\",\"name\":\"Le vin en 5 \u00e9v\u00e9nements girondins - ChateauSuau.com\",\"isPartOf\":{\"@id\":\"https:\\\/\\\/chateausuau.com\\\/fr\\\/#website\"},\"primaryImageOfPage\":{\"@id\":\"https:\\\/\\\/chateausuau.com\\\/fr\\\/le-vin-en-5-evenements-girondins\\\/#primaryimage\"},\"image\":{\"@id\":\"https:\\\/\\\/chateausuau.com\\\/fr\\\/le-vin-en-5-evenements-girondins\\\/#primaryimage\"},\"thumbnailUrl\":\"https:\\\/\\\/chateausuau.com\\\/wp-content\\\/uploads\\\/2015\\\/08\\\/14332713620-65da38593b-z.jpg\",\"datePublished\":\"2015-08-19T08:45:17+00:00\",\"dateModified\":\"2019-09-27T09:43:14+00:00\",\"author\":{\"@id\":\"https:\\\/\\\/chateausuau.com\\\/fr\\\/#\\\/schema\\\/person\\\/7695626c546785060dfc3df2c873f634\"},\"description\":\"Le vin en 5 \u00e9v\u00e9nements girondins\",\"breadcrumb\":{\"@id\":\"https:\\\/\\\/chateausuau.com\\\/fr\\\/le-vin-en-5-evenements-girondins\\\/#breadcrumb\"},\"inLanguage\":\"fr-FR\",\"potentialAction\":[{\"@type\":\"ReadAction\",\"target\":[\"https:\\\/\\\/chateausuau.com\\\/fr\\\/le-vin-en-5-evenements-girondins\\\/\"]}]},{\"@type\":\"ImageObject\",\"inLanguage\":\"fr-FR\",\"@id\":\"https:\\\/\\\/chateausuau.com\\\/fr\\\/le-vin-en-5-evenements-girondins\\\/#primaryimage\",\"url\":\"https:\\\/\\\/chateausuau.com\\\/wp-content\\\/uploads\\\/2015\\\/08\\\/14332713620-65da38593b-z.jpg\",\"contentUrl\":\"https:\\\/\\\/chateausuau.com\\\/wp-content\\\/uploads\\\/2015\\\/08\\\/14332713620-65da38593b-z.jpg\",\"width\":640,\"height\":426},{\"@type\":\"BreadcrumbList\",\"@id\":\"https:\\\/\\\/chateausuau.com\\\/fr\\\/le-vin-en-5-evenements-girondins\\\/#breadcrumb\",\"itemListElement\":[{\"@type\":\"ListItem\",\"position\":1,\"name\":\"Accueil\",\"item\":\"https:\\\/\\\/chateausuau.com\\\/fr\\\/\"},{\"@type\":\"ListItem\",\"position\":2,\"name\":\"Le vin en 5 \u00e9v\u00e9nements girondins\"}]},{\"@type\":\"WebSite\",\"@id\":\"https:\\\/\\\/chateausuau.com\\\/fr\\\/#website\",\"url\":\"https:\\\/\\\/chateausuau.com\\\/fr\\\/\",\"name\":\"Chateau Suau\",\"description\":\"Chateau Suau Winery. Official Webiste\",\"potentialAction\":[{\"@type\":\"SearchAction\",\"target\":{\"@type\":\"EntryPoint\",\"urlTemplate\":\"https:\\\/\\\/chateausuau.com\\\/fr\\\/?s={search_term_string}\"},\"query-input\":{\"@type\":\"PropertyValueSpecification\",\"valueRequired\":true,\"valueName\":\"search_term_string\"}}],\"inLanguage\":\"fr-FR\"},{\"@type\":\"Person\",\"@id\":\"https:\\\/\\\/chateausuau.com\\\/fr\\\/#\\\/schema\\\/person\\\/7695626c546785060dfc3df2c873f634\",\"name\":\"Solene Duclos\",\"image\":{\"@type\":\"ImageObject\",\"inLanguage\":\"fr-FR\",\"@id\":\"https:\\\/\\\/secure.gravatar.com\\\/avatar\\\/79d22ce2b51d27b4a157142373687d3b1dd6bbed818fa1a44a10a03037525bd3?s=96&d=mm&r=g\",\"url\":\"https:\\\/\\\/secure.gravatar.com\\\/avatar\\\/79d22ce2b51d27b4a157142373687d3b1dd6bbed818fa1a44a10a03037525bd3?s=96&d=mm&r=g\",\"contentUrl\":\"https:\\\/\\\/secure.gravatar.com\\\/avatar\\\/79d22ce2b51d27b4a157142373687d3b1dd6bbed818fa1a44a10a03037525bd3?s=96&d=mm&r=g\",\"caption\":\"Solene Duclos\"}}]}<\/script>\n<!-- \/ Yoast SEO plugin. -->","yoast_head_json":{"title":"Le vin en 5 \u00e9v\u00e9nements girondins - ChateauSuau.com","description":"Le vin en 5 \u00e9v\u00e9nements girondins","robots":{"index":"index","follow":"follow","max-snippet":"max-snippet:-1","max-image-preview":"max-image-preview:large","max-video-preview":"max-video-preview:-1"},"canonical":"https:\/\/chateausuau.com\/fr\/le-vin-en-5-evenements-girondins\/","og_locale":"fr_FR","og_type":"article","og_title":"Le vin en 5 \u00e9v\u00e9nements girondins - ChateauSuau.com","og_description":"Le vin en 5 \u00e9v\u00e9nements girondins","og_url":"https:\/\/chateausuau.com\/fr\/le-vin-en-5-evenements-girondins\/","og_site_name":"Chateau Suau","article_published_time":"2015-08-19T08:45:17+00:00","article_modified_time":"2019-09-27T09:43:14+00:00","og_image":[{"width":640,"height":426,"url":"https:\/\/chateausuau.com\/wp-content\/uploads\/2015\/08\/14332713620-65da38593b-z.jpg","type":"image\/jpeg"}],"author":"Solene Duclos","twitter_misc":{"\u00c9crit par":"Solene Duclos","Dur\u00e9e de lecture estim\u00e9e":"2 minutes"},"schema":{"@context":"https:\/\/schema.org","@graph":[{"@type":"Article","@id":"https:\/\/chateausuau.com\/fr\/le-vin-en-5-evenements-girondins\/#article","isPartOf":{"@id":"https:\/\/chateausuau.com\/fr\/le-vin-en-5-evenements-girondins\/"},"author":{"name":"Solene Duclos","@id":"https:\/\/chateausuau.com\/fr\/#\/schema\/person\/7695626c546785060dfc3df2c873f634"},"headline":"Le vin en 5 \u00e9v\u00e9nements girondins","datePublished":"2015-08-19T08:45:17+00:00","dateModified":"2019-09-27T09:43:14+00:00","mainEntityOfPage":{"@id":"https:\/\/chateausuau.com\/fr\/le-vin-en-5-evenements-girondins\/"},"wordCount":511,"commentCount":0,"image":{"@id":"https:\/\/chateausuau.com\/fr\/le-vin-en-5-evenements-girondins\/#primaryimage"},"thumbnailUrl":"https:\/\/chateausuau.com\/wp-content\/uploads\/2015\/08\/14332713620-65da38593b-z.jpg","articleSection":["Encyclop\u00e9die du Vin"],"inLanguage":"fr-FR","potentialAction":[{"@type":"CommentAction","name":"Comment","target":["https:\/\/chateausuau.com\/fr\/le-vin-en-5-evenements-girondins\/#respond"]}]},{"@type":"WebPage","@id":"https:\/\/chateausuau.com\/fr\/le-vin-en-5-evenements-girondins\/","url":"https:\/\/chateausuau.com\/fr\/le-vin-en-5-evenements-girondins\/","name":"Le vin en 5 \u00e9v\u00e9nements girondins - ChateauSuau.com","isPartOf":{"@id":"https:\/\/chateausuau.com\/fr\/#website"},"primaryImageOfPage":{"@id":"https:\/\/chateausuau.com\/fr\/le-vin-en-5-evenements-girondins\/#primaryimage"},"image":{"@id":"https:\/\/chateausuau.com\/fr\/le-vin-en-5-evenements-girondins\/#primaryimage"},"thumbnailUrl":"https:\/\/chateausuau.com\/wp-content\/uploads\/2015\/08\/14332713620-65da38593b-z.jpg","datePublished":"2015-08-19T08:45:17+00:00","dateModified":"2019-09-27T09:43:14+00:00","author":{"@id":"https:\/\/chateausuau.com\/fr\/#\/schema\/person\/7695626c546785060dfc3df2c873f634"},"description":"Le vin en 5 \u00e9v\u00e9nements girondins","breadcrumb":{"@id":"https:\/\/chateausuau.com\/fr\/le-vin-en-5-evenements-girondins\/#breadcrumb"},"inLanguage":"fr-FR","potentialAction":[{"@type":"ReadAction","target":["https:\/\/chateausuau.com\/fr\/le-vin-en-5-evenements-girondins\/"]}]},{"@type":"ImageObject","inLanguage":"fr-FR","@id":"https:\/\/chateausuau.com\/fr\/le-vin-en-5-evenements-girondins\/#primaryimage","url":"https:\/\/chateausuau.com\/wp-content\/uploads\/2015\/08\/14332713620-65da38593b-z.jpg","contentUrl":"https:\/\/chateausuau.com\/wp-content\/uploads\/2015\/08\/14332713620-65da38593b-z.jpg","width":640,"height":426},{"@type":"BreadcrumbList","@id":"https:\/\/chateausuau.com\/fr\/le-vin-en-5-evenements-girondins\/#breadcrumb","itemListElement":[{"@type":"ListItem","position":1,"name":"Accueil","item":"https:\/\/chateausuau.com\/fr\/"},{"@type":"ListItem","position":2,"name":"Le vin en 5 \u00e9v\u00e9nements girondins"}]},{"@type":"WebSite","@id":"https:\/\/chateausuau.com\/fr\/#website","url":"https:\/\/chateausuau.com\/fr\/","name":"Chateau Suau","description":"Chateau Suau Winery. Official Webiste","potentialAction":[{"@type":"SearchAction","target":{"@type":"EntryPoint","urlTemplate":"https:\/\/chateausuau.com\/fr\/?s={search_term_string}"},"query-input":{"@type":"PropertyValueSpecification","valueRequired":true,"valueName":"search_term_string"}}],"inLanguage":"fr-FR"},{"@type":"Person","@id":"https:\/\/chateausuau.com\/fr\/#\/schema\/person\/7695626c546785060dfc3df2c873f634","name":"Solene Duclos","image":{"@type":"ImageObject","inLanguage":"fr-FR","@id":"https:\/\/secure.gravatar.com\/avatar\/79d22ce2b51d27b4a157142373687d3b1dd6bbed818fa1a44a10a03037525bd3?s=96&d=mm&r=g","url":"https:\/\/secure.gravatar.com\/avatar\/79d22ce2b51d27b4a157142373687d3b1dd6bbed818fa1a44a10a03037525bd3?s=96&d=mm&r=g","contentUrl":"https:\/\/secure.gravatar.com\/avatar\/79d22ce2b51d27b4a157142373687d3b1dd6bbed818fa1a44a10a03037525bd3?s=96&d=mm&r=g","caption":"Solene Duclos"}}]}},"_links":{"self":[{"href":"https:\/\/chateausuau.com\/fr\/wp-json\/wp\/v2\/posts\/1299","targetHints":{"allow":["GET"]}}],"collection":[{"href":"https:\/\/chateausuau.com\/fr\/wp-json\/wp\/v2\/posts"}],"about":[{"href":"https:\/\/chateausuau.com\/fr\/wp-json\/wp\/v2\/types\/post"}],"author":[{"embeddable":true,"href":"https:\/\/chateausuau.com\/fr\/wp-json\/wp\/v2\/users\/6"}],"replies":[{"embeddable":true,"href":"https:\/\/chateausuau.com\/fr\/wp-json\/wp\/v2\/comments?post=1299"}],"version-history":[{"count":0,"href":"https:\/\/chateausuau.com\/fr\/wp-json\/wp\/v2\/posts\/1299\/revisions"}],"wp:featuredmedia":[{"embeddable":true,"href":"https:\/\/chateausuau.com\/fr\/wp-json\/wp\/v2\/media\/1301"}],"wp:attachment":[{"href":"https:\/\/chateausuau.com\/fr\/wp-json\/wp\/v2\/media?parent=1299"}],"wp:term":[{"taxonomy":"category","embeddable":true,"href":"https:\/\/chateausuau.com\/fr\/wp-json\/wp\/v2\/categories?post=1299"},{"taxonomy":"post_tag","embeddable":true,"href":"https:\/\/chateausuau.com\/fr\/wp-json\/wp\/v2\/tags?post=1299"}],"curies":[{"name":"wp","href":"https:\/\/api.w.org\/{rel}","templated":true}]}}